{"id":8000,"date":"2022-07-01T20:39:03","date_gmt":"2022-07-01T20:39:03","guid":{"rendered":"https:\/\/www.affinite.fr\/index.php\/2022\/07\/01\/quiz-cobra-prouvez-que-vous-etes-un-vrai-pirate-de-lespace-en-7-questions-news-series-a-la-tv\/"},"modified":"2022-07-01T20:39:03","modified_gmt":"2022-07-01T20:39:03","slug":"quiz-cobra-prouvez-que-vous-etes-un-vrai-pirate-de-lespace-en-7-questions-news-series-a-la-tv","status":"publish","type":"post","link":"http:\/\/www.affinite.fr\/index.php\/2022\/07\/01\/quiz-cobra-prouvez-que-vous-etes-un-vrai-pirate-de-lespace-en-7-questions-news-series-a-la-tv\/","title":{"rendered":"Quiz Cobra : prouvez que vous \u00eates un vrai pirate de l&rsquo;espace en 7 questions ! &#8211; News S\u00e9ries \u00e0 la TV"},"content":{"rendered":"<p> [ad_1]<br \/>\n<br \/><img decoding=\"async\" src=\"http:\/\/fr.web.img3.acsta.net\/newsv7\/22\/06\/28\/16\/37\/1938406.jpg\" \/><\/p>\n<p>Un cigare viss\u00e9 dans le bec, toujours prompt \u00e0 sauver la veuve et l&rsquo;orphelin, infatigable s\u00e9ducteur, pourfendeur des pirates de l&rsquo;espace, Cobra a laiss\u00e9 une trace ind\u00e9l\u00e9bile sur petit \u00e9cran. Testez vos connaissances sur la s\u00e9rie anim\u00e9e culte !<\/p>\n<div id=\"article-content\">\n<figure class=\"player player-auto-play js-player\" data-model=\"{&quot;videos&quot;:[{&quot;id&quot;:19566419,&quot;idDailymotion&quot;:&quot;x8a462j&quot;,&quot;sources&quot;:{&quot;high&quot;:&quot;https:\/\/fr.vid.web.acsta.net\/nmedia\/33\/16\/11\/16\/17\/19566419_hd_013.mp4&quot;,&quot;low&quot;:&quot;https:\/\/fr.vid.web.acsta.net\/nmedia\/33\/16\/11\/16\/17\/19566419_l_013.mp4&quot;,&quot;medium&quot;:&quot;https:\/\/fr.vid.web.acsta.net\/nmedia\/33\/16\/11\/16\/17\/19566419_m_013.mp4&quot;,&quot;standard&quot;:&quot;https:\/\/fr.vid.web.acsta.net\/nmedia\/33\/16\/11\/16\/17\/19566419_sd_013.mp4&quot;},&quot;image&quot;:&quot;\/videothumbnails\/16\/11\/16\/17\/27\/402393.jpg&quot;,&quot;title&quot;:&quot;Top 5 Nu00b0798 - Les pirates de l'espace&quot;,&quot;trackingIdentifier&quot;:&quot;19566419-hissez_la_grand_voile_moussaillons_et_apres_on_passe_en_vitesse_lumiere&quot;,&quot;embedUrl&quot;:&quot;ACraHRACr0cHM6Ly9wbGF5ZXIuYWxsb2NpbmUuZnIvMTk1NjY0MTkuaHRtbA==&quot;,&quot;file_type&quot;:&quot;TV_PROGRAM&quot;,&quot;description&quot;:&quot;&lt;i&gt;&quot;Hissez la grand-voile, moussaillons ! Et apru00e8s on passe en vitesse lumiu00e8re !&quot;&lt;\/i&gt;&quot;,&quot;duration&quot;:183,&quot;view_count&quot;:14050,&quot;added_at&quot;:{&quot;date&quot;:&quot;2016-11-21 05:00:00.000000&quot;,&quot;timezone_type&quot;:3,&quot;timezone&quot;:&quot;Europe\/Paris&quot;},&quot;metas&quot;:{&quot;id_main_show&quot;:null,&quot;name_main_show&quot;:null,&quot;image_main_show&quot;:null,&quot;id_main_movie&quot;:35142,&quot;name_main_movie&quot;:&quot;La Planu00e8te au tru00e9sor, un nouvel univers&quot;,&quot;image_main_movie&quot;:&quot;\/medias\/nmedia\/00\/02\/53\/09\/affiche2.jpg&quot;,&quot;id_main_series&quot;:null,&quot;name_main_series&quot;:null,&quot;image_main_series&quot;:null,&quot;id_main_season&quot;:null,&quot;name_main_season&quot;:null,&quot;image_main_season&quot;:null,&quot;main_season_number&quot;:null,&quot;id_main_person&quot;:null,&quot;name_main_person&quot;:null,&quot;image_main_person&quot;:null,&quot;use_portal&quot;:null,&quot;release_date_main_movie&quot;:null,&quot;nb_days_release_main_movie&quot;:null,&quot;id_meta_category&quot;:null,&quot;name_meta_category&quot;:null,&quot;localized_file_type&quot;:null,&quot;trans_file_type&quot;:null,&quot;main_movie_type&quot;:null,&quot;main_season_rating&quot;:null,&quot;main_series_rating&quot;:null,&quot;main_season_user_note_count&quot;:null,&quot;genre_main_movie&quot;:null,&quot;genre_main_series&quot;:null,&quot;release_status_movie&quot;:null,&quot;release_status_series&quot;:null},&quot;is_emergence_inhibited&quot;:false,&quot;relatedEntityType&quot;:&quot;movie&quot;,&quot;relatedEntityId&quot;:35142,&quot;relatedEntityTitle&quot;:&quot;La Planu00e8te au tru00e9sor, un nouvel univers&quot;,&quot;relatedEntityUrl&quot;:&quot;ACraHRACr0cHM6Ly93d3cuYWxsb2NpbmUuZnIvZmlsbS9maWNoZWZpbG1fZ2VuX2NmaWxtPTM1MTQyLmh0bWw=&quot;,&quot;mediaUrl&quot;:&quot;ACraHRACr0cHM6Ly93d3cuYWxsb2NpbmUuZnIvdmlkZW8vcGxheWVyX2dlbl9jbWVkaWE9MTk1NjY0MTkmY2ZpbG09MzUxNDIuaHRtbA==&quot;,&quot;relatedEntityTrackingIdentifier&quot;:&quot;35142-la_planete_au_tresor_un_nouvel_univers&quot;,&quot;genres&quot;:[&quot;ADVENTURE&quot;,&quot;ANIMATION&quot;,&quot;SCIENCE_FICTION&quot;],&quot;relatedEntityDistributor&quot;:null,&quot;relatedEntityDistributorId&quot;:null,&quot;entityStatus&quot;:null}],&quot;disablePreroll&quot;:false,&quot;disablePostroll&quot;:false,&quot;endScreen&quot;:true,&quot;context&quot;:&quot;newspage_news&quot;,&quot;launch&quot;:&quot;auto-play&quot;,&quot;followScroll&quot;:true,&quot;editorialContent&quot;:&quot;18711291-quiz_cobra_prouvez_que_vous_etes_un_vrai_pirate_de_l_espace_en_7_questions&quot;,&quot;disableAutoPause&quot;:true,&quot;player_position&quot;:&quot;playertop&quot;}\" data-thumb=\"https:\/\/fr.web.img5.acsta.net\/r_640_360\/videothumbnails\/16\/11\/16\/17\/27\/402393.jpg\">\n<\/figure>\n<p>On ne compte plus les s\u00e9ries anim\u00e9es, japonaises ou non d&rsquo;ailleurs, qui ont durablement marqu\u00e9 notre enfance, que l&rsquo;on soit n\u00e9 dans les ann\u00e9es 70, 80 ou 90 : <a title=\"Cobra (Japon) (Animation)\" href=\"http:\/\/www.allocine.fr\/series\/ficheserie_gen_cserie=3661.html\">Cobra<\/a>, <a title=\"Inspecteur Gadget (U.S.A.,Canada) (Animation,Action,Com\u00e9die)\" href=\"http:\/\/www.allocine.fr\/series\/ficheserie_gen_cserie=18944.html\">Inspecteur gadget<\/a>, <a title=\"Cosmocats (U.S.A.) (Animation,Science fiction,Action,Aventure)\" href=\"http:\/\/www.allocine.fr\/series\/ficheserie_gen_cserie=4556.html\">Cosmocats<\/a>, <a title=\"MASK (France,Canada,U.S.A.,Japon) (Animation)\" href=\"http:\/\/www.allocine.fr\/series\/ficheserie_gen_cserie=5116.html\">Mask<\/a>, <a title=\"Princesse Sarah (Japon) (Animation,Drame)\" href=\"http:\/\/www.allocine.fr\/series\/ficheserie_gen_cserie=3577.html\">Princesse Sarah<\/a>, <a title=\"Jeanne &amp; Serge (Japon) (Com\u00e9die,Romance)\" href=\"http:\/\/www.allocine.fr\/series\/ficheserie_gen_cserie=3621.html\">Jeanne et Serge<\/a>, <a title=\"Ken le survivant (Japon) (Animation,Action)\" href=\"http:\/\/www.allocine.fr\/series\/ficheserie_gen_cserie=3938.html\">Ken le survivant<\/a>, <a title=\"Denver, le dernier dinosaure (U.S.A.) (Animation)\" href=\"http:\/\/www.allocine.fr\/series\/ficheserie_gen_cserie=4426.html\">Denver le dernier dinosaure<\/a>, <a title=\"Nicky Larson (Japon) (Animation,Action,Policier)\" href=\"http:\/\/www.allocine.fr\/series\/ficheserie_gen_cserie=3510.html\">Nicky Larson<\/a>, <a title=\"Lady Oscar (Japon) (Drame,Romance)\" href=\"http:\/\/www.allocine.fr\/series\/ficheserie_gen_cserie=4640.html\">Lady Oscar<\/a>, <a title=\"Olive et Tom (Japon) (Animation)\" href=\"http:\/\/www.allocine.fr\/series\/ficheserie_gen_cserie=3619.html\">Olive &amp; Tom<\/a>, <a title=\"Les Myst\u00e9rieuses cit\u00e9s d'or (Luxembourg,Japon,France) (Animation)\" href=\"http:\/\/www.allocine.fr\/series\/ficheserie_gen_cserie=763.html\">Les Myst\u00e9rieuses cit\u00e9s d&rsquo;or<\/a>, <a title=\"Ulysse 31 (France,Japon) (Animation)\" href=\"http:\/\/www.allocine.fr\/series\/ficheserie_gen_cserie=4123.html\">Ulysse 31<\/a>&#8230; La liste est sans fin, ou presque.<\/p>\n<p>Inspir\u00e9e de la nouvelle <i>Souvenirs \u00e0 vendre<\/i> de\u00a0<a title=\"Philip K. Dick (U.S.A.) (D'apr\u00e8s l'oeuvre de)\" href=\"http:\/\/www.allocine.fr\/personne\/fichepersonne_gen_cpersonne=78024.html\">Philip K. Dick<\/a> (et non du film\u00a0<a title=\"Total Recall (U.S.A.) - 1990 (Science fiction,Thriller,Action)\" href=\"http:\/\/www.allocine.fr\/film\/fichefilm_gen_cfilm=6079.html\">Total Recall<\/a> qui vit le jour quelques ann\u00e9es plus tard), <strong>Cobra<\/strong> est une s\u00e9rie de science-fiction en 31 \u00e9pisodes de 24 minutes, cr\u00e9\u00e9e par Akio Sugino et\u00a0<a title=\"Osamu Dezaki (Ind\u00e9fini) (R\u00e9alisateur)\" href=\"http:\/\/www.allocine.fr\/personne\/fichepersonne_gen_cpersonne=30541.html\">Osamu Dezaki<\/a>,\u00a0d&rsquo;apr\u00e8s le manga du m\u00eame nom de <a title=\"Buichi Terasawa (Ind\u00e9fini) (Cr\u00e9ateur,D'apr\u00e8s l'oeuvre de)\" href=\"http:\/\/www.allocine.fr\/personne\/fichepersonne_gen_cpersonne=218301.html\">Buichi Terasawa<\/a>.<\/p>\n<p>M\u00e9lange d&rsquo;action et de com\u00e9die, voyant un h\u00e9ros le cigare en bouche rouler des m\u00e9caniques devant de superbes femmes tandis qu&rsquo;il enqu\u00eate sur son pass\u00e9 apr\u00e8s qu&rsquo;il ait d\u00e9cid\u00e9 de changer d&rsquo;identit\u00e9 et d&rsquo;effacer ses souvenirs pour \u00e9chapper \u00e0 ses ennemis, la s\u00e9rie anim\u00e9e a laiss\u00e9 une trace ind\u00e9l\u00e9bile dans la m\u00e9moire des fans. 40 ans apr\u00e8s sa toute premi\u00e8re diffusion \u00e0 la TV japonaise, puis en France \u00e0 partir de f\u00e9vrier 1985 dans la mythique \u00e9mission jeunesse Cabou Cadin sur Canal+, le plaisir de retrouver le personnage est intact.<\/p>\n<p>En 2010, pour f\u00eater ses 30 ans, le plus c\u00e9l\u00e8bre pirate de l&rsquo;espace s\u2019\u00e9tait offert une cure de rajeunissement. Apr\u00e8s deux s\u00e9ries d&rsquo;OAV r\u00e9alis\u00e9es en 2008, les fans ont pu d\u00e9couvrir 13 \u00e9pisodes in\u00e9dits adapt\u00e9s de 6 histoires du manga original et in\u00e9dites en anim\u00e9.<\/p>\n<p>Un univers foisonnant et fascinant que celui de <strong>Cobra<\/strong>, que\u00a0<a title=\"Alexandre Aja (France) (R\u00e9alisateur,Producteur,Sc\u00e9nariste)\" href=\"http:\/\/www.allocine.fr\/personne\/fichepersonne_gen_cpersonne=32386.html\">Alexandre Aja<\/a> r\u00eave depuis des ann\u00e9es d&rsquo;adapter au cin\u00e9ma&#8230; Nous l&rsquo;avions d&rsquo;ailleurs interrog\u00e9 en 2018 \u00e0 ce sujet. <i>\u00ab\u00a0J\u2019esp\u00e8re encore qu\u2019il va se faire, malheureusement c\u2019est vrai que\u00a0<a title=\"Les Gardiens de la Galaxie (U.S.A.) - 2014 (Science fiction,Action)\" href=\"http:\/\/www.allocine.fr\/film\/fichefilm_gen_cfilm=196604.html\">Les Gardiens de la Galaxie<\/a> nous ont coup\u00e9 l\u2019herbe sous le pied et ont ralenti le processus\u00a0\u00bb <\/i>nous racontait-il.<\/p>\n<p>Ajoutant\u00a0 :<i> \u00ab\u00a0Ce n\u2019est pas un projet que j\u2019abandonne encore, j\u2019y crois vraiment. [&#8230;] Je ne veux pas encore me mettre dans la perspective d\u2019un tr\u00e8s beau <a href=\"http:\/\/www.affinite.fr\/index.php\/2023\/08\/24\/lart-de-la-glace-transforme-en-business-la-vision-unique-de-fabien-gris\/\">livre<\/a> qui raconte ce que le film aurait \u00e9t\u00e9. Ca arrivera peut-\u00eatre un jour, mais pour le moment on continue \u00e0 se battre pour que \u00e7a existe\u00a0\u00bb. <\/i>Et depuis ? Plus de nouvelles&#8230;<\/p>\n<\/div>\n<p>[ad_2]<br \/>\n<br \/><a href=\"http:\/\/www.allocine.fr\/article\/fichearticle_gen_carticle=18711291.html\">Source link <\/a><\/p>\n","protected":false},"excerpt":{"rendered":"<p>[ad_1] Un cigare viss\u00e9 dans le bec, toujours prompt \u00e0 sauver la veuve et l&rsquo;orphelin, infatigable s\u00e9ducteur, pourfendeur des pirates &hellip; <a href=\"http:\/\/www.affinite.fr\/index.php\/2022\/07\/01\/quiz-cobra-prouvez-que-vous-etes-un-vrai-pirate-de-lespace-en-7-questions-news-series-a-la-tv\/\" class=\"more-link\">Plus <span class=\"screen-reader-text\">Quiz Cobra : prouvez que vous \u00eates un vrai pirate de l&rsquo;espace en 7 questions ! &#8211; News S\u00e9ries \u00e0 la TV<\/span> <span class=\"meta-nav\">&rarr;<\/span><\/a><\/p>\n","protected":false},"author":1,"featured_media":8001,"comment_status":"","ping_status":"open","sticky":false,"template":"","format":"standard","meta":{"_sitemap_exclude":false,"_sitemap_priority":"","_sitemap_frequency":"","footnotes":""},"categories":[1],"tags":[],"class_list":["post-8000","post","type-post","status-publish","format-standard","has-post-thumbnail","hentry","category-tous"],"_links":{"self":[{"href":"http:\/\/www.affinite.fr\/index.php\/wp-json\/wp\/v2\/posts\/8000"}],"collection":[{"href":"http:\/\/www.affinite.fr\/index.php\/wp-json\/wp\/v2\/posts"}],"about":[{"href":"http:\/\/www.affinite.fr\/index.php\/wp-json\/wp\/v2\/types\/post"}],"author":[{"embeddable":true,"href":"http:\/\/www.affinite.fr\/index.php\/wp-json\/wp\/v2\/users\/1"}],"replies":[{"embeddable":true,"href":"http:\/\/www.affinite.fr\/index.php\/wp-json\/wp\/v2\/comments?post=8000"}],"version-history":[{"count":0,"href":"http:\/\/www.affinite.fr\/index.php\/wp-json\/wp\/v2\/posts\/8000\/revisions"}],"wp:featuredmedia":[{"embeddable":true,"href":"http:\/\/www.affinite.fr\/index.php\/wp-json\/wp\/v2\/media\/8001"}],"wp:attachment":[{"href":"http:\/\/www.affinite.fr\/index.php\/wp-json\/wp\/v2\/media?parent=8000"}],"wp:term":[{"taxonomy":"category","embeddable":true,"href":"http:\/\/www.affinite.fr\/index.php\/wp-json\/wp\/v2\/categories?post=8000"},{"taxonomy":"post_tag","embeddable":true,"href":"http:\/\/www.affinite.fr\/index.php\/wp-json\/wp\/v2\/tags?post=8000"}],"curies":[{"name":"wp","href":"https:\/\/api.w.org\/{rel}","templated":true}]}}