{"id":7991,"date":"2022-06-29T01:32:35","date_gmt":"2022-06-29T01:32:35","guid":{"rendered":"https:\/\/www.affinite.fr\/index.php\/2022\/06\/29\/yael-braun-pivet-premiere-femme-a-presider-lassemblee-nationale-parcours-mari-enfants-qui-est-elle\/"},"modified":"2022-06-29T01:32:35","modified_gmt":"2022-06-29T01:32:35","slug":"yael-braun-pivet-premiere-femme-a-presider-lassemblee-nationale-parcours-mari-enfants-qui-est-elle","status":"publish","type":"post","link":"http:\/\/www.affinite.fr\/index.php\/2022\/06\/29\/yael-braun-pivet-premiere-femme-a-presider-lassemblee-nationale-parcours-mari-enfants-qui-est-elle\/","title":{"rendered":"Ya\u00ebl Braun-Pivet, premi\u00e8re femme \u00e0 pr\u00e9sider\u00a0l&#039;Assembl\u00e9e nationale\u00a0: Parcours, Mari, Enfants&#8230; Qui est-elle\u00a0?"},"content":{"rendered":"<p> [ad_1]<br \/>\n<br \/><img decoding=\"async\" src=\"https:\/\/img-3.journaldesfemmes.fr\/P-CCT7S5coIzEw13q59o17srrFM=\/1280x\/smart\/1f99dc685f1845549833ca10efb9d74c\/ccmcms-jdf\/35701774.jpg\" \/><\/p>\n<p><strong>Ya&euml;l Braun-Pivet devient la premi&egrave;re femme au perchoir<\/strong>.&nbsp;En t&ecirc;te du scrutin &agrave; l&#039;issue du premier tour pour l&#039;&eacute;lection &agrave; la pr&eacute;sidence de l&#039;Assembl&eacute;e nationale le 28 juin, la candidate commune de Renaissance, du Modem et d&#039;Horizons a finalement &eacute;t&eacute; &eacute;lue. Elle s&#039;est exprim&eacute;e au perchoir:&nbsp;&quot;<strong><em>Qu&#039;il est long et sinueux le chemin de l&#039;&eacute;galit&eacute; entre les hommes et les femmes.<\/em><\/strong>&nbsp;<em>Il aura fallu attendre pr&egrave;s d&#039;un si&egrave;cle pour qu&#039;enfin 33&nbsp;femmes entrent pour la premi&egrave;re fois dans cet h&eacute;micycle, puis 20&nbsp;ans pour qu&#039;elles acc&egrave;dent &agrave; la pr&eacute;sidence d&#039;une commission<\/em>&quot;.<\/p>\n<div class=\"ccminsert\">\n<blockquote class=\"twitter-tweet\">\n<p dir=\"ltr\" lang=\"fr\">Suite du discours de Ya&euml;l Braun-Pivet (<a href=\"https:\/\/twitter.com\/YaelBRAUNPIVET?ref_src=twsrc%5Etfw\">@YaelBRAUNPIVET<\/a>), &eacute;lue Pr&eacute;sidente de l&#039;Assembl&eacute;e nationale.<a href=\"https:\/\/twitter.com\/hashtag\/DirectAN?src=hash&amp;ref_src=twsrc%5Etfw\">#DirectAN<\/a> <a href=\"https:\/\/twitter.com\/AssembleeNat\/status\/1541832686242861058\/video\/1\">pic.twitter.com\/lBgUgV07G1<\/a><\/p>\n<p>&mdash; Assembl&eacute;e nationale (@AssembleeNat) <a href=\"https:\/\/twitter.com\/AssembleeNat\/status\/1541832686242861058?ref_src=twsrc%5Etfw\">June 28, 2022<\/a><\/p><\/blockquote>\n<\/div>\n<p><strong>La ministre des Outre-mer avait &eacute;t&eacute; &eacute;lue par les d&eacute;put&eacute;s de la majorit&eacute;<\/strong> pour candidater &agrave; la pr&eacute;sidence de l&#039;Assembl&eacute;e nationale. La d&eacute;put&eacute;e des Yvelines s&#039;&eacute;tait d&eacute;j&agrave; pr&eacute;sent&eacute;e en 2018&nbsp;avant de retirer sa candidature face &agrave; Richard Ferrand.<\/p>\n<p>Sur Twitter,&nbsp;Ya&euml;l Braun-Pivet s&#039;est dite &quot;<em>honor&eacute;e de la confiance<\/em>&quot; qui lui &eacute;tait accord&eacute;e pour repr&eacute;senter la majorit&eacute; pr&eacute;sidentielle et salue un &quot;<em>beau moment d&eacute;mocratique<\/em>&quot;. Depuis sa cr&eacute;ation en 1958, l&#039;Institution n&#039;a &eacute;t&eacute; pr&eacute;sid&eacute;e que par des hommes. Une tendance qui pourrait enfin s&#039;inverser.&nbsp;<\/p>\n<h2>Ya&euml;l Braun-Pivet : mari, enfants&#8230;&nbsp;de Nancy &agrave; l&#039;Assembl&eacute;e en passant par Tokyo et Ta&iuml;wan<\/h2>\n<p>N&eacute;e en 1970&nbsp;&agrave; Nancy&nbsp;(Meurthe-et-Moselle),&nbsp;Ya&euml;l Braun-Pivet descend de&nbsp;&quot;l&#039;immigration slave, juive polonaise et juive allemande, avec des grands-parents entr&eacute;s en France avec des visas touristes&quot; pour fuir l&#039;antis&eacute;mitisme, comme le souligne <a href=\"https:\/\/www.lepoint.fr\/politique\/yael-braun-pivet-atypique-presidente-d-une-commission-phare-a-l-assemblee-01-07-2018-2231943_20.php\">Le Point<\/a>. <strong>Avocate p&eacute;naliste,<\/strong> elle officie au barreau de Paris, puis &agrave; celui des Hauts-de-Seine jusqu&#039;en 2003. Elle suit ensuite son mari, cadre sup&eacute;rieur chez l&#039;Or&eacute;al, &agrave; Ta&iuml;wan, puis &agrave; Tokyo, au Japon, avant de mettre le cap sur le Portugal. Elle rentre en France en 2012 avec<strong> son mari et leurs 5&nbsp;enfants.&nbsp;<\/strong><\/p>\n<p><strong>Militante associative<\/strong>, elle lance le r&eacute;seau &quot;acc&egrave;s &agrave; la justice&quot; et assure des permanences juridiques gratuites&nbsp;en 2014. Elle rejoint par la suite Les Restos du c&oelig;ur&nbsp;par &quot;souhait d&#039;&ecirc;tre utile&quot; et dirige b&eacute;n&eacute;volement l&#039;antenne de Chanteloup-les-Vignes en 2015, avant de superviser la cr&eacute;ation du centre d&#039;accueil de Sartrouville, dans lequel elle dirige une centaine de b&eacute;n&eacute;voles. Elle quitte la vie associative lorsqu&#039;elle se lance en politique en 2017, apr&egrave;s avoir adh&eacute;r&eacute; &agrave; &quot;En Marche&quot; fin 2016.<\/p>\n<h2>Ya&euml;l Braun-Pivet, choisie &quot;pour la parit&eacute;&quot; ou &quot;l&eacute;gitime&quot; ?<\/h2>\n<p>Elle est &eacute;lue d&eacute;put&eacute;e lors des l&eacute;gislatives de juin 2017&nbsp;et devient <strong>la deuxi&egrave;me femme &agrave; diriger la commission des Lois<\/strong> sous la Ve R&eacute;publique, 20&nbsp;ans apr&egrave;s Catherine Tasca. Novice, on pointe son &quot;amateurisme&quot;. <strong>Son poste&nbsp;est expos&eacute; et suscite des critiques<\/strong>, certains pensent m&ecirc;me qu&#039;elle l&#039;a obtenu pour que la <a href=\"https:\/\/www.journaldesfemmes.fr\/societe\/guide-pratique\/2676679-droit-a-la-parite-en-france\/\" title=\"Parit&eacute; homme-femme\">parit&eacute;<\/a> soit respect&eacute;e. &quot;J&#039;ai d&eacute;j&agrave; connu ces proc&egrave;s en incomp&eacute;tence pendant la campagne. Mais je me sens l&eacute;gitime &agrave; ma place&quot;, r&eacute;pond-t-elle &agrave; <a href=\"https:\/\/www.nouvelobs.com\/politique\/20170725.OBS2570\/10-choses-a-savoir-sur-yael-braun-pivet-novice-a-l-assemblee.html\">L&#039;Obs<\/a>. Loin d&#039;&ecirc;tre favorite, elle r&eacute;ussit pourtant &agrave; s&#039;imposer&nbsp;: &quot;Je n&#039;avais de relations sp&eacute;ciales avec personne, j&#039;ai pr&eacute;sent&eacute; mon parcours et &eacute;t&eacute; &eacute;lue. Pour une fois, ce n&#039;est ni un ami, ni un &#039;pressenti&#039; et je trouve &ccedil;a bien&nbsp;!&quot;.&nbsp; <strong>Fra&icirc;chement r&eacute;&eacute;lue d&eacute;put&eacute;e des Yvelines<\/strong>, Ya&euml;l Braun-Pivet est peut-&ecirc;tre sur le point de prouver une nouvelle fois &agrave; quel point elle se sent vraiment &agrave; sa place dans le paysage politique fran&ccedil;ais.&nbsp;Le vote des d&eacute;put&eacute;s se tiendra mardi 28&nbsp;juin &agrave; 15h.<\/p>\n<p><script async src=\"https:\/\/platform.twitter.com\/widgets.js\" charset=\"utf-8\"><\/script><br \/>\n<br \/>[ad_2]<br \/>\n<br \/><a href=\"https:\/\/www.journaldesfemmes.fr\/societe\/agir\/2827833-un-femme-a-la-presidence-de-l-assemblee-nationale-qui-est-yael-braun-pivet\/\">Source link <\/a><\/p>\n","protected":false},"excerpt":{"rendered":"<p>[ad_1] Ya&euml;l Braun-Pivet devient la premi&egrave;re femme au perchoir.&nbsp;En t&ecirc;te du scrutin &agrave; l&#039;issue du premier tour pour l&#039;&eacute;lection &agrave; &hellip; <a href=\"http:\/\/www.affinite.fr\/index.php\/2022\/06\/29\/yael-braun-pivet-premiere-femme-a-presider-lassemblee-nationale-parcours-mari-enfants-qui-est-elle\/\" class=\"more-link\">Plus <span class=\"screen-reader-text\">Ya\u00ebl Braun-Pivet, premi\u00e8re femme \u00e0 pr\u00e9sider\u00a0l&#039;Assembl\u00e9e nationale\u00a0: Parcours, Mari, Enfants&#8230; Qui est-elle\u00a0?<\/span> <span class=\"meta-nav\">&rarr;<\/span><\/a><\/p>\n","protected":false},"author":1,"featured_media":7992,"comment_status":"","ping_status":"open","sticky":false,"template":"","format":"standard","meta":{"_sitemap_exclude":false,"_sitemap_priority":"","_sitemap_frequency":"","footnotes":""},"categories":[1],"tags":[],"class_list":["post-7991","post","type-post","status-publish","format-standard","has-post-thumbnail","hentry","category-tous"],"_links":{"self":[{"href":"http:\/\/www.affinite.fr\/index.php\/wp-json\/wp\/v2\/posts\/7991"}],"collection":[{"href":"http:\/\/www.affinite.fr\/index.php\/wp-json\/wp\/v2\/posts"}],"about":[{"href":"http:\/\/www.affinite.fr\/index.php\/wp-json\/wp\/v2\/types\/post"}],"author":[{"embeddable":true,"href":"http:\/\/www.affinite.fr\/index.php\/wp-json\/wp\/v2\/users\/1"}],"replies":[{"embeddable":true,"href":"http:\/\/www.affinite.fr\/index.php\/wp-json\/wp\/v2\/comments?post=7991"}],"version-history":[{"count":0,"href":"http:\/\/www.affinite.fr\/index.php\/wp-json\/wp\/v2\/posts\/7991\/revisions"}],"wp:featuredmedia":[{"embeddable":true,"href":"http:\/\/www.affinite.fr\/index.php\/wp-json\/wp\/v2\/media\/7992"}],"wp:attachment":[{"href":"http:\/\/www.affinite.fr\/index.php\/wp-json\/wp\/v2\/media?parent=7991"}],"wp:term":[{"taxonomy":"category","embeddable":true,"href":"http:\/\/www.affinite.fr\/index.php\/wp-json\/wp\/v2\/categories?post=7991"},{"taxonomy":"post_tag","embeddable":true,"href":"http:\/\/www.affinite.fr\/index.php\/wp-json\/wp\/v2\/tags?post=7991"}],"curies":[{"name":"wp","href":"https:\/\/api.w.org\/{rel}","templated":true}]}}