{"id":799,"date":"2020-03-18T12:43:21","date_gmt":"2020-03-18T12:43:21","guid":{"rendered":"https:\/\/www.affinite.fr\/index.php\/2020\/03\/18\/el-born-le-premier-modele-100-electrique-de-seat-sortira-bien-en-2020-malgre-le-coronavirus\/"},"modified":"2020-03-18T12:43:21","modified_gmt":"2020-03-18T12:43:21","slug":"el-born-le-premier-modele-100-electrique-de-seat-sortira-bien-en-2020-malgre-le-coronavirus","status":"publish","type":"post","link":"http:\/\/www.affinite.fr\/index.php\/2020\/03\/18\/el-born-le-premier-modele-100-electrique-de-seat-sortira-bien-en-2020-malgre-le-coronavirus\/","title":{"rendered":"El Born, le premier mod\u00e8le 100% \u00e9lectrique de Seat, sortira bien en 2020&#8230; malgr\u00e9 le coronavirus"},"content":{"rendered":"<p> [ad_1]<br \/>\n<\/p>\n<div itemprop=\"articleBody\">\n<p>En pleine crise sanitaire et malgr\u00e9 la fermeture de ses usines europ\u00e9ennes pendant au moins deux semaines, <a href=\"https:\/\/www.01net.com\/actualites\/nouvelle-seat-leon-connectee-stylee-mais-surtout-hybride-1848914.html\" target=\"_blank\" rel=\"noopener noreferrer\">Seat<\/a> a maintenu l\u2019annonce de ses r\u00e9sultats financiers.<br \/>Les repr\u00e9sentants de la marque du groupe Volkswagen, et plus particuli\u00e8rement son PDG Herbert Diess, ont tenu \u00e0 confirmer le lancement de l\u2019un des mod\u00e8les les plus attendus de l\u2019ann\u00e9e : l\u2019El Born.\u00a0<\/p>\n<figure class=\"figure text-center\"><img decoding=\"async\" class=\"article-img img-responsive-l\" src=\"https:\/\/img.bfmtv.com\/c\/0\/708\/513\/944ba1970667346ea2113810ccf65.jpg\" alt=\"\"\/><figcaption class=\"figure-caption figcaption color-txt-0 title-xs hidden-xs\">\n                                    Seat<br \/>\n                                                    &#8211; Vue arri\u00e8re du concept El Born.<br \/>\n                            <\/figcaption><\/figure>\n<p>Pour rappel, le d\u00e9veloppement de l\u2019El Born n\u2019est pas uniquement perturb\u00e9 par le Covid-19, il est \u00e9galement d\u00e9pendant de celui d\u2019une autre voiture \u00e9lectrique du groupe : la <a href=\"https:\/\/www.01net.com\/actualites\/volkswagen-id-3-une-voiture-electrique-pour-oublier-definitivement-le-dieselgate-1765315.html\" target=\"_blank\" rel=\"noopener noreferrer\">VW ID.3<\/a>. En effet, l\u2019Espagnole partage la m\u00eame plate-forme technique (MEB) que sa cousine allemande et cette derni\u00e8re fait face \u00e0 d\u2019importants soucis logiciels.<\/p>\n<h3 style=\"color:#333; font-family:arial,helvetica,sans-serif; font-size:23px; font-weight:700\">Une version Cupra encore plus muscl\u00e9e ?<\/h3>\n<p>Pour l\u2019instant les seules informations concernant l\u2019El Born se r\u00e9sument \u00e0 un design approximatif (celui du concept car de 2019) et quelques rumeurs \u00e0 propos de sa motorisation et de sa batterie.<br \/>En effet, \u00e0 l\u2019instar de l\u2019ID.3, l\u2019El Born devrait proposer deux motorisations : 100 kW et 150 kW. Deux niveaux d\u2019autonomie pourraient \u00e9galement \u00eatre propos\u00e9s en option : 45 kWh et 58 kWh. Cette version plus muscl\u00e9e de l\u2019\u00e9lectrique pourrait porter le sceau de Cupra, la division sport de Seat.\u00a0<\/p>\n<aside class=\"bg-color-0 padding-inside-all-s bloc border-s\">\n<h4 class=\"box-txt-normal\">\n<p><strong>\u00c0 d\u00e9couvrir aussi en vid\u00e9o :<\/strong><\/p>\n<\/h4>\n<\/aside>\n<p>En marge de cette confirmation, la consultation des r\u00e9sultats financiers de Seat permet de lire que l\u2019objectif de lancer \u00ab\u00a075 v\u00e9hicules \u00e9lectriques et 60 hybrides rechargeables d\u2019ici 2029\u00a0\u00bb est maintenu faisant ainsi de la marque espagnole l\u2019une des plus ambitieuses en mati\u00e8re d\u2019\u00e9lectrification.\u00a0<\/p>\n<\/p><\/div>\n<p><script>\n         !function(f,b,e,v,n,t,s){if(f.fbq)return;n=f.fbq=function()\n         {n.callMethod? n.callMethod.apply(n,arguments):n.queue.push(arguments)}\n         ;if(!f._fbq)f._fbq=n;\n             n.push=n;n.loaded=!0;n.version='2.0';n.queue=[];t=b.createElement(e);t.async=!0;\n             t.src=v;s=b.getElementsByTagName(e)[0];s.parentNode.insertBefore(t,s)}(window,\n                 document,'script','https:\/\/connect.facebook.net\/en_US\/fbevents.js');\n         fbq('init', '1065890633454496');\n         fbq('track', 'PageView');\n     <\/script><br \/>\n<br \/>[ad_2]<br \/>\n<br \/><a href=\"https:\/\/www.01net.com\/actualites\/el-born-le-premier-modele-100percent-electrique-de-seat-sortira-bien-en-2020-malgre-le-coronavirus-1877071.html\">Source link <\/a><\/p>\n","protected":false},"excerpt":{"rendered":"<p>[ad_1] En pleine crise sanitaire et malgr\u00e9 la fermeture de ses usines europ\u00e9ennes pendant au moins deux semaines, Seat a &hellip; <a href=\"http:\/\/www.affinite.fr\/index.php\/2020\/03\/18\/el-born-le-premier-modele-100-electrique-de-seat-sortira-bien-en-2020-malgre-le-coronavirus\/\" class=\"more-link\">Plus <span class=\"screen-reader-text\">El Born, le premier mod\u00e8le 100% \u00e9lectrique de Seat, sortira bien en 2020&#8230; malgr\u00e9 le coronavirus<\/span> <span class=\"meta-nav\">&rarr;<\/span><\/a><\/p>\n","protected":false},"author":1,"featured_media":800,"comment_status":"open","ping_status":"open","sticky":false,"template":"","format":"standard","meta":{"_sitemap_exclude":false,"_sitemap_priority":"","_sitemap_frequency":"","footnotes":""},"categories":[1],"tags":[],"class_list":["post-799","post","type-post","status-publish","format-standard","has-post-thumbnail","hentry","category-tous"],"_links":{"self":[{"href":"http:\/\/www.affinite.fr\/index.php\/wp-json\/wp\/v2\/posts\/799"}],"collection":[{"href":"http:\/\/www.affinite.fr\/index.php\/wp-json\/wp\/v2\/posts"}],"about":[{"href":"http:\/\/www.affinite.fr\/index.php\/wp-json\/wp\/v2\/types\/post"}],"author":[{"embeddable":true,"href":"http:\/\/www.affinite.fr\/index.php\/wp-json\/wp\/v2\/users\/1"}],"replies":[{"embeddable":true,"href":"http:\/\/www.affinite.fr\/index.php\/wp-json\/wp\/v2\/comments?post=799"}],"version-history":[{"count":0,"href":"http:\/\/www.affinite.fr\/index.php\/wp-json\/wp\/v2\/posts\/799\/revisions"}],"wp:featuredmedia":[{"embeddable":true,"href":"http:\/\/www.affinite.fr\/index.php\/wp-json\/wp\/v2\/media\/800"}],"wp:attachment":[{"href":"http:\/\/www.affinite.fr\/index.php\/wp-json\/wp\/v2\/media?parent=799"}],"wp:term":[{"taxonomy":"category","embeddable":true,"href":"http:\/\/www.affinite.fr\/index.php\/wp-json\/wp\/v2\/categories?post=799"},{"taxonomy":"post_tag","embeddable":true,"href":"http:\/\/www.affinite.fr\/index.php\/wp-json\/wp\/v2\/tags?post=799"}],"curies":[{"name":"wp","href":"https:\/\/api.w.org\/{rel}","templated":true}]}}