{"id":7989,"date":"2022-06-28T01:30:16","date_gmt":"2022-06-28T01:30:16","guid":{"rendered":"https:\/\/www.affinite.fr\/index.php\/2022\/06\/28\/casting-jures-primes-tout-ce-que-lon-sait-deja\/"},"modified":"2022-06-28T01:30:16","modified_gmt":"2022-06-28T01:30:16","slug":"casting-jures-primes-tout-ce-que-lon-sait-deja","status":"publish","type":"post","link":"http:\/\/www.affinite.fr\/index.php\/2022\/06\/28\/casting-jures-primes-tout-ce-que-lon-sait-deja\/","title":{"rendered":"casting, jur\u00e9s, primes\u2026 Tout ce que l&rsquo;on sait d\u00e9j\u00e0"},"content":{"rendered":"<p> [ad_1]<br \/>\n<br \/><img decoding=\"async\" src=\"https:\/\/img-3.journaldesfemmes.fr\/ocX8X70Scr4v1ADG24T-wOoNRQ8=\/1280x\/smart\/49891e3bae684e38a3aadb049bc3f7f3\/ccmcms-jdf\/35669401.jpg\" \/><\/p>\n<p>\n                Apr\u00e8s quasiment dix ann\u00e9es d&rsquo;absence, la \u00ab\u00a0Star Academy\u00a0\u00bb s&rsquo;appr\u00eate \u00e0 faire son retour sur nos \u00e9crans. Et si la production n&rsquo;a encore d\u00e9voil\u00e9 que peu d&rsquo;informations, elles tombent tout de m\u00eame au compte-gouttes. On fait le point pour vous.            <\/p>\n<div>\n<p>Vous ne pouvez pas \u00eatre pass\u00e9s \u00e0 c\u00f4t\u00e9 de l&rsquo;information\u00a0: d&rsquo;ici quelques mois, l&rsquo;\u00e9mission qui a fait les grandes heures de <em>TF1<\/em>\u00a0entre 2001\u00a0et 2008\u00a0avant de s&rsquo;installer sur <em>NRJ12<\/em>, nous avons nomm\u00e9 <strong>la <em>Star Academy<\/em>, sera de retour sur nos \u00e9crans<\/strong>. Ainsi, <strong>\u00e0 la rentr\u00e9e prochaine, le ch\u00e2teau de Dammarie-l\u00e8s-Lys, certainement le plus c\u00e9l\u00e8bre de la t\u00e9l\u00e9vision, reprendra du service pour une dixi\u00e8me saison<\/strong> de ce t\u00e9l\u00e9 crochet phare. De nouveaux acad\u00e9miciens viendront donc bient\u00f4t succ\u00e9der \u00e0 <a href=\"https:\/\/www.journaldesfemmes.fr\/people\/personnalites\/2560164-jenifer\/\" title=\"Jenifer\">Jenifer<\/a>, Nolwenn Leroy, Emma Daumas et tous les autres.\u00a0<\/p>\n<h2>Kamel Ouali de nouveau jur\u00e9\u00a0?\u00a0<\/h2>\n<p>De nouveaux jur\u00e9s seront donc charg\u00e9s d&rsquo;encadrer et de faire progresser cette promotion 2022. Pour le moment, on ne conna\u00eet pas leurs noms, et on ne sait m\u00eame pas combien de professionnels du secteur seront s\u00e9lectionn\u00e9s pour participer \u00e0 ce programme phare. Quoi qu&rsquo;il en soit, <strong>Kamel Ouali, qui a \u00e9t\u00e9 le coach de danse de l&rsquo;\u00e9mission pendant huit saisons, fait durer le suspense<\/strong>. Interrog\u00e9 par RTL le 18\u00a0juin dernier, il a d\u00e9clar\u00e9 que <em>\u00ab\u00a0pour l&rsquo;instant rien n&rsquo;\u00e9tait fait\u00a0\u00bb<\/em>. Avant de continuer\u00a0: <em>\u00ab\u00a0\u00c7a fait partie de mon ADN. Donc oui pourquoi pas mais pas \u00e0 n&rsquo;importe quelles conditions. On discute pas mal, donc on verra bien\u2009.\u2009Et si je n&rsquo;y suis pas, je serai tr\u00e8s content pour la personne qui prendra ma place. Et je regarderai tout \u00e7a parce que c&rsquo;est vraiment une \u00e9mission culte. Je suis content que \u00e7a reprenne\u00a0\u00bb<\/em>.\u00a0<\/p>\n<h2>Une r\u00e8gle mythique de retour \u00e0 la Star Academy : pas de t\u00e9l\u00e9phone !<\/h2>\n<p>Il y a quelques jours, les \u00e9quipes de<em> 50&prime; Inside<\/em> ont eu la chance de pousser les portes du<strong> ch\u00e2teau de Dammarie-l\u00e8s-Lys, en Seine-et-Marne. Et, pour le moment, il est encore en travaux<\/strong>. Jean-Louis Blot, pr\u00e9sident d&rsquo;EndemolShine France, a expliqu\u00e9 que les \u00e9quipes allaient <em>\u00ab\u00a0changer la disposition des pi\u00e8ces\u00a0\u00bb<\/em> et <em>\u00ab\u00a0tout red\u00e9corer\u00a0\u00bb<\/em>.<\/p>\n<p>Mathieu Vergne, le pr\u00e9sident de DMLSTV, a quant \u00e0 lui annonc\u00e9 aux journalistes sur place qu&rsquo;un t\u00e9l\u00e9phone serait \u00e0 nouveau mis \u00e0 disposition des candidats. Comme dans la toute premi\u00e8re version de l&rsquo;\u00e9mission, ils disposeront d&rsquo;une seule minute de communication avec l&rsquo;ext\u00e9rieur par jour. Et les r\u00e9seaux sociaux seront proscrits.\u00a0<em>\u00ab\u00a0Pour la prochaine saison, la r\u00e8gle sera la m\u00eame et les portables seront confisqu\u00e9s\u00a0\u00bb<\/em>, a-t-il d\u00e9clar\u00e9.\u00a0<em>\u00ab\u00a0Il faut qu&rsquo;ils en profitent \u00e0 fond, donc <strong>pas de t\u00e9l\u00e9phone, pas de r\u00e9seaux sociaux.<\/strong> Cela doit rester une bulle, ils doivent \u00eatre focus sur leur boulot et ne pas trop prendre l&rsquo;avis de tout le monde sur ce qu&rsquo;il se passe. Il faut qu&rsquo;ils profitent de leur moment \u00e0 eux, avec leurs profs, avec le directeur ou la directrice mais sans trop l&rsquo;ext\u00e9rieur\u00a0\u00bb<\/em>.<\/p>\n<h2>Star Academy : un prime quotidien de retour !<\/h2>\n<p>Et pour suivre les aventures des nouveaux candidats quasiment en direct, rien de mieux qu&rsquo;une quotidienne. Comme ce fut le cas au d\u00e9but du programme, <strong>les t\u00e9l\u00e9spectateurs pourront cette ann\u00e9e encore suivre un prime hebdomadaire pr\u00e9sent\u00e9 par <a href=\"https:\/\/www.journaldesfemmes.fr\/people\/nikos-aliagas\/\" title=\"Nikos Aliagas\">Nikos Aliagas<\/a> (parce que qui d&rsquo;autre\u00a0?), et une quotidienne<\/strong> diffus\u00e9e avant le feuilleton<em> Ici tout commence<\/em>. Le programme <em>Familles nombreuses, la vie en XXL <\/em>devrait donc ainsi \u00eatre d\u00e9programm\u00e9. Si aucune date de d\u00e9marrage n&rsquo;a pour le moment \u00e9t\u00e9 d\u00e9voil\u00e9e par TF1, Ara Aprikian, le directeur g\u00e9n\u00e9ral adjoint des contenus du groupe, a annonc\u00e9 lors de la conf\u00e9rence de presse du 23\u00a0juin dernier que le <em>Star Academy<\/em> serait le <em>\u00ab\u00a0troisi\u00e8me feuilleton de la rentr\u00e9e\u00a0\u00bb<\/em> sur la une. Et ce pour une dur\u00e9e de 10\u00a0\u00e0 12\u00a0semaines.\u00a0<\/p>\n<\/p><\/div>\n<p>[ad_2]<br \/>\n<br \/><a href=\"https:\/\/www.journaldesfemmes.fr\/loisirs\/rendez-vous\/2828791-star-academy-casting-jures-primes-tout-ce-que-l-on-sait-deja-du-grand-retour-de-l-emission\/\">Source link <\/a><\/p>\n","protected":false},"excerpt":{"rendered":"<p>[ad_1] Apr\u00e8s quasiment dix ann\u00e9es d&rsquo;absence, la \u00ab\u00a0Star Academy\u00a0\u00bb s&rsquo;appr\u00eate \u00e0 faire son retour sur nos \u00e9crans. Et si la &hellip; <a href=\"http:\/\/www.affinite.fr\/index.php\/2022\/06\/28\/casting-jures-primes-tout-ce-que-lon-sait-deja\/\" class=\"more-link\">Plus <span class=\"screen-reader-text\">casting, jur\u00e9s, primes\u2026 Tout ce que l&rsquo;on sait d\u00e9j\u00e0<\/span> <span class=\"meta-nav\">&rarr;<\/span><\/a><\/p>\n","protected":false},"author":1,"featured_media":7990,"comment_status":"","ping_status":"open","sticky":false,"template":"","format":"standard","meta":{"_sitemap_exclude":false,"_sitemap_priority":"","_sitemap_frequency":"","footnotes":""},"categories":[1],"tags":[],"class_list":["post-7989","post","type-post","status-publish","format-standard","has-post-thumbnail","hentry","category-tous"],"_links":{"self":[{"href":"http:\/\/www.affinite.fr\/index.php\/wp-json\/wp\/v2\/posts\/7989"}],"collection":[{"href":"http:\/\/www.affinite.fr\/index.php\/wp-json\/wp\/v2\/posts"}],"about":[{"href":"http:\/\/www.affinite.fr\/index.php\/wp-json\/wp\/v2\/types\/post"}],"author":[{"embeddable":true,"href":"http:\/\/www.affinite.fr\/index.php\/wp-json\/wp\/v2\/users\/1"}],"replies":[{"embeddable":true,"href":"http:\/\/www.affinite.fr\/index.php\/wp-json\/wp\/v2\/comments?post=7989"}],"version-history":[{"count":0,"href":"http:\/\/www.affinite.fr\/index.php\/wp-json\/wp\/v2\/posts\/7989\/revisions"}],"wp:featuredmedia":[{"embeddable":true,"href":"http:\/\/www.affinite.fr\/index.php\/wp-json\/wp\/v2\/media\/7990"}],"wp:attachment":[{"href":"http:\/\/www.affinite.fr\/index.php\/wp-json\/wp\/v2\/media?parent=7989"}],"wp:term":[{"taxonomy":"category","embeddable":true,"href":"http:\/\/www.affinite.fr\/index.php\/wp-json\/wp\/v2\/categories?post=7989"},{"taxonomy":"post_tag","embeddable":true,"href":"http:\/\/www.affinite.fr\/index.php\/wp-json\/wp\/v2\/tags?post=7989"}],"curies":[{"name":"wp","href":"https:\/\/api.w.org\/{rel}","templated":true}]}}