{"id":7985,"date":"2022-06-26T20:35:31","date_gmt":"2022-06-26T20:35:31","guid":{"rendered":"https:\/\/www.affinite.fr\/index.php\/2022\/06\/26\/quiz-le-diner-de-cons-completez-ces-celebres-repliques-du-film-actus-cine\/"},"modified":"2022-06-26T20:35:31","modified_gmt":"2022-06-26T20:35:31","slug":"quiz-le-diner-de-cons-completez-ces-celebres-repliques-du-film-actus-cine","status":"publish","type":"post","link":"http:\/\/www.affinite.fr\/index.php\/2022\/06\/26\/quiz-le-diner-de-cons-completez-ces-celebres-repliques-du-film-actus-cine\/","title":{"rendered":"Quiz Le D\u00eener de cons : compl\u00e9tez ces c\u00e9l\u00e8bres r\u00e9pliques du film &#8211; Actus Cin\u00e9"},"content":{"rendered":"<p> [ad_1]<br \/>\n<br \/><img decoding=\"async\" src=\"http:\/\/fr.web.img2.acsta.net\/newsv7\/22\/06\/24\/12\/40\/2184788.jpg\" \/><\/p>\n<p>Alors que \u00ab\u00a0Le D\u00eener de cons\u00a0\u00bb est diffus\u00e9 ce soir sur TF1, v\u00e9rifiez que vous \u00eates vraiment fan de ce c\u00e9l\u00e8bre film de Francis Veber en essayant de compl\u00e9ter les r\u00e9pliques de Fran\u00e7ois Pignon et de Pierre Brochant.<\/p>\n<div id=\"article-content\">\n<figure class=\"player player-auto-play js-player\" data-model=\"{&quot;videos&quot;:[{&quot;id&quot;:18781052,&quot;idDailymotion&quot;:&quot;x8a19cc&quot;,&quot;sources&quot;:{&quot;low&quot;:&quot;https:\/\/fr.vid.web.acsta.net\/nmedia\/s3\/33\/00\/02\/12\/54\/18781052_l_013.mp4&quot;,&quot;medium&quot;:&quot;https:\/\/fr.vid.web.acsta.net\/nmedia\/s3\/33\/00\/02\/12\/54\/18781052_m_013.mp4&quot;,&quot;standard&quot;:&quot;https:\/\/fr.vid.web.acsta.net\/nmedia\/s3\/33\/00\/02\/12\/54\/18781052_sd_013.mp4&quot;},&quot;image&quot;:&quot;\/videothumbnails\/18\/03\/26\/14\/24\/1285451.jpg&quot;,&quot;title&quot;:&quot;Le Du00eener de cons Bande-annonce VF&quot;,&quot;trackingIdentifier&quot;:&quot;18781052-le_diner_de_cons_bande_annonce_vf&quot;,&quot;embedUrl&quot;:&quot;ACraHRACr0cHM6Ly9wbGF5ZXIuYWxsb2NpbmUuZnIvMTg3ODEwNTIuaHRtbA==&quot;,&quot;file_type&quot;:&quot;TRAILER&quot;,&quot;description&quot;:&quot;Le Du00eener de cons Bande-annonce VF&quot;,&quot;duration&quot;:93,&quot;view_count&quot;:146915,&quot;added_at&quot;:{&quot;date&quot;:&quot;2007-12-05 00:00:00.000000&quot;,&quot;timezone_type&quot;:3,&quot;timezone&quot;:&quot;Europe\/Paris&quot;},&quot;metas&quot;:{&quot;id_main_show&quot;:null,&quot;name_main_show&quot;:null,&quot;image_main_show&quot;:null,&quot;id_main_movie&quot;:16731,&quot;name_main_movie&quot;:&quot;Le Du00eener de cons&quot;,&quot;image_main_movie&quot;:&quot;\/medias\/nmedia\/18\/36\/10\/96\/19649758.jpg&quot;,&quot;id_main_series&quot;:null,&quot;name_main_series&quot;:null,&quot;image_main_series&quot;:null,&quot;id_main_season&quot;:null,&quot;name_main_season&quot;:null,&quot;image_main_season&quot;:null,&quot;main_season_number&quot;:null,&quot;id_main_person&quot;:null,&quot;name_main_person&quot;:null,&quot;image_main_person&quot;:null,&quot;use_portal&quot;:null,&quot;release_date_main_movie&quot;:null,&quot;nb_days_release_main_movie&quot;:null,&quot;id_meta_category&quot;:null,&quot;name_meta_category&quot;:null,&quot;localized_file_type&quot;:null,&quot;trans_file_type&quot;:null,&quot;main_movie_type&quot;:null,&quot;main_season_rating&quot;:null,&quot;main_series_rating&quot;:null,&quot;main_season_user_note_count&quot;:null,&quot;genre_main_movie&quot;:null,&quot;genre_main_series&quot;:null,&quot;release_status_movie&quot;:null,&quot;release_status_series&quot;:null},&quot;is_emergence_inhibited&quot;:false,&quot;relatedEntityType&quot;:&quot;movie&quot;,&quot;relatedEntityId&quot;:16731,&quot;relatedEntityTitle&quot;:&quot;Le Du00eener de cons&quot;,&quot;relatedEntityUrl&quot;:&quot;ACraHRACr0cHM6Ly93d3cuYWxsb2NpbmUuZnIvZmlsbS9maWNoZWZpbG1fZ2VuX2NmaWxtPTE2NzMxLmh0bWw=&quot;,&quot;mediaUrl&quot;:&quot;ACraHRACr0cHM6Ly93d3cuYWxsb2NpbmUuZnIvdmlkZW8vcGxheWVyX2dlbl9jbWVkaWE9MTg3ODEwNTImY2ZpbG09MTY3MzEuaHRtbA==&quot;,&quot;relatedEntityTrackingIdentifier&quot;:&quot;16731-le_diner_de_cons&quot;,&quot;genres&quot;:[&quot;COMEDY&quot;],&quot;relatedEntityDistributor&quot;:null,&quot;relatedEntityDistributorId&quot;:null,&quot;entityStatus&quot;:null}],&quot;disablePreroll&quot;:false,&quot;disablePostroll&quot;:false,&quot;endScreen&quot;:true,&quot;context&quot;:&quot;newspage_news&quot;,&quot;launch&quot;:&quot;auto-play&quot;,&quot;followScroll&quot;:true,&quot;editorialContent&quot;:&quot;18710864-quiz_le_diner_de_cons_completez_ces_celebres_repliques_du_film&quot;,&quot;disableAutoPause&quot;:true,&quot;player_position&quot;:&quot;playertop&quot;}\" data-thumb=\"https:\/\/fr.web.img2.acsta.net\/r_640_360\/videothumbnails\/18\/03\/26\/14\/24\/1285451.jpg\">\n<\/figure>\n<p>Vous ne vous lassez pas de voir et de revoir la c\u00e9l\u00e8bre com\u00e9die de\u00a0<a title=\"Francis Veber (France) (Sc\u00e9nariste,R\u00e9alisateur,Dialoguiste)\" href=\"http:\/\/www.allocine.fr\/personne\/fichepersonne_gen_cpersonne=24885.html\">Francis Veber<\/a> ? Vous avez d\u00e9j\u00e0 pass\u00e9 plusieurs fois votre soir\u00e9e en compagnie de Fran\u00e7ois Pignon (<a title=\"Jacques Villeret (France) (Acteur)\" href=\"http:\/\/www.allocine.fr\/personne\/fichepersonne_gen_cpersonne=2115.html\">Jacques Villeret<\/a>) et de Pierre Brochant (<a title=\"Thierry Lhermitte (France) (Acteur,Sc\u00e9nariste,Producteur)\" href=\"http:\/\/www.allocine.fr\/personne\/fichepersonne_gen_cpersonne=6415.html\">Thierry Lhermitte<\/a>) ? Bref, vous \u00eates un fan inconditionnel du\u00a0<a title=\"Le D\u00eener de cons (France) - 1998 (Com\u00e9die)\" href=\"http:\/\/www.allocine.fr\/film\/fichefilm_gen_cfilm=16731.html\">D\u00eener de cons<\/a> ? Alors qu&rsquo;il est \u00e0 nouveau diffus\u00e9 ce soir sur TF1, v\u00e9rifiez que vous n&rsquo;avez pas oubli\u00e9 les r\u00e9pliques de ce film culte en essayant de faire un sans-faute \u00e0 notre quiz.<\/p>\n<p>R\u00e9alis\u00e9 par Francis Veber en 1998, adapt\u00e9 d&rsquo;une c\u00e9l\u00e8bre pi\u00e8ce de th\u00e9\u00e2tre (\u00e9galement sign\u00e9e Veber) et laur\u00e9at de trois C\u00e9sar en 1999, Le D\u00eener de cons suit la soir\u00e9e tr\u00e8s mouvement\u00e9e de Pierre Brochant, un \u00e9diteur parisien qui s&rsquo;est mis en t\u00eate d&rsquo;inviter Fran\u00e7ois Pignon \u00e0 un d\u00eener entre amis pour se payer sa t\u00eate. Pourtant, les choses ne se d\u00e9roulent pas du tout comme il l&rsquo;avait pr\u00e9vu&#8230;<\/p>\n<p>LE SAVIEZ-VOUS ?<\/p>\n<p><strong>Adapt\u00e9 aux <a href=\"http:\/\/www.affinite.fr\/index.php\/2021\/10\/06\/camion-de-glace-style-usa-made-in-france\/\">USA<\/a><\/strong><\/p>\n<p>Fort de son incroyable succ\u00e8s au box-office fran\u00e7ais (9 millions d&rsquo;entr\u00e9es),\u00a0<span class=\"ACrL2ZACrpbG0vZmljaGVmaWxtX2dlbl9jZmlsbT0xNjczMS5odG1s\" title=\"Le D\u00eener de cons (France) - 1998 (Com\u00e9die)\">Le D\u00eener de cons<\/span> a eu droit \u00e0 son remake am\u00e9ricain une dizaine d&rsquo;ann\u00e9es plus tard. Initialement envisag\u00e9e par\u00a0<a title=\"Steven Spielberg (U.S.A.) (Producteur d\u00e9l\u00e9gu\u00e9,R\u00e9alisateur,Producteur)\" href=\"http:\/\/www.allocine.fr\/personne\/fichepersonne_gen_cpersonne=471.html\">Steven Spielberg<\/a> &#8211; qui avait beaucoup ri en d\u00e9couvrant le film &#8211; cette nouvelle adaptation a finalement \u00e9t\u00e9 r\u00e9alis\u00e9e par\u00a0<a title=\"Jay Roach (U.S.A.) (R\u00e9alisateur,Producteur,Producteur d\u00e9l\u00e9gu\u00e9)\" href=\"http:\/\/www.allocine.fr\/personne\/fichepersonne_gen_cpersonne=18935.html\">Jay Roach<\/a>, avec <a title=\"Paul Rudd (U.S.A.) (Acteur,Sc\u00e9nariste,Producteur d\u00e9l\u00e9gu\u00e9)\" href=\"http:\/\/www.allocine.fr\/personne\/fichepersonne_gen_cpersonne=23848.html\">Paul Rudd<\/a>,\u00a0<a title=\"Steve Carell (U.S.A.) (Acteur,Producteur,Producteur d\u00e9l\u00e9gu\u00e9)\" href=\"http:\/\/www.allocine.fr\/personne\/fichepersonne_gen_cpersonne=93036.html\">Steve Carell<\/a> et <a title=\"Zach Galifianakis (U.S.A.) (Acteur,Producteur,Producteur d\u00e9l\u00e9gu\u00e9)\" href=\"http:\/\/www.allocine.fr\/personne\/fichepersonne_gen_cpersonne=68418.html\">Zach Galifianakis<\/a>.<\/p>\n<p><strong>Sur la table basse<\/strong><\/p>\n<p>Ouvrez bien l&rsquo;oeil lorsque vous (re)d\u00e9couvrirez le long m\u00e9trage sur TF1 ce soir. Pos\u00e9 sur l&rsquo;une des tables basses de Pierre Brochant, vous pourrez apercevoir un <a href=\"http:\/\/www.affinite.fr\/index.php\/2023\/08\/24\/lart-de-la-glace-transforme-en-business-la-vision-unique-de-fabien-gris\/\">livre<\/a> intitul\u00e9 \u00ab\u00a0Poiret\u00a0\u00bb. Pourrait-il s&rsquo;agir d&rsquo;un clin d&rsquo;oeil du r\u00e9alisateur Francis Veber \u00e0 son ami l&rsquo;acteur <a title=\"Jean Poiret (France) (Acteur,Sc\u00e9nariste,Producteur)\" href=\"http:\/\/www.allocine.fr\/personne\/fichepersonne_gen_cpersonne=631.html\">Jean Poiret<\/a>, qui avait adapt\u00e9\u00a0<a title=\"La Cage aux folles (Italie,France) - 1978 (Com\u00e9die)\" href=\"http:\/\/www.allocine.fr\/film\/fichefilm_gen_cfilm=29338.html\">La Cage aux folles<\/a> \u00e0 ses c\u00f4t\u00e9s ?<\/p>\n<p><strong>De Perrin \u00e0 Pignon<\/strong><\/p>\n<p>18 ans avant Le D\u00eener de Cons, Francis Veber signait une autre com\u00e9die mythique : <a title=\"La Ch\u00e8vre (France,Mexique) - 1981 (Com\u00e9die,Aventure,Policier)\" href=\"http:\/\/www.allocine.fr\/film\/fichefilm_gen_cfilm=2361.html\">La Ch\u00e8vre<\/a>. Finalement incarn\u00e9 par\u00a0<a title=\"Pierre Richard (France) (Acteur,Sc\u00e9nariste,R\u00e9alisateur)\" href=\"http:\/\/www.allocine.fr\/personne\/fichepersonne_gen_cpersonne=12559.html\">Pierre Richard<\/a> (aux c\u00f4t\u00e9s de <a title=\"G\u00e9rard Depardieu (Russie,France) (Acteur,R\u00e9alisateur,Producteur)\" href=\"http:\/\/www.allocine.fr\/personne\/fichepersonne_gen_cpersonne=630.html\">G\u00e9rard Depardieu<\/a>), le personnage de Fran\u00e7ois Perrin avait initialement \u00e9t\u00e9 propos\u00e9 \u00e0 Jacques Villeret, qui devait partager l&rsquo;affiche avec <a title=\"Lino Ventura (France) (Acteur)\" href=\"http:\/\/www.allocine.fr\/personne\/fichepersonne_gen_cpersonne=400.html\">Lino Ventura<\/a>. Ce dernier ayant refus\u00e9 de jouer avec Villeret, Veber avait \u00e9t\u00e9 oblig\u00e9 de changer ses plans \u00e0 contre-coeur, ce qui avait particuli\u00e8rement affect\u00e9 le com\u00e9dien. Heureusement, le cin\u00e9aste a pu se rattraper pr\u00e8s de 20 ans plus tard, en offrant \u00e0 Villeret l&rsquo;un de ses r\u00f4les les plus c\u00e9l\u00e8bres dans Le D\u00eener de cons.<\/p>\n<\/div>\n<p>[ad_2]<br \/>\n<br \/><a href=\"http:\/\/www.allocine.fr\/article\/fichearticle_gen_carticle=18710864.html\">Source link <\/a><\/p>\n","protected":false},"excerpt":{"rendered":"<p>[ad_1] Alors que \u00ab\u00a0Le D\u00eener de cons\u00a0\u00bb est diffus\u00e9 ce soir sur TF1, v\u00e9rifiez que vous \u00eates vraiment fan de &hellip; <a href=\"http:\/\/www.affinite.fr\/index.php\/2022\/06\/26\/quiz-le-diner-de-cons-completez-ces-celebres-repliques-du-film-actus-cine\/\" class=\"more-link\">Plus <span class=\"screen-reader-text\">Quiz Le D\u00eener de cons : compl\u00e9tez ces c\u00e9l\u00e8bres r\u00e9pliques du film &#8211; Actus Cin\u00e9<\/span> <span class=\"meta-nav\">&rarr;<\/span><\/a><\/p>\n","protected":false},"author":1,"featured_media":7986,"comment_status":"","ping_status":"open","sticky":false,"template":"","format":"standard","meta":{"_sitemap_exclude":false,"_sitemap_priority":"","_sitemap_frequency":"","footnotes":""},"categories":[1],"tags":[],"class_list":["post-7985","post","type-post","status-publish","format-standard","has-post-thumbnail","hentry","category-tous"],"_links":{"self":[{"href":"http:\/\/www.affinite.fr\/index.php\/wp-json\/wp\/v2\/posts\/7985"}],"collection":[{"href":"http:\/\/www.affinite.fr\/index.php\/wp-json\/wp\/v2\/posts"}],"about":[{"href":"http:\/\/www.affinite.fr\/index.php\/wp-json\/wp\/v2\/types\/post"}],"author":[{"embeddable":true,"href":"http:\/\/www.affinite.fr\/index.php\/wp-json\/wp\/v2\/users\/1"}],"replies":[{"embeddable":true,"href":"http:\/\/www.affinite.fr\/index.php\/wp-json\/wp\/v2\/comments?post=7985"}],"version-history":[{"count":0,"href":"http:\/\/www.affinite.fr\/index.php\/wp-json\/wp\/v2\/posts\/7985\/revisions"}],"wp:featuredmedia":[{"embeddable":true,"href":"http:\/\/www.affinite.fr\/index.php\/wp-json\/wp\/v2\/media\/7986"}],"wp:attachment":[{"href":"http:\/\/www.affinite.fr\/index.php\/wp-json\/wp\/v2\/media?parent=7985"}],"wp:term":[{"taxonomy":"category","embeddable":true,"href":"http:\/\/www.affinite.fr\/index.php\/wp-json\/wp\/v2\/categories?post=7985"},{"taxonomy":"post_tag","embeddable":true,"href":"http:\/\/www.affinite.fr\/index.php\/wp-json\/wp\/v2\/tags?post=7985"}],"curies":[{"name":"wp","href":"https:\/\/api.w.org\/{rel}","templated":true}]}}