{"id":797,"date":"2020-03-18T11:49:22","date_gmt":"2020-03-18T11:49:22","guid":{"rendered":"https:\/\/www.affinite.fr\/index.php\/2020\/03\/18\/leclair-liberty-la-quinzaine-des-eclairs-il-etait-une-fois-la-patisserie\/"},"modified":"2020-03-18T11:49:22","modified_gmt":"2020-03-18T11:49:22","slug":"leclair-liberty-la-quinzaine-des-eclairs-il-etait-une-fois-la-patisserie","status":"publish","type":"post","link":"http:\/\/www.affinite.fr\/index.php\/2020\/03\/18\/leclair-liberty-la-quinzaine-des-eclairs-il-etait-une-fois-la-patisserie\/","title":{"rendered":"L&rsquo;\u00e9clair Liberty &#8211; la Quinzaine des \u00e9clairs : Il \u00e9tait une fois la p\u00e2tisserie"},"content":{"rendered":"<p> [ad_1]<br \/>\n<\/p>\n<div id=\"post-body-5150599613649523794\" itemprop=\"articleBody\">\n<div dir=\"ltr\" style=\"text-align: left;\" trbidi=\"on\">\nJe vous parlais avant-hier de l&rsquo;\u00e9v\u00e8nement du moment dans de nombreuses boulangeries-p\u00e2tisseries : la <a href=\"https:\/\/www.iletaitunefoislapatisserie.com\/2020\/03\/la-quinzaine-des-eclairs-2020.html\">Quinzaine des \u00e9clairs<\/a>. Il est temps aujourd&rsquo;hui de vous parler de mon \u00e9clair pr\u00e9f\u00e9r\u00e9 : <span style=\"font-size: large;\"><b>l&rsquo;\u00e9clair Liberty<\/b><\/span> !<\/p>\n<div class=\"separator\" style=\"clear: both; text-align: center;\">\n<a href=\"https:\/\/www.lecercledesgourmands.com\/\"><img decoding=\"async\" alt=\"quinzaine des \u00e9clairs\" border=\"0\" data-original-height=\"650\" data-original-width=\"650\" src=\"https:\/\/1.bp.blogspot.com\/--Bh5xkz_J98\/XmJymXXEqII\/AAAAAAABMCU\/vBNfbmu1e8AbwbcalKwnKKmFRSqXUdqkgCLcBGAsYHQ\/s1600\/%25C3%25A9clair-liberty-pistache.jpg\" title=\"\u00e9clair liberty \"\/><\/a><\/div>\n<p>Cet \u00e9clair fait partie des 3 \u00e9clairs propos\u00e9s <b>du 9 au 21 mars 2020<\/b> dans toutes les <a href=\"https:\/\/www.lecercledesgourmands.com\/\" target=\"_blank\" rel=\"noopener noreferrer\">boulangeries-p\u00e2tisseries participantes<\/a>.<\/p>\n<p>Il est compos\u00e9 d&rsquo;une cr\u00e8me diplomate au sirop d&rsquo;orgeat, d&rsquo;un croquant pistache, d&rsquo;un fourrage au pralin et recouvert de fondant.<\/p>\n<div class=\"separator\" style=\"clear: both; text-align: center;\">\n<a href=\"https:\/\/1.bp.blogspot.com\/-xPqzlwiTbCU\/XmJymUR3cQI\/AAAAAAABMCY\/T3kuuRewzNIn3XOAla_XGUkOpo-QW8hQACLcBGAsYHQ\/s1600\/eclairs-liberty-quinzaine.jpg\" imageanchor=\"1\" style=\"margin-left: 1em; margin-right: 1em;\"><img decoding=\"async\" border=\"0\" data-original-height=\"882\" data-original-width=\"650\" src=\"https:\/\/1.bp.blogspot.com\/-xPqzlwiTbCU\/XmJymUR3cQI\/AAAAAAABMCY\/T3kuuRewzNIn3XOAla_XGUkOpo-QW8hQACLcBGAsYHQ\/s1600\/eclairs-liberty-quinzaine.jpg\"\/><\/a><\/div>\n<p>\nLa <a href=\"https:\/\/www.iletaitunefoislapatisserie.com\/2019\/07\/creme-diplomate.html\" target=\"_blank\" rel=\"noopener noreferrer\">cr\u00e8me diplomate<\/a> apporte beaucoup de l\u00e9g\u00e8ret\u00e9 dans cette recette. Il s&rsquo;agit en effet d&rsquo;une <b>cr\u00e8me p\u00e2tissi\u00e8re<\/b> \u00e0 laquelle on ajoute de la <b>cr\u00e8me fouett\u00e9e<\/b>. Elle est donc <b>plus l\u00e9g\u00e8re et moins sucr\u00e9e<\/b>.<\/p>\n<p>Cette cr\u00e8me diplomate est aromatis\u00e9e au <b>sirop d&rsquo;orgeat<\/b>. Si vous ne connaissez pas, il s&rsquo;agit d&rsquo;une boisson \u00e0 base de lait d&rsquo;amande et d&rsquo;eau de fleur d&rsquo;oranger.<\/p>\n<p>Quand \u00e0 l&rsquo;association<b> pralin et pistache<\/b>, c&rsquo;est un duo qui marche \u00e0 tous les coups ! <\/p>\n<div class=\"separator\" style=\"clear: both; text-align: center;\">\n<a href=\"https:\/\/1.bp.blogspot.com\/-cqcdPMPjccE\/XmJynHTudiI\/AAAAAAABMCc\/dSrB63JLLJMFpSlzfcxe91VZQL2DDaKFwCLcBGAsYHQ\/s1600\/%25C3%25A9clair-liberty.jpg\" imageanchor=\"1\" style=\"margin-left: 1em; margin-right: 1em;\"><img decoding=\"async\" border=\"0\" data-original-height=\"545\" data-original-width=\"650\" src=\"https:\/\/1.bp.blogspot.com\/-cqcdPMPjccE\/XmJynHTudiI\/AAAAAAABMCc\/dSrB63JLLJMFpSlzfcxe91VZQL2DDaKFwCLcBGAsYHQ\/s1600\/%25C3%25A9clair-liberty.jpg\"\/><\/a><\/div>\n<p>J&rsquo;ai trouv\u00e9 que <b>l&rsquo;\u00e9clair Liberty<\/b> \u00e9tait la recette <b>la plus l\u00e9g\u00e8re<\/b> et en m\u00eame temps <b>la plus gourmande<\/b> de la s\u00e9lection. gros coup de coeur !<\/p>\n<p>Vous pouvez aussi suivre l&rsquo;op\u00e9ration sur les r\u00e9seaux sociaux :<\/p>\n<p>\n<i>En collaboration avec le Cercle des gourmands<\/i><\/p>\n<\/div>\n<\/div>\n<p>[ad_2]<br \/>\n<br \/><a href=\"https:\/\/www.iletaitunefoislapatisserie.com\/2020\/03\/leclair-liberty-la-quinzaine-des-eclairs.html\">Source link <\/a><\/p>\n","protected":false},"excerpt":{"rendered":"<p>[ad_1] Je vous parlais avant-hier de l&rsquo;\u00e9v\u00e8nement du moment dans de nombreuses boulangeries-p\u00e2tisseries : la Quinzaine des \u00e9clairs. Il est &hellip; <a href=\"http:\/\/www.affinite.fr\/index.php\/2020\/03\/18\/leclair-liberty-la-quinzaine-des-eclairs-il-etait-une-fois-la-patisserie\/\" class=\"more-link\">Plus <span class=\"screen-reader-text\">L&rsquo;\u00e9clair Liberty &#8211; la Quinzaine des \u00e9clairs : Il \u00e9tait une fois la p\u00e2tisserie<\/span> <span class=\"meta-nav\">&rarr;<\/span><\/a><\/p>\n","protected":false},"author":1,"featured_media":798,"comment_status":"open","ping_status":"open","sticky":false,"template":"","format":"standard","meta":{"_sitemap_exclude":false,"_sitemap_priority":"","_sitemap_frequency":"","footnotes":""},"categories":[1],"tags":[],"class_list":["post-797","post","type-post","status-publish","format-standard","has-post-thumbnail","hentry","category-tous"],"_links":{"self":[{"href":"http:\/\/www.affinite.fr\/index.php\/wp-json\/wp\/v2\/posts\/797"}],"collection":[{"href":"http:\/\/www.affinite.fr\/index.php\/wp-json\/wp\/v2\/posts"}],"about":[{"href":"http:\/\/www.affinite.fr\/index.php\/wp-json\/wp\/v2\/types\/post"}],"author":[{"embeddable":true,"href":"http:\/\/www.affinite.fr\/index.php\/wp-json\/wp\/v2\/users\/1"}],"replies":[{"embeddable":true,"href":"http:\/\/www.affinite.fr\/index.php\/wp-json\/wp\/v2\/comments?post=797"}],"version-history":[{"count":0,"href":"http:\/\/www.affinite.fr\/index.php\/wp-json\/wp\/v2\/posts\/797\/revisions"}],"wp:featuredmedia":[{"embeddable":true,"href":"http:\/\/www.affinite.fr\/index.php\/wp-json\/wp\/v2\/media\/798"}],"wp:attachment":[{"href":"http:\/\/www.affinite.fr\/index.php\/wp-json\/wp\/v2\/media?parent=797"}],"wp:term":[{"taxonomy":"category","embeddable":true,"href":"http:\/\/www.affinite.fr\/index.php\/wp-json\/wp\/v2\/categories?post=797"},{"taxonomy":"post_tag","embeddable":true,"href":"http:\/\/www.affinite.fr\/index.php\/wp-json\/wp\/v2\/tags?post=797"}],"curies":[{"name":"wp","href":"https:\/\/api.w.org\/{rel}","templated":true}]}}