{"id":7966,"date":"2022-06-23T01:12:34","date_gmt":"2022-06-23T01:12:34","guid":{"rendered":"https:\/\/www.affinite.fr\/index.php\/2022\/06\/23\/la-fiancee-de-ce-candidat-de-tele-realite-meurt-le-jour-du-mariage\/"},"modified":"2022-06-23T01:12:34","modified_gmt":"2022-06-23T01:12:34","slug":"la-fiancee-de-ce-candidat-de-tele-realite-meurt-le-jour-du-mariage","status":"publish","type":"post","link":"http:\/\/www.affinite.fr\/index.php\/2022\/06\/23\/la-fiancee-de-ce-candidat-de-tele-realite-meurt-le-jour-du-mariage\/","title":{"rendered":"la fianc\u00e9e de ce candidat de t\u00e9l\u00e9-r\u00e9alit\u00e9 meurt le jour du mariage"},"content":{"rendered":"<p> [ad_1]<br \/>\n<br \/><img decoding=\"async\" src=\"https:\/\/img-3.journaldesfemmes.fr\/k-Wxr0yozuHbuLJJHe3yqFw28uo=\/1280x\/smart\/9842384ce171471f98beb317d8a19215\/ccmcms-jdf\/35535186.jpg\" \/><\/p>\n<p>\n                Ce lundi 20\u00a0juin, l&rsquo;Anglais Tom Mann, d\u00e9couvert en 2014\u00a0dans l&rsquo;\u00e9mission \u00ab\u00a0X Factor\u00a0\u00bb, a annonc\u00e9 une nouvelle tragique sur son compte Instagram. Sa fianc\u00e9e Danielle Hampson est d\u00e9c\u00e9d\u00e9e brutalement le matin de leur mariage.            <\/p>\n<div>\n<p>Ce qui aurait d\u00fb \u00eatre le plus beau jour de la vie de <strong>Tom Mann, chanteur britannique d\u00e9couvert dans le t\u00e9l\u00e9 crochet <em>X Factor<\/em><\/strong> en 2014, s&rsquo;est finalement transform\u00e9 en v\u00e9ritable cauchemar. Et c&rsquo;est peu de le dire. <strong>Sa fianc\u00e9e et m\u00e8re de son fils, Danielle Hampson, est en effet d\u00e9c\u00e9d\u00e9e le jour de leur mariage<\/strong>, le 18\u00a0juin 2022. Pour le moment, aucune information n&rsquo;a encore \u00e9t\u00e9 d\u00e9voil\u00e9e quant aux raisons de sa mort.\u00a0<\/p>\n<h2><em>\u00ab\u00a0Je n&rsquo;arrive pas \u00e0 croire que j&rsquo;\u00e9cris ces mots\u00a0\u00bb<\/em><\/h2>\n<p>S&rsquo;il n&rsquo;a pas remport\u00e9 la c\u00e9l\u00e8bre comp\u00e9tition de <em>X Factor <\/em>en 2014, Tom Mann avait pourtant compl\u00e8tement bluff\u00e9 le jury de l&rsquo;\u00e9poque, compos\u00e9 de Nicole Scherzinger, Simon Cowell, Louis Walsh et Sharon Osbourne, en reprenant <em>I want it that way<\/em> des Backstreet Boys. Sur les conseils des coachs de l&rsquo;\u00e9mission, il avait ensuite form\u00e9 un groupe \u00e0 l&rsquo;instar des One Direction, les Stereo Kicks. Les huit jeunes hommes avaient ensuite pris des chemins diff\u00e9rents, mais Tom Mann \u00e9tait tr\u00e8s \u00e9panoui, tant professionnellement que personnellement. <strong>Il partageait en effet sa vie depuis sept ans avec la danseuse Danielle Hampson<\/strong> qui s&rsquo;\u00e9tait notamment illustr\u00e9e sur la derni\u00e8re tourn\u00e9e des Spice Girls, et qu&rsquo;on avait \u00e9galement pu apercevoir dans le clip de <a href=\"https:\/\/www.journaldesfemmes.fr\/people\/harry-styles\/\" title=\"Harry Styles\">Harry Styles<\/a> <em>Treat People With Kindness<\/em> sorti en 2021. <strong>Ensemble, ils ont m\u00eame eu un petit gar\u00e7on, aujourd&rsquo;hui \u00e2g\u00e9 de huit mois, Bowie<\/strong>. Mais le r\u00eave a brutalement pris fin le 18\u00a0juin 2022. En effet, <em>ce lundi, Tom Mann a annonc\u00e9 sur les r\u00e9seaux sociaux le d\u00e9c\u00e8s de sa future femme le jour m\u00eame de leur mariage<\/em>. <em>\u00ab\u00a0Je n&rsquo;arrive pas \u00e0 croire que j&rsquo;\u00e9cris ces mots, mais ma ch\u00e8re Dani \u2013 ma meilleure amie, mon tout et bien plus encore, l&rsquo;amour de ma vie \u2013 est d\u00e9c\u00e9d\u00e9e t\u00f4t ce samedi 18\u00a0juin 2022\u00a0(\u2026)\u00a0\u00bb<\/em>, a-t-il sobrement \u00e9crit.\u00a0<\/p>\n<h2>Tom Mann <em>\u00ab\u00a0compl\u00e8tement bris\u00e9\u00a0\u00bb<\/em><\/h2>\n<p>Une triste nouvelle que l&rsquo;Anglais a tenu a partag\u00e9 avec sa communaut\u00e9 en d\u00e9voilant une photo de sa compagne et de leurs fils sur Instagram. <em>\u00ab\u00a0Je porterai cette bague que j&rsquo;\u00e9tais cens\u00e9 port\u00e9 pour toujours <strong>en signe de mon amour inconditionnel pour toi<\/strong>\u00ab\u00a0<\/em>, a-t-il d\u00e9clar\u00e9 dans la l\u00e9gende de ce post. Avant de continuer\u00a0: <em>\u00ab\u00a0Je suis compl\u00e8tement bris\u00e9 (\u2026) mais je sais que je dois utiliser le peu de force que j&rsquo;ai pour notre petit gar\u00e7on. Je n&rsquo;arriverais jamais \u00e0 la cheville du parent que tu \u00e9tais d\u00e9j\u00e0 devenue, mais je promets de faire tout mon possible pour \u00e9lever Bowie de la mani\u00e8re que nous l&rsquo;avons toujours voulu. Je te promets qu&rsquo;il saura \u00e0 quel point sa maman \u00e9tait incroyable. Je te promets de te rendre si fi\u00e8re\u00a0\u00bb<\/em>. Pour le moment, Tom Mann ne s&rsquo;est pas \u00e9tendu sur le sujet et <strong>on ne conna\u00eet donc pas les circonstances exactes de la mort brutale de sa fianc\u00e9e Danielle Hampson<\/strong>.\u00a0<\/p>\n<\/p><\/div>\n<p>[ad_2]<br \/>\n<br \/><a href=\"https:\/\/www.journaldesfemmes.fr\/people\/actus\/2827383-tom-mann-l-ex-candidat-de-x-factor-perd-tragiquement-sa-fiancee-le-jour-de-leur-mariage\/\">Source link <\/a><\/p>\n","protected":false},"excerpt":{"rendered":"<p>[ad_1] Ce lundi 20\u00a0juin, l&rsquo;Anglais Tom Mann, d\u00e9couvert en 2014\u00a0dans l&rsquo;\u00e9mission \u00ab\u00a0X Factor\u00a0\u00bb, a annonc\u00e9 une nouvelle tragique sur son &hellip; <a href=\"http:\/\/www.affinite.fr\/index.php\/2022\/06\/23\/la-fiancee-de-ce-candidat-de-tele-realite-meurt-le-jour-du-mariage\/\" class=\"more-link\">Plus <span class=\"screen-reader-text\">la fianc\u00e9e de ce candidat de t\u00e9l\u00e9-r\u00e9alit\u00e9 meurt le jour du mariage<\/span> <span class=\"meta-nav\">&rarr;<\/span><\/a><\/p>\n","protected":false},"author":1,"featured_media":7967,"comment_status":"","ping_status":"open","sticky":false,"template":"","format":"standard","meta":{"_sitemap_exclude":false,"_sitemap_priority":"","_sitemap_frequency":"","footnotes":""},"categories":[1],"tags":[],"class_list":["post-7966","post","type-post","status-publish","format-standard","has-post-thumbnail","hentry","category-tous"],"_links":{"self":[{"href":"http:\/\/www.affinite.fr\/index.php\/wp-json\/wp\/v2\/posts\/7966"}],"collection":[{"href":"http:\/\/www.affinite.fr\/index.php\/wp-json\/wp\/v2\/posts"}],"about":[{"href":"http:\/\/www.affinite.fr\/index.php\/wp-json\/wp\/v2\/types\/post"}],"author":[{"embeddable":true,"href":"http:\/\/www.affinite.fr\/index.php\/wp-json\/wp\/v2\/users\/1"}],"replies":[{"embeddable":true,"href":"http:\/\/www.affinite.fr\/index.php\/wp-json\/wp\/v2\/comments?post=7966"}],"version-history":[{"count":0,"href":"http:\/\/www.affinite.fr\/index.php\/wp-json\/wp\/v2\/posts\/7966\/revisions"}],"wp:featuredmedia":[{"embeddable":true,"href":"http:\/\/www.affinite.fr\/index.php\/wp-json\/wp\/v2\/media\/7967"}],"wp:attachment":[{"href":"http:\/\/www.affinite.fr\/index.php\/wp-json\/wp\/v2\/media?parent=7966"}],"wp:term":[{"taxonomy":"category","embeddable":true,"href":"http:\/\/www.affinite.fr\/index.php\/wp-json\/wp\/v2\/categories?post=7966"},{"taxonomy":"post_tag","embeddable":true,"href":"http:\/\/www.affinite.fr\/index.php\/wp-json\/wp\/v2\/tags?post=7966"}],"curies":[{"name":"wp","href":"https:\/\/api.w.org\/{rel}","templated":true}]}}