{"id":7960,"date":"2022-06-21T01:10:54","date_gmt":"2022-06-21T01:10:54","guid":{"rendered":"https:\/\/www.affinite.fr\/index.php\/2022\/06\/21\/catherine-matausch-a-disparu-du-19-20-elle-revele-son-cancer\/"},"modified":"2022-06-21T01:10:54","modified_gmt":"2022-06-21T01:10:54","slug":"catherine-matausch-a-disparu-du-19-20-elle-revele-son-cancer","status":"publish","type":"post","link":"http:\/\/www.affinite.fr\/index.php\/2022\/06\/21\/catherine-matausch-a-disparu-du-19-20-elle-revele-son-cancer\/","title":{"rendered":"Catherine Matausch a disparu du 19\/20\u00a0: elle r\u00e9v\u00e8le son cancer"},"content":{"rendered":"<p> [ad_1]<br \/>\n<br \/><img decoding=\"async\" src=\"https:\/\/img-3.journaldesfemmes.fr\/GxBh6l9dRlSICYifXFu3tJmVFKo=\/1280x\/smart\/43d7c001e3a04c72804273cd03036e95\/ccmcms-jdf\/35475168.jpg\" \/><\/p>\n<p>\n                Figure embl\u00e9matique du 19\/20\u00a0le week-end sur France 3, Catherine Matausch avait disparu du petit \u00e9cran depuis le mois de mars dernier. Interrog\u00e9e par TV Grandes Cha\u00eenes, la journaliste est finalement sortie du silence pour d\u00e9voiler la raison de son absence: elle est atteinte d&rsquo;un cancer.            <\/p>\n<div>\n<p>Pr\u00e9sente tous les week-end \u00e0 l&rsquo;animation du 19\/20\u00a0de France 3, <strong>Catherine Matausch<\/strong> fait partie du paysage audiovisuel fran\u00e7ais depuis plus de 30\u00a0ans.<strong> Mais depuis le mois de mars 2022<\/strong>, la journaliste a quitt\u00e9 l&rsquo;antenne sans raison officielle. Lundi 20\u00a0juin, dans une interview accord\u00e9e \u00e0 <em>TV Grandes Cha\u00eenes<\/em>, la pr\u00e9sentatrice du journal est revenue sur sa longue absence due \u00e0 une terrible maladie. <strong>Elle a bris\u00e9 pour la premi\u00e8re fois le silence sur les ennuis de sant\u00e9 qu&rsquo;elle a d\u00fb affronter ces derniers mois<\/strong>.<\/p>\n<h2>Catherine Matausch\u00a0souffre \u00ab\u00a0d&rsquo;un cancer du poumon\u00a0\u00bb<\/h2>\n<p>\u00ab\u00a0<em>La vie a \u00e9t\u00e9 compliqu\u00e9e depuis un an et demi.<strong> J&rsquo;ai encha\u00een\u00e9 plusieurs arr\u00eats maladies \u00e0 cause, entre autres, d&rsquo;un <a href=\"https:\/\/sante.journaldesfemmes.fr\/fiches-maladies\/2518880-cancer-du-poumon-definition-symptomes-traitement-survie-stade-esperance-de-vie-pernaut\/\" title=\"Cancer pulmonaire\">cancer du poumon<\/a><\/strong><\/em>\u00ab\u00a0, a-t-elle annonc\u00e9. Malgr\u00e9 la gravit\u00e9 de la maladie, la journaliste se veut rassurante. \u00ab\u00a0<strong><em>Je vais bien. Je vais mieux<\/em><\/strong>\u00ab\u00a0, a-t-elle confi\u00e9. Victime de la m\u00eame maladie que son d\u00e9funt confr\u00e8re Jean-Pierre Pernaut, d\u00e9c\u00e9d\u00e9 le 3 mars 2022, <strong>Catherine Matausch\u00a0souhaite avant tout alerter sur la maladie. <\/strong>\u00ab\u00a0<strong><em>C&rsquo;est bien d&rsquo;en parler, comme il l&rsquo;a fait. J&rsquo;en parle ici pour la premi\u00e8re fois<\/em><\/strong><em>. Dans mon cas, heureusement, la maladie n&rsquo;en est pas au m\u00eame stade et a \u00e9t\u00e9 trait\u00e9e \u00e0 temps<\/em>\u00ab\u00a0, a-t-elle pr\u00e9cis\u00e9. Un t\u00e9moignage poignant.<\/p>\n<h2>Catherine Matausch\u00a0: l&rsquo;autre \u00e9preuve qu&rsquo;elle a d\u00fb affronter<\/h2>\n<p>Ces derniers mois n&rsquo;ont pas \u00e9t\u00e9 faciles pour la journaliste de France 3\u00a0qui a d\u00fb surmonter une autre \u00e9preuve: le d\u00e9c\u00e8s de sa m\u00e8re en 2021.\u00a0<strong><em>\u00ab\u00a0J&rsquo;ai d\u00fb faire face aussi \u00e0 son d\u00e9c\u00e8s. J&rsquo;ai travers\u00e9 des moments de grande solitude. Une vie immobile. Cela n&rsquo;a pas \u00e9t\u00e9 dr\u00f4le pour moi, qui ait besoin de nature et de vagabondages<\/em><\/strong>\u00ab\u00a0, a-t-elle confi\u00e9.\u00a0Malgr\u00e9 ces difficult\u00e9s, Catherine Matausch ne compte pas baisser les bras. La journaliste\u00a0sera de retour aux manettes du 10\/20\u00a0le week-end sur France 3\u00a0d\u00e8s le mois de septembre.<\/p>\n<\/p><\/div>\n<p>[ad_2]<br \/>\n<br \/><a href=\"https:\/\/www.journaldesfemmes.fr\/loisirs\/tv\/2826103-catherine-matausch-absente-du-19-20-cette-grave-maladie-dont-elle-souffre\/\">Source link <\/a><\/p>\n","protected":false},"excerpt":{"rendered":"<p>[ad_1] Figure embl\u00e9matique du 19\/20\u00a0le week-end sur France 3, Catherine Matausch avait disparu du petit \u00e9cran depuis le mois de &hellip; <a href=\"http:\/\/www.affinite.fr\/index.php\/2022\/06\/21\/catherine-matausch-a-disparu-du-19-20-elle-revele-son-cancer\/\" class=\"more-link\">Plus <span class=\"screen-reader-text\">Catherine Matausch a disparu du 19\/20\u00a0: elle r\u00e9v\u00e8le son cancer<\/span> <span class=\"meta-nav\">&rarr;<\/span><\/a><\/p>\n","protected":false},"author":1,"featured_media":7961,"comment_status":"","ping_status":"open","sticky":false,"template":"","format":"standard","meta":{"_sitemap_exclude":false,"_sitemap_priority":"","_sitemap_frequency":"","footnotes":""},"categories":[1],"tags":[],"class_list":["post-7960","post","type-post","status-publish","format-standard","has-post-thumbnail","hentry","category-tous"],"_links":{"self":[{"href":"http:\/\/www.affinite.fr\/index.php\/wp-json\/wp\/v2\/posts\/7960"}],"collection":[{"href":"http:\/\/www.affinite.fr\/index.php\/wp-json\/wp\/v2\/posts"}],"about":[{"href":"http:\/\/www.affinite.fr\/index.php\/wp-json\/wp\/v2\/types\/post"}],"author":[{"embeddable":true,"href":"http:\/\/www.affinite.fr\/index.php\/wp-json\/wp\/v2\/users\/1"}],"replies":[{"embeddable":true,"href":"http:\/\/www.affinite.fr\/index.php\/wp-json\/wp\/v2\/comments?post=7960"}],"version-history":[{"count":0,"href":"http:\/\/www.affinite.fr\/index.php\/wp-json\/wp\/v2\/posts\/7960\/revisions"}],"wp:featuredmedia":[{"embeddable":true,"href":"http:\/\/www.affinite.fr\/index.php\/wp-json\/wp\/v2\/media\/7961"}],"wp:attachment":[{"href":"http:\/\/www.affinite.fr\/index.php\/wp-json\/wp\/v2\/media?parent=7960"}],"wp:term":[{"taxonomy":"category","embeddable":true,"href":"http:\/\/www.affinite.fr\/index.php\/wp-json\/wp\/v2\/categories?post=7960"},{"taxonomy":"post_tag","embeddable":true,"href":"http:\/\/www.affinite.fr\/index.php\/wp-json\/wp\/v2\/tags?post=7960"}],"curies":[{"name":"wp","href":"https:\/\/api.w.org\/{rel}","templated":true}]}}