{"id":7954,"date":"2022-06-19T08:28:25","date_gmt":"2022-06-19T08:28:25","guid":{"rendered":"https:\/\/www.affinite.fr\/index.php\/2022\/06\/19\/vod-quels-sont-les-films-a-ne-pas-rater-la-semaine-du-19-au-25-juin-post-mortem-maigret-maison-de-retraite-actus-cine\/"},"modified":"2022-06-19T08:28:25","modified_gmt":"2022-06-19T08:28:25","slug":"vod-quels-sont-les-films-a-ne-pas-rater-la-semaine-du-19-au-25-juin-post-mortem-maigret-maison-de-retraite-actus-cine","status":"publish","type":"post","link":"http:\/\/www.affinite.fr\/index.php\/2022\/06\/19\/vod-quels-sont-les-films-a-ne-pas-rater-la-semaine-du-19-au-25-juin-post-mortem-maigret-maison-de-retraite-actus-cine\/","title":{"rendered":"VOD : quels sont les films \u00e0 ne pas rater la semaine du 19 au 25 juin ? Post Mortem, Maigret, Maison de retraite&#8230; &#8211; Actus Cin\u00e9"},"content":{"rendered":"<p> [ad_1]<br \/>\n<br \/><img decoding=\"async\" src=\"http:\/\/fr.web.img2.acsta.net\/newsv7\/22\/06\/17\/18\/34\/0166473.jpg\" \/><\/p>\n<p>Quelles sont les sorties VOD du 19 au 25 juin ? La r\u00e9ponse dans notre r\u00e9capitulatif hebdomadaire.<\/p>\n<div id=\"article-content\">\n<figure class=\"player player-auto-play js-player\" data-model=\"{&quot;videos&quot;:[{&quot;id&quot;:19595111,&quot;idDailymotion&quot;:&quot;x8a1h06&quot;,&quot;sources&quot;:{&quot;high&quot;:&quot;https:\/\/fr.vid.web.acsta.net\/nmedia\/33\/22\/01\/18\/11\/19595111_hd_013.mp4&quot;,&quot;low&quot;:&quot;https:\/\/fr.vid.web.acsta.net\/nmedia\/33\/22\/01\/18\/11\/19595111_l_013.mp4&quot;,&quot;medium&quot;:&quot;https:\/\/fr.vid.web.acsta.net\/nmedia\/33\/22\/01\/18\/11\/19595111_m_013.mp4&quot;,&quot;standard&quot;:&quot;https:\/\/fr.vid.web.acsta.net\/nmedia\/33\/22\/01\/18\/11\/19595111_sd_013.mp4&quot;},&quot;image&quot;:&quot;\/videothumbnails\/21\/12\/20\/10\/19\/2981754.jpg&quot;,&quot;title&quot;:&quot;Maison de Retraite Bande-annonce VF&quot;,&quot;trackingIdentifier&quot;:&quot;19595111-maison_de_retraite_bande_annonce_vf&quot;,&quot;embedUrl&quot;:&quot;ACraHRACr0cHM6Ly9wbGF5ZXIuYWxsb2NpbmUuZnIvMTk1OTUxMTEuaHRtbA==&quot;,&quot;file_type&quot;:&quot;TRAILER&quot;,&quot;description&quot;:&quot;Maison de Retraite Bande-annonce VF&quot;,&quot;duration&quot;:102,&quot;view_count&quot;:236579,&quot;added_at&quot;:{&quot;date&quot;:&quot;2021-12-20 10:14:00.000000&quot;,&quot;timezone_type&quot;:3,&quot;timezone&quot;:&quot;Europe\/Paris&quot;},&quot;metas&quot;:{&quot;id_main_show&quot;:null,&quot;name_main_show&quot;:null,&quot;image_main_show&quot;:null,&quot;id_main_movie&quot;:285300,&quot;name_main_movie&quot;:&quot;Maison de Retraite&quot;,&quot;image_main_movie&quot;:&quot;\/pictures\/21\/12\/03\/13\/10\/5145956.jpg&quot;,&quot;id_main_series&quot;:null,&quot;name_main_series&quot;:null,&quot;image_main_series&quot;:null,&quot;id_main_season&quot;:null,&quot;name_main_season&quot;:null,&quot;image_main_season&quot;:null,&quot;main_season_number&quot;:null,&quot;id_main_person&quot;:null,&quot;name_main_person&quot;:null,&quot;image_main_person&quot;:null,&quot;use_portal&quot;:null,&quot;release_date_main_movie&quot;:null,&quot;nb_days_release_main_movie&quot;:null,&quot;id_meta_category&quot;:null,&quot;name_meta_category&quot;:null,&quot;localized_file_type&quot;:null,&quot;trans_file_type&quot;:null,&quot;main_movie_type&quot;:null,&quot;main_season_rating&quot;:null,&quot;main_series_rating&quot;:null,&quot;main_season_user_note_count&quot;:null,&quot;genre_main_movie&quot;:null,&quot;genre_main_series&quot;:null,&quot;release_status_movie&quot;:null,&quot;release_status_series&quot;:null},&quot;relatedEntityType&quot;:&quot;movie&quot;,&quot;relatedEntityId&quot;:285300,&quot;relatedEntityTitle&quot;:&quot;Maison de Retraite&quot;,&quot;relatedEntityUrl&quot;:&quot;ACraHRACr0cHM6Ly93d3cuYWxsb2NpbmUuZnIvZmlsbS9maWNoZWZpbG1fZ2VuX2NmaWxtPTI4NTMwMC5odG1s&quot;,&quot;mediaUrl&quot;:&quot;ACraHRACr0cHM6Ly93d3cuYWxsb2NpbmUuZnIvdmlkZW8vcGxheWVyX2dlbl9jbWVkaWE9MTk1OTUxMTEmY2ZpbG09Mjg1MzAwLmh0bWw=&quot;,&quot;relatedEntityTrackingIdentifier&quot;:&quot;285300-maison_de_retraite&quot;,&quot;genres&quot;:[&quot;COMEDY&quot;],&quot;relatedEntityDistributor&quot;:null,&quot;relatedEntityDistributorId&quot;:null,&quot;entityStatus&quot;:null}],&quot;disablePreroll&quot;:false,&quot;disablePostroll&quot;:false,&quot;endScreen&quot;:true,&quot;context&quot;:&quot;newspage_news&quot;,&quot;launch&quot;:&quot;auto-play&quot;,&quot;followScroll&quot;:true,&quot;editorialContent&quot;:&quot;18710956-vod_quels_sont_les_films_a_ne_pas_rater_la_semaine_du_19_au_25_juin_post_mortem_maigret_maison_de_retraite&quot;,&quot;disableAutoPause&quot;:true,&quot;player_position&quot;:&quot;playertop&quot;}\" data-thumb=\"https:\/\/fr.web.img6.acsta.net\/r_640_360\/videothumbnails\/21\/12\/20\/10\/19\/2981754.jpg\">\n<\/figure>\n<p>Maison de <a href=\"http:\/\/www.affinite.fr\/index.php\/2023\/07\/29\/changer-de-vie-voyager-complement-de-retraite-devenez-vendeur-de-glace-a-litalienne\/\">retraite<\/a><\/p>\n<p><strong>Disponible en VOD le 21 juin 2022<\/strong><\/p>\n<p>Afin d\u2019\u00e9viter la case prison, Milann, 30 ans, est contraint d\u2019effectuer 300 heures de travaux d\u2019int\u00e9r\u00eat g\u00e9n\u00e9ral dans une maison de retraite, Les Mimosas. Ses premi\u00e8res semaines sont un v\u00e9ritable enfer ! Mais il se fait rapidement adopter par les retrait\u00e9s, en particulier par une bande de 7 ins\u00e9parables qui lui apprennent, chacun \u00e0 leur mani\u00e8re, leur vision de la vie. Au fil des semaines, Milann d\u00e9couvre que l\u2019\u00e9tablissement profite de la vuln\u00e9rabilit\u00e9 de ses pensionnaires pour les arnaquer. Il d\u00e9cide alors d\u2019organiser une grande \u00e9vasion, mais il n\u2019est pas au bout de ses peines&#8230;<\/p>\n<p>Soy Libre<\/p>\n<p><strong>Disponible en VOD le 21 juin 2022<\/strong><\/p>\n<p>Arnaud, c\u2019est mon petit fr\u00e8re. Un jour, je me suis rendue compte qu\u2019il \u00e9tait d\u00e9j\u00e0 grand. Il est n\u00e9 l\u00e0 o\u00f9 on ne choisit pas et cherche ce qu\u2019il aurait d\u00fb \u00eatre. Libre.<\/p>\n<p>Un autre monde<\/p>\n<p><strong>Disponible en VOD le 21 juin 2022<\/strong><\/p>\n<p>Un cadre d&rsquo;entreprise, sa femme, sa famille, au moment o\u00f9 les choix professionnels de l&rsquo;un font basculer la vie de tous. Philippe Lemesle et sa femme se s\u00e9parent, un amour abim\u00e9 par la pression du travail. Cadre performant dans un groupe industriel, Philippe ne sait plus r\u00e9pondre aux injonctions incoh\u00e9rentes de sa direction. On le voulait hier dirigeant, on le veut aujourd&rsquo;hui ex\u00e9cutant. Il est \u00e0 l&rsquo;instant o\u00f9 il lui faut d\u00e9cider du sens de sa vie.\u00a0<\/p>\n<p>Robuste<\/p>\n<p><strong>Disponible en VOD le 21 juin 2022<\/strong><\/p>\n<p>Lorsque son bras droit et seul compagnon doit s\u2019absenter pendant plusieurs semaines, Georges, star de cine\u0301ma vieillissante, se voit attribuer une remplac\u0327ante, Ai\u0308ssa. Entre l\u2019acteur de\u0301sabuse\u0301 et la jeune agente de se\u0301curite\u0301, un lien unique va se nouer.<\/p>\n<p>Hopper et le Hamster des t\u00e9n\u00e8bres<\/p>\n<p><strong>Disponible en VOD le 22 juin 2022<\/strong><\/p>\n<p>Bienvenue au Royaume de Plumebarbe ! Le jeune Hopper Chickenson est le fils adoptif du Roi Arthur, un c\u00e9l\u00e8bre lapin aventurier. Mi poulet \/ mi lapin, notre jeune h\u00e9ros est lui-m\u00eame obs\u00e9d\u00e9 par l&rsquo;aventure, mais sa maladresse lui joue souvent des tours. Lorsque Harold, le fr\u00e8re du Roi Arthur, s&rsquo;\u00e9chappe de prison pour trouver le Sceptre du Hamster des T\u00e9n\u00e8bres et renverser son fr\u00e8re, Hopper d\u00e9cide de se lancer \u00e0 sa poursuite. Avec l&rsquo;aide de son fid\u00e8le serviteur Archie, une tortue sarcastique, et de Meg, une mouffette experte en arts martiaux, il se lance dans une aventure \u00e9pique. Ensemble, ce trio hilarant fera face \u00e0 de multiples obstacles et Hopper tentera d&rsquo;accepter ses diff\u00e9rences pour devenir l&rsquo;aventurier ultime.<\/p>\n<p>Uncharted\u00a0<\/p>\n<p><strong>Disponible en VOD le 22 juin 2022<\/strong><\/p>\n<p>Nathan Drake, voleur astucieux et intr\u00e9pide, est recrut\u00e9 par le chasseur de tr\u00e9sors chevronn\u00e9 Victor \u00ab Sully \u00bb Sullivan pour retrouver la fortune de Ferdinand Magellan, disparue il y a 500 ans. Ce qui ressemble d\u2019abord \u00e0 un simple casse devient finalement une course effr\u00e9n\u00e9e autour du globe pour s\u2019emparer du tr\u00e9sor avant l\u2019impitoyable Moncada, qui est persuad\u00e9 que sa famille est l\u2019h\u00e9riti\u00e8re l\u00e9gitime de cette fortune. Si Nathan et Sully r\u00e9ussissent \u00e0 d\u00e9chiffrer les indices et r\u00e9soudre l\u2019un des plus anciens myst\u00e8res du monde, ils pourraient rafler la somme de 5 milliards de dollars et peut-\u00eatre m\u00eame retrouver le fr\u00e8re de Nathan, disparu depuis longtemps\u2026 mais encore faudrait-il qu\u2019ils apprennent \u00e0 travailler ensemble.<\/p>\n<p>Post Mortem<\/p>\n<p><strong>Disponible en VOD le 22 juin 2022<\/strong><\/p>\n<p>Hongrie, 1919. Miraculeusement revenu du front, Tomas exerce comme photographe post mortem dans une foire itin\u00e9rante : \u00e0 la demande des familles, il immortalise les d\u00e9funts en recr\u00e9ant l&rsquo;illusion de la vie par de savantes mises en sc\u00e8ne. Alors qu&rsquo;il vient d&rsquo;arriver dans un village lourdement endeuill\u00e9, il est saisi par les r\u00e9v\u00e9lations de la jeune Anna : le village serait hant\u00e9 par des spectres myst\u00e9rieux et terrifiants&#8230;<\/p>\n<p>Maigret<\/p>\n<p><strong>Disponible en VOD le 23 juin 2022<\/strong><\/p>\n<p>Maigret enqu\u00eate sur la mort d\u2019une jeune fille. Rien ne permet de l\u2019identifier, personne ne semble l\u2019avoir connue, ni se souvenir d\u2019elle. Il rencontre une d\u00e9linquante, qui ressemble \u00e9trangement a\u0300 la victime, et r\u00e9veille en lui le souvenir d\u2019une autre disparition, plus ancienne et plus intime\u2026<span><br \/><\/span><\/p>\n<p>\u00a0<\/p>\n<\/div>\n<p>[ad_2]<br \/>\n<br \/><a href=\"http:\/\/www.allocine.fr\/article\/fichearticle_gen_carticle=18710956.html\">Source link <\/a><\/p>\n","protected":false},"excerpt":{"rendered":"<p>[ad_1] Quelles sont les sorties VOD du 19 au 25 juin ? La r\u00e9ponse dans notre r\u00e9capitulatif hebdomadaire. Maison de &hellip; <a href=\"http:\/\/www.affinite.fr\/index.php\/2022\/06\/19\/vod-quels-sont-les-films-a-ne-pas-rater-la-semaine-du-19-au-25-juin-post-mortem-maigret-maison-de-retraite-actus-cine\/\" class=\"more-link\">Plus <span class=\"screen-reader-text\">VOD : quels sont les films \u00e0 ne pas rater la semaine du 19 au 25 juin ? Post Mortem, Maigret, Maison de retraite&#8230; &#8211; Actus Cin\u00e9<\/span> <span class=\"meta-nav\">&rarr;<\/span><\/a><\/p>\n","protected":false},"author":1,"featured_media":7955,"comment_status":"","ping_status":"open","sticky":false,"template":"","format":"standard","meta":{"_sitemap_exclude":false,"_sitemap_priority":"","_sitemap_frequency":"","footnotes":""},"categories":[1],"tags":[],"class_list":["post-7954","post","type-post","status-publish","format-standard","has-post-thumbnail","hentry","category-tous"],"_links":{"self":[{"href":"http:\/\/www.affinite.fr\/index.php\/wp-json\/wp\/v2\/posts\/7954"}],"collection":[{"href":"http:\/\/www.affinite.fr\/index.php\/wp-json\/wp\/v2\/posts"}],"about":[{"href":"http:\/\/www.affinite.fr\/index.php\/wp-json\/wp\/v2\/types\/post"}],"author":[{"embeddable":true,"href":"http:\/\/www.affinite.fr\/index.php\/wp-json\/wp\/v2\/users\/1"}],"replies":[{"embeddable":true,"href":"http:\/\/www.affinite.fr\/index.php\/wp-json\/wp\/v2\/comments?post=7954"}],"version-history":[{"count":0,"href":"http:\/\/www.affinite.fr\/index.php\/wp-json\/wp\/v2\/posts\/7954\/revisions"}],"wp:featuredmedia":[{"embeddable":true,"href":"http:\/\/www.affinite.fr\/index.php\/wp-json\/wp\/v2\/media\/7955"}],"wp:attachment":[{"href":"http:\/\/www.affinite.fr\/index.php\/wp-json\/wp\/v2\/media?parent=7954"}],"wp:term":[{"taxonomy":"category","embeddable":true,"href":"http:\/\/www.affinite.fr\/index.php\/wp-json\/wp\/v2\/categories?post=7954"},{"taxonomy":"post_tag","embeddable":true,"href":"http:\/\/www.affinite.fr\/index.php\/wp-json\/wp\/v2\/tags?post=7954"}],"curies":[{"name":"wp","href":"https:\/\/api.w.org\/{rel}","templated":true}]}}