{"id":7939,"date":"2022-06-16T00:59:18","date_gmt":"2022-06-16T00:59:18","guid":{"rendered":"https:\/\/www.affinite.fr\/index.php\/2022\/06\/16\/charlene-de-monaco-encore-absente-ce-quelle-a-manque\/"},"modified":"2022-06-16T00:59:18","modified_gmt":"2022-06-16T00:59:18","slug":"charlene-de-monaco-encore-absente-ce-quelle-a-manque","status":"publish","type":"post","link":"http:\/\/www.affinite.fr\/index.php\/2022\/06\/16\/charlene-de-monaco-encore-absente-ce-quelle-a-manque\/","title":{"rendered":"Charlene de Monaco, (encore) absente\u00a0? Ce qu&rsquo;elle a manqu\u00e9"},"content":{"rendered":"<p> [ad_1]<br \/>\n<br \/><img decoding=\"async\" src=\"https:\/\/img-3.journaldesfemmes.fr\/_-J-viqaNZpPlIfMXCkB6rKJ48U=\/1280x\/smart\/df6eaa2904324483ab970908774a97ac\/ccmcms-jdf\/35317517.jpg\" \/><\/p>\n<p>\n                Charlene de Monaco a-t-elle (encore) disparu\u00a0? L&rsquo;\u00e9pouse du prince Albert, contamin\u00e9e \u00e0 la Covid-19\u00a0au d\u00e9but du mois, a manqu\u00e9 des \u00e9v\u00e8nements marquants&#8230;            <\/p>\n<div>\n<p>Mais o\u00f9 est (encore) pass\u00e9e <strong>Charlene de Monaco<\/strong>? Apr\u00e8s avoir fait une <strong>apparition remarqu\u00e9e<\/strong> avec ses <strong>jumeaux Jacques et Gabriella<\/strong>, ainsi que son <strong>mari le prince Albert<\/strong>, au Grand Prix de Formule 1 \u00e0 Monaco, le 29 mai, la princesse du Rocher brille d\u00e9sormais par son absence. L&rsquo;ancienne nageuse n&rsquo;\u00e9tait pas au <strong>Water Bike Challenge<\/strong>, pourtant lanc\u00e9 par sa propre fondation, et n&rsquo;\u00e9tait pas non plus de la partie lors des\u00a0<strong>Water Safety Days<\/strong>, qui avaient lieu en Corse les 10 et 11 juin, un \u00e9v\u00e8nement auquel l&rsquo;\u00e9pouse du prince Albert a \u00e0 c\u0153ur d&rsquo;assister chaque ann\u00e9e.<\/p>\n<h2>Charlene de Monaco, contamin\u00e9e au coronavirus : doit-on \u00ab\u00a0s&rsquo;inqui\u00e9ter\u00a0\u00bb ?<\/h2>\n<p><strong>Contamin\u00e9e au <a href=\"https:\/\/sante.journaldesfemmes.fr\/fiches-maladies\/2771815-chiffres-covid-france-hospitalisation-reanimation-cas-incidence-14-15-juin\/\" title=\"Covid-19\">coronavirus<\/a><\/strong>, la m\u00e8re de Jacques et Gabriella, \u00e2g\u00e9e de 44 ans, \u00e9tait en convalescence pour l&rsquo;\u00e9v\u00e8nement du 5 juin et ne pouvait donc pas faire une apparition. Mais quid des Water Safety Days, qui ont eu lieu environ une semaine apr\u00e8s l&rsquo;annonce de sa contamination? Le peuple de Monaco doit-il <strong>craindre pour la sant\u00e9 de sa princesse<\/strong>? Que nenni, selon le palais princier, qui \u00e9voque \u00ab\u00a0<em>quelques sympt\u00f4mes<\/em>\u00a0\u00bb et assure que son \u00e9tat \u00ab\u00a0<strong><em>n&rsquo;inspire aucune inqui\u00e9tude<\/em><\/strong>\u00ab\u00a0.<\/p>\n<h2>Charlene de Monaco : \u00ab\u00a0ce qui pouvait arriver de plus beau\u00a0\u00bb<\/h2>\n<p>Le 4 juin, le prince Albert avait rassur\u00e9 les foules au sujet de l&rsquo;\u00e9tat d&rsquo;esprit de son \u00e9pouse, aupr\u00e8s du <em>Journal du Dimanche<\/em>: \u00ab\u00a0<em>Aujourd&rsquo;hui, Charlene est de retour parmi nous et <strong>c&rsquo;est ce qui pouvait arriver de plus beau<\/strong>. Elle va mieux, nous pouvons enfin passer du temps ensemble. C&rsquo;est un soulagement et une joie pour nous tous<\/em>\u00ab\u00a0.<\/p>\n<\/p><\/div>\n<p>[ad_2]<br \/>\n<br \/><a href=\"https:\/\/www.journaldesfemmes.fr\/people\/actus\/2824907-charlene-monaco-absente-covid-coronavirus-disparue-mariage-prince-albert-age-jumeaux\/\">Source link <\/a><\/p>\n","protected":false},"excerpt":{"rendered":"<p>[ad_1] Charlene de Monaco a-t-elle (encore) disparu\u00a0? L&rsquo;\u00e9pouse du prince Albert, contamin\u00e9e \u00e0 la Covid-19\u00a0au d\u00e9but du mois, a manqu\u00e9 &hellip; <a href=\"http:\/\/www.affinite.fr\/index.php\/2022\/06\/16\/charlene-de-monaco-encore-absente-ce-quelle-a-manque\/\" class=\"more-link\">Plus <span class=\"screen-reader-text\">Charlene de Monaco, (encore) absente\u00a0? Ce qu&rsquo;elle a manqu\u00e9<\/span> <span class=\"meta-nav\">&rarr;<\/span><\/a><\/p>\n","protected":false},"author":1,"featured_media":7940,"comment_status":"","ping_status":"open","sticky":false,"template":"","format":"standard","meta":{"_sitemap_exclude":false,"_sitemap_priority":"","_sitemap_frequency":"","footnotes":""},"categories":[1],"tags":[],"class_list":["post-7939","post","type-post","status-publish","format-standard","has-post-thumbnail","hentry","category-tous"],"_links":{"self":[{"href":"http:\/\/www.affinite.fr\/index.php\/wp-json\/wp\/v2\/posts\/7939"}],"collection":[{"href":"http:\/\/www.affinite.fr\/index.php\/wp-json\/wp\/v2\/posts"}],"about":[{"href":"http:\/\/www.affinite.fr\/index.php\/wp-json\/wp\/v2\/types\/post"}],"author":[{"embeddable":true,"href":"http:\/\/www.affinite.fr\/index.php\/wp-json\/wp\/v2\/users\/1"}],"replies":[{"embeddable":true,"href":"http:\/\/www.affinite.fr\/index.php\/wp-json\/wp\/v2\/comments?post=7939"}],"version-history":[{"count":0,"href":"http:\/\/www.affinite.fr\/index.php\/wp-json\/wp\/v2\/posts\/7939\/revisions"}],"wp:featuredmedia":[{"embeddable":true,"href":"http:\/\/www.affinite.fr\/index.php\/wp-json\/wp\/v2\/media\/7940"}],"wp:attachment":[{"href":"http:\/\/www.affinite.fr\/index.php\/wp-json\/wp\/v2\/media?parent=7939"}],"wp:term":[{"taxonomy":"category","embeddable":true,"href":"http:\/\/www.affinite.fr\/index.php\/wp-json\/wp\/v2\/categories?post=7939"},{"taxonomy":"post_tag","embeddable":true,"href":"http:\/\/www.affinite.fr\/index.php\/wp-json\/wp\/v2\/tags?post=7939"}],"curies":[{"name":"wp","href":"https:\/\/api.w.org\/{rel}","templated":true}]}}