{"id":7923,"date":"2022-06-11T00:53:00","date_gmt":"2022-06-11T00:53:00","guid":{"rendered":"https:\/\/www.affinite.fr\/index.php\/2022\/06\/11\/sa-lutte-contre-le-secret-et-la-honte\/"},"modified":"2022-06-11T00:53:00","modified_gmt":"2022-06-11T00:53:00","slug":"sa-lutte-contre-le-secret-et-la-honte","status":"publish","type":"post","link":"http:\/\/www.affinite.fr\/index.php\/2022\/06\/11\/sa-lutte-contre-le-secret-et-la-honte\/","title":{"rendered":"sa lutte contre \u00ab\u00a0le secret et la honte\u00a0\u00bb"},"content":{"rendered":"<p> [ad_1]<br \/>\n<br \/><img decoding=\"async\" src=\"https:\/\/img-3.journaldesfemmes.fr\/3WMjAenSDIZeR6zXt8RyoiNXQEw=\/1280x\/smart\/fef9f7c852c54e9fae5311fccb465564\/ccmcms-jdf\/35195275.jpg\" \/><\/p>\n<p>\n                \u00c0 53\u00a0ans, l&rsquo;actrice hollywoodienne n&rsquo;a plus rien \u00e0 prouver. Ni sur sa carri\u00e8re, ni sur sa f\u00e9minit\u00e9. Dans un t\u00e9moignage touchant sur les r\u00e9seaux sociaux, elle \u00e9voque sa m\u00e9nopause et les tabous li\u00e9s \u00e0 l&rsquo;\u00e2ge.            <\/p>\n<div>\n<p>Pas question pour elle de passer sous silence ce qu&rsquo;endure une immense partie de la population mondiale. <strong><a href=\"https:\/\/www.journaldesfemmes.fr\/people\/naomi-watts\/\" title=\"Naomi Watts\">Naomi Watts<\/a><\/strong>, la cinquantaine rayonnante, s&rsquo;est laiss\u00e9e aller \u00e0 un t\u00e9moignage sur son compte Instagram \u00e0 destination de ses abonn\u00e9s. On y d\u00e9couvre une photo d&rsquo;elle au naturel, accompagn\u00e9e d&rsquo;une longue l\u00e9gende destin\u00e9e \u00e0 <strong>lever les tabous autour de la <a href=\"https:\/\/sante.journaldesfemmes.fr\/fiches-sexo-gyneco\/2504370-menopause-definition-age-premiers-symptomes-traitements\/\" title=\"M\u00e9nopause\">m\u00e9nopause<\/a><\/strong>.<\/p>\n<h2>Naomi Watts a v\u00e9cu une m\u00e9nopause pr\u00e9coce \u00e0 la fin de la trentaine<\/h2>\n<p>\u00ab\u00a0<em>Est-ce que le mot m\u00e9nopause vous effraie?<\/em>\u00a0\u00bb C&rsquo;est par ces mots que la superstar d\u00e9marre son monologue. Une entr\u00e9e en mati\u00e8re directe, qui lui permet d&rsquo;\u00e9voquer cette phase de la vie qu&rsquo;elle a travers\u00e9e. Confiant elle aussi avoir eu peur de ce mot, de sa signification et de ses r\u00e9percussions sur sa vie de femme, elle pr\u00e9cise y avoir \u00e9t\u00e9 confront\u00e9e tr\u00e8s t\u00f4t. Plus t\u00f4t que la moyenne. \u00ab\u00a0<strong><em>Quand j&rsquo;\u00e9tais \u00e0 la fin de ma trentaine, je me sentais enfin pr\u00eate \u00e0 penser \u00e0 fonder une famille. Le mot M a fait sauter mes portes<\/em><\/strong>.\u00a0\u00bb Comparant la violence de l&rsquo;annonce \u00e0 une collision avec un camion.<\/p>\n<h2>Naomi Watts sur la m\u00e9nopause: \u00ab\u00a0Je ne savais pas comment demander de l&rsquo;aide\u00a0\u00bb<\/h2>\n<p>L&rsquo;actrice aux grands yeux bleus raconte ses inqui\u00e9tudes et ses doutes, le silence qui entoure l&rsquo;annonce de son diagnostic de m\u00e9nopause pr\u00e9coce. \u00ab\u00a0<strong><em>Comment pouvais-je m&rsquo;en sortir alors que personne n&rsquo;en parlait?<\/em><\/strong>\u00a0\u00bb Difficile de trouver une parole r\u00e9confortante dans son entourage tant l&rsquo;\u00e9tonnement est total, le tabou profond.<\/p>\n<p>\u00ab\u00a0<em>Mes mentors et ma m\u00e8re ne semblaient pas dispos\u00e9es \u00e0 en discuter, je ne savais pas comment demander de l&rsquo;aide et elles ne savaient pas comment m&rsquo;aider.<\/em>\u00a0\u00bb M\u00eame son de cloche du c\u00f4t\u00e9 des m\u00e9decins, qui se contentent d&rsquo;entretenir ce \u00ab\u00a0<strong><em>code de silence<\/em><\/strong>\u00ab\u00a0.<\/p>\n<h2>Naomi Watts: \u00ab\u00a0Vieillir est un privil\u00e8ge\u00a0\u00bb<\/h2>\n<p>Tr\u00e8s engag\u00e9e, <strong>cette maman de deux gar\u00e7ons (n\u00e9s de son union avec Liev Schreiber, Alexander n\u00e9 en 2007 et Samuel n\u00e9 en 2008<\/strong>) encourage chacune \u00e0 rompre ce silence, \u00e0 faire en sorte que les femmes \u00e0 l&rsquo;aube de la m\u00e9nopause ou traversant cette phase de leur existence soient mieux repr\u00e9sent\u00e9es.\u00a0<strong>\u00ab\u00a0<em>Nous avons \u00e9t\u00e9 mal servis dans les m\u00e9dias, les histoires et le marketing depuis trop longtemps<\/em>\u00ab\u00a0,<\/strong> pr\u00e9cise-t-elle encore, insistant sur le fait que d&rsquo;ici 2025, 1 milliard de la population sera m\u00e9nopaus\u00e9e.<\/p>\n<p>Elle souhaite que son message \u00e0 destination de toutes &#8211; mais aussi de tous, puisqu&rsquo;elle invite les hommes \u00e0 prendre part \u00e0 cette mission de d\u00e9diabolisation de la m\u00e9nopause &#8211; soit l&rsquo;aube d&rsquo;un grand projet: celui de <strong>lutter \u00ab\u00a0<em>contre le secret et la honte<\/em>\u00ab\u00a0<\/strong>, pour \u00ab\u00a0<em>cr\u00e9er une base plus saine pour les g\u00e9n\u00e9rations futures<\/em>.\u00a0\u00bb<\/p>\n<p>Cesser d&rsquo;invisibiliser les probl\u00e9matiques f\u00e9minines, sortir du tabou de la m\u00e9nopause, vulgariser et int\u00e9grer ces discussions dans des r\u00e9flexions \u00e0 plus grande \u00e9chelle, voici les enjeux soulev\u00e9s par Naomi Watts. L&rsquo;actrice, qui a visiblement des projets en ce sens, a conclu \u00e9l\u00e9gamment: \u00ab\u00a0<strong><em>Vieillir est un privil\u00e8ge. Il est temps pour nous d&rsquo;\u00eatre fi\u00e8res de nos exp\u00e9riences<\/em><\/strong>.\u00a0\u00bb Car non, vous n&rsquo;\u00eates pas seules. Une prise de parole qui a le m\u00e9rite de mettre en lumi\u00e8re cette phase de la vie, bien souvent pass\u00e9e sous silence.<\/p>\n<\/p><\/div>\n<p>[ad_2]<br \/>\n<br \/><a href=\"https:\/\/www.journaldesfemmes.fr\/societe\/actu\/2823649-naomi-watts-l-actrice-leve-les-tabous-sur-la-menopause\/\">Source link <\/a><\/p>\n","protected":false},"excerpt":{"rendered":"<p>[ad_1] \u00c0 53\u00a0ans, l&rsquo;actrice hollywoodienne n&rsquo;a plus rien \u00e0 prouver. Ni sur sa carri\u00e8re, ni sur sa f\u00e9minit\u00e9. Dans un &hellip; <a href=\"http:\/\/www.affinite.fr\/index.php\/2022\/06\/11\/sa-lutte-contre-le-secret-et-la-honte\/\" class=\"more-link\">Plus <span class=\"screen-reader-text\">sa lutte contre \u00ab\u00a0le secret et la honte\u00a0\u00bb<\/span> <span class=\"meta-nav\">&rarr;<\/span><\/a><\/p>\n","protected":false},"author":1,"featured_media":7924,"comment_status":"","ping_status":"open","sticky":false,"template":"","format":"standard","meta":{"_sitemap_exclude":false,"_sitemap_priority":"","_sitemap_frequency":"","footnotes":""},"categories":[1],"tags":[],"class_list":["post-7923","post","type-post","status-publish","format-standard","has-post-thumbnail","hentry","category-tous"],"_links":{"self":[{"href":"http:\/\/www.affinite.fr\/index.php\/wp-json\/wp\/v2\/posts\/7923"}],"collection":[{"href":"http:\/\/www.affinite.fr\/index.php\/wp-json\/wp\/v2\/posts"}],"about":[{"href":"http:\/\/www.affinite.fr\/index.php\/wp-json\/wp\/v2\/types\/post"}],"author":[{"embeddable":true,"href":"http:\/\/www.affinite.fr\/index.php\/wp-json\/wp\/v2\/users\/1"}],"replies":[{"embeddable":true,"href":"http:\/\/www.affinite.fr\/index.php\/wp-json\/wp\/v2\/comments?post=7923"}],"version-history":[{"count":0,"href":"http:\/\/www.affinite.fr\/index.php\/wp-json\/wp\/v2\/posts\/7923\/revisions"}],"wp:featuredmedia":[{"embeddable":true,"href":"http:\/\/www.affinite.fr\/index.php\/wp-json\/wp\/v2\/media\/7924"}],"wp:attachment":[{"href":"http:\/\/www.affinite.fr\/index.php\/wp-json\/wp\/v2\/media?parent=7923"}],"wp:term":[{"taxonomy":"category","embeddable":true,"href":"http:\/\/www.affinite.fr\/index.php\/wp-json\/wp\/v2\/categories?post=7923"},{"taxonomy":"post_tag","embeddable":true,"href":"http:\/\/www.affinite.fr\/index.php\/wp-json\/wp\/v2\/tags?post=7923"}],"curies":[{"name":"wp","href":"https:\/\/api.w.org\/{rel}","templated":true}]}}