{"id":7905,"date":"2022-06-07T00:34:25","date_gmt":"2022-06-07T00:34:25","guid":{"rendered":"https:\/\/www.affinite.fr\/index.php\/2022\/06\/07\/que-se-passera-t-il-a-la-mort-de-la-reine-elisabeth-ii\/"},"modified":"2022-06-07T00:34:25","modified_gmt":"2022-06-07T00:34:25","slug":"que-se-passera-t-il-a-la-mort-de-la-reine-elisabeth-ii","status":"publish","type":"post","link":"http:\/\/www.affinite.fr\/index.php\/2022\/06\/07\/que-se-passera-t-il-a-la-mort-de-la-reine-elisabeth-ii\/","title":{"rendered":"que se passera-t-il \u00e0 la mort de la reine Elisabeth II\u00a0?"},"content":{"rendered":"<p> [ad_1]<br \/>\n<br \/><img decoding=\"async\" src=\"https:\/\/img-3.journaldesfemmes.fr\/eF0reOvvdmQBh7bnfrrCEvwa48E=\/1280x\/smart\/990d8c83849d4bccad0f506f15783e4b\/ccmcms-jdf\/35095310.jpg\" \/><\/p>\n<p>\n                La mort de la reine Elisabeth II est un v\u00e9ritable tabou au Royaume-Uni. Une \u00e9ch\u00e9ance \u00e0 laquelle les Anglais ne pr\u00e9f\u00e8rent pas penser et dont ils ne parlent surtout pas. Pourtant, voil\u00e0 d\u00e9j\u00e0 quelques ann\u00e9es que la monarchie et le gouvernement anglais y sont largement pr\u00e9par\u00e9s. Si le protocole a \u00e9t\u00e9 mis \u00e0 jour r\u00e9cemment, il a \u00e9t\u00e9 pens\u00e9 dans les ann\u00e9es 1960. Et il porte m\u00eame un nom\u00a0: l&rsquo;op\u00e9ration \u00ab\u00a0London Bridge\u00a0\u00bb.            <\/p>\n<div>\n<p>\u00c0 96\u00a0ans aujourd&rsquo;hui, et bien que ses apparitions publiques se fassent de plus en plus rares, la reine Elisabeth II est toujours sous le feu des projecteurs. Elle d\u00e9tient m\u00eame <strong>le record de long\u00e9vit\u00e9 pour une souveraine britannique\u00a0: 70\u00a0ans de r\u00e8gne<\/strong>\u2026 Pour le moment\u00a0! <strong>Un jubil\u00e9 de platine que le Royaume-Uni tout entier vient de c\u00e9l\u00e9brer<\/strong> pendant quatre jours d&rsquo;hommages, de c\u00e9l\u00e9brations et de d\u00e9fil\u00e9s en tout genre. Un \u00e9v\u00e8nement international qui a pris fin ce samedi 04\u00a0juin 2022\u00a0avec un concert grandiose, le Platinium Party at the Palace, qui a notamment r\u00e9uni Alicia Keys, Hans Zimmer et George Ezra. Preuve, s&rsquo;il en fallait encore une, de l&rsquo;immense popularit\u00e9 de la souveraine britannique\u00a0: <strong>sa c\u00f4te n&rsquo;a jamais \u00e9t\u00e9 aussi haute dans les sondages<\/strong>. Selon une r\u00e9cente enqu\u00eate men\u00e9e par l&rsquo;institut YouGov, 75\u00a0% des Britanniques l&rsquo;appr\u00e9cient. Pas \u00e9tonnant donc que le sujet de sa mort reste tabou. Pourtant, il est annonc\u00e9 comme l&rsquo;\u00e9v\u00e8nement le plus m\u00e9diatique de l&rsquo;histoire du pays.\u00a0<\/p>\n<h2>L&rsquo;op\u00e9ration \u00ab\u00a0London Bridge\u00a0\u00bb\u00a0: r\u00e8gles et d\u00e9lais, tout est d\u00e9j\u00e0 fix\u00e9 pour la succession de la reine<\/h2>\n<p>Voil\u00e0 d\u00e9j\u00e0 quelques ann\u00e9es que l&rsquo;op\u00e9ration \u00ab\u00a0London Bridge\u00a0\u00bb a \u00e9t\u00e9 mise sur pieds par la monarchie et le gouvernement anglais. Jusqu&rsquo;alors tenu secret, il a finalement fuit\u00e9 en avril dernier, provoquant la col\u00e8re de Buckingham Palace. <strong>Pr\u00e9par\u00e9es depuis les ann\u00e9es 1960, les fun\u00e9railles de Elisabeth de Windsor ob\u00e9issent \u00e0 des r\u00e8gles tr\u00e8s strictes<\/strong>. C&rsquo;est le secr\u00e9taire priv\u00e9 de la reine qui sera le premier au courant de la triste nouvelle. Il sera ensuite charg\u00e9 de l&rsquo;annoncer lui-m\u00eame au premier ministre anglais (actuellement Boris Johnson) en lui dictant la phrase suivante\u00a0: <em><strong>\u00ab\u00a0London bridge is down\u00a0\u00bb<\/strong>,\u00a0\u00ab\u00a0le pont de Londres s&rsquo;est \u00e9croul\u00e9\u00a0\u00bb<\/em> en fran\u00e7ais. Un nom de code qui fera imm\u00e9diatement comprendre au chef du gouvernement que la souveraine est d\u00e9c\u00e9d\u00e9e. Le protocole officiel sera ainsi instantan\u00e9ment mis en place et le pays entrera dans <strong>une p\u00e9riode de deuil national de douze jours<\/strong>.<\/p>\n<p>Une p\u00e9riode au cours de laquelle<strong> son successeur, son fils le <a href=\"https:\/\/www.journaldesfemmes.fr\/people\/prince-charles\/\" title=\"Prince de Galles\">prince Charles<\/a><\/strong>, n&rsquo;aura pas le temps de s&rsquo;ennuyer. Et pour cause, il fera son premier discours en tant que roi le soir-m\u00eame du d\u00e9c\u00e8s de sa m\u00e8re et <strong>sera proclam\u00e9 roi le lendemain, \u00e0 11\u00a0heures pr\u00e9cises.<\/strong> Son couronnement ne sera quant \u00e0 lui effectu\u00e9 qu&rsquo;au cours des mois suivants. Durant les quatri\u00e8me, cinqui\u00e8me et sixi\u00e8me jours suivant le d\u00e9c\u00e8s de sa m\u00e8re, il devra \u00e9galement effectuer un tour du Royaume-Uni. Il rencontrera alors des repr\u00e9sentants officiels charg\u00e9s de lui pr\u00e9senter leurs condol\u00e9ances. <strong>Les fun\u00e9railles officielles de la Reine auront lieu neuf jours apr\u00e8s sa mort dans l&rsquo;abbaye de Westminster<\/strong>. En attendant son enterrement, sa d\u00e9pouille sera expos\u00e9e au palais de Westminster deux jours apr\u00e8s sa mort pour que ses sujets puissent venir lui rendre hommage. La c\u00e9r\u00e9monie officielle a d&rsquo;ailleurs enti\u00e8rement \u00e9t\u00e9 pr\u00e9par\u00e9e et il se murmure m\u00eame qu&rsquo;un dress code a d&rsquo;ores et d\u00e9j\u00e0 \u00e9t\u00e9 impos\u00e9. Elisabeth II sera enterr\u00e9e au ch\u00e2teau de Windsor, aux c\u00f4t\u00e9s de son p\u00e8re, George VI et de son mari, le prince Philip, d\u00e9c\u00e9d\u00e9 \u00e0 99\u00a0ans en avril 2021.<\/p>\n<h2>Un protocole strict jusque sur les r\u00e9seaux sociaux\u00a0<\/h2>\n<p>C\u00f4t\u00e9 presse, c&rsquo;est la Press Association qui aura la primeur de l&rsquo;information et qui sera donc charg\u00e9e de l&rsquo;apprendre \u00e0 tous les autres m\u00e9dias du monde. Un privil\u00e8ge pour cette agence de presse anglaise fond\u00e9e en 1868\u00a0puisqu&rsquo;il s&rsquo;agira l\u00e0 de la fin d&rsquo;une \u00e8re. Le d\u00e9c\u00e8s de la reine Elisabeth II mettant fin au plus long r\u00e8gne d&rsquo;une souveraine britannique. <strong>Ses fun\u00e9railles seront d&rsquo;ailleurs les premi\u00e8res d&rsquo;une monarque britannique depuis 1952<\/strong>. Tous les r\u00e9seaux de la famille royale et du gouvernement se pareront \u00e9galement obligatoirement d&rsquo;une banni\u00e8re noire et le site officiel n&rsquo;affichera lui plus qu&rsquo;une page d&rsquo;accueil noire.<\/p>\n<h2>Changement notable : les cloches<\/h2>\n<p>Au mois de mai dernier, le journal britannique <em>Mail on Sunday<\/em> a d\u00e9clar\u00e9 qu&rsquo;un changement de taille avait op\u00e9r\u00e9 dans ce protocole pour le moins strict. En effet, ce n&rsquo;\u00e9tait pas initialement pr\u00e9vu mais <strong>les cloches de la cath\u00e9drale St. Paul sonneront diff\u00e9remment qu&rsquo;\u00e0 l&rsquo;accoutum\u00e9e le jour du d\u00e9c\u00e8s de la <a href=\"https:\/\/www.journaldesfemmes.fr\/people\/actus\/2821659-jubile-elisabeth-ii-reine-angleterre-festivites-concerts-meghan-harry-macron\/\" title=\"Elizabeth II\">reine d&rsquo;Angleterre<\/a><\/strong>. Une information qu&rsquo;a d&rsquo;ailleurs confirm\u00e9 la repr\u00e9sentante du Central Council of Church Bell Ringers, en charge de faire fonctionner les cloches, dans les colonnes du journal. <em>\u00ab\u00a0Les cloches vont avoir un son plus \u00e9touff\u00e9 (&#8230;) plus solennel. Elles feront un bruit qui ressemblera \u00e0 un &lsquo;Thud, thud, thud&rsquo;, plut\u00f4t qu&rsquo;au traditionnel &lsquo;Dong, dong dong'\u00a0\u00bb<\/em>, a-t-elle d\u00e9clar\u00e9.\u00a0<\/p>\n<\/p><\/div>\n<p>[ad_2]<br \/>\n<br \/><a href=\"https:\/\/www.journaldesfemmes.fr\/people\/actus\/2822449-operation-london-bridge\/\">Source link <\/a><\/p>\n","protected":false},"excerpt":{"rendered":"<p>[ad_1] La mort de la reine Elisabeth II est un v\u00e9ritable tabou au Royaume-Uni. Une \u00e9ch\u00e9ance \u00e0 laquelle les Anglais &hellip; <a href=\"http:\/\/www.affinite.fr\/index.php\/2022\/06\/07\/que-se-passera-t-il-a-la-mort-de-la-reine-elisabeth-ii\/\" class=\"more-link\">Plus <span class=\"screen-reader-text\">que se passera-t-il \u00e0 la mort de la reine Elisabeth II\u00a0?<\/span> <span class=\"meta-nav\">&rarr;<\/span><\/a><\/p>\n","protected":false},"author":1,"featured_media":7906,"comment_status":"","ping_status":"open","sticky":false,"template":"","format":"standard","meta":{"_sitemap_exclude":false,"_sitemap_priority":"","_sitemap_frequency":"","footnotes":""},"categories":[1],"tags":[],"class_list":["post-7905","post","type-post","status-publish","format-standard","has-post-thumbnail","hentry","category-tous"],"_links":{"self":[{"href":"http:\/\/www.affinite.fr\/index.php\/wp-json\/wp\/v2\/posts\/7905"}],"collection":[{"href":"http:\/\/www.affinite.fr\/index.php\/wp-json\/wp\/v2\/posts"}],"about":[{"href":"http:\/\/www.affinite.fr\/index.php\/wp-json\/wp\/v2\/types\/post"}],"author":[{"embeddable":true,"href":"http:\/\/www.affinite.fr\/index.php\/wp-json\/wp\/v2\/users\/1"}],"replies":[{"embeddable":true,"href":"http:\/\/www.affinite.fr\/index.php\/wp-json\/wp\/v2\/comments?post=7905"}],"version-history":[{"count":0,"href":"http:\/\/www.affinite.fr\/index.php\/wp-json\/wp\/v2\/posts\/7905\/revisions"}],"wp:featuredmedia":[{"embeddable":true,"href":"http:\/\/www.affinite.fr\/index.php\/wp-json\/wp\/v2\/media\/7906"}],"wp:attachment":[{"href":"http:\/\/www.affinite.fr\/index.php\/wp-json\/wp\/v2\/media?parent=7905"}],"wp:term":[{"taxonomy":"category","embeddable":true,"href":"http:\/\/www.affinite.fr\/index.php\/wp-json\/wp\/v2\/categories?post=7905"},{"taxonomy":"post_tag","embeddable":true,"href":"http:\/\/www.affinite.fr\/index.php\/wp-json\/wp\/v2\/tags?post=7905"}],"curies":[{"name":"wp","href":"https:\/\/api.w.org\/{rel}","templated":true}]}}