{"id":79,"date":"2020-02-16T08:30:08","date_gmt":"2020-02-16T08:30:08","guid":{"rendered":"https:\/\/www.affinite.fr\/index.php\/2020\/02\/16\/les-evenements-marquants-de-lannee-2013\/"},"modified":"2020-02-16T08:30:08","modified_gmt":"2020-02-16T08:30:08","slug":"les-evenements-marquants-de-lannee-2013","status":"publish","type":"post","link":"http:\/\/www.affinite.fr\/index.php\/2020\/02\/16\/les-evenements-marquants-de-lannee-2013\/","title":{"rendered":"Les \u00e9v\u00e9nements marquants de l&rsquo;ann\u00e9e 2013"},"content":{"rendered":"<p> [ad_1]<br \/>\n<\/p>\n<div>\n<p class=\"author\"><a href=\"https:\/\/plus.google.com\/109462969394762992301\" rel=\"author\">Par Benjamin Predeau<\/a><\/p>\n<p class=\"ajouter-avis\"><a href=\"#respond\">Vous en pensez quoi ?<\/a><\/p>\n<div class=\"contenu\">\n<p>L\u2019ann\u00e9e 2013 est sur le point de s\u2019achever. En 12 mois, l\u2019actualit\u00e9 a \u00e9t\u00e9 riche en \u00e9motions. R\u00e9trospective sur les temps forts.<\/p>\n<p>\u00a0<\/p>\n<p><img loading=\"lazy\" decoding=\"async\" class=\"size-full wp-image-1102 aligncenter\" title=\"bebe-royal-george\" src=\"https:\/\/www.seniors-connectes.com\/89-seniors-conne\/wp-content\/uploads\/2013\/12\/bebe-royal-george.jpg\" alt=\"bebe royal george\" width=\"300\" height=\"229\" \/><\/p>\n<p>\u00a0<\/p>\n<p><strong>Janvier\u00a0: <\/strong>Barack Obama est de nouveau investi pr\u00e9sident des Etats-Unis. Florence Cassez est lib\u00e9r\u00e9e de prison et Lance Armstrong confesse au monde entier qu\u2019il s\u2019est dop\u00e9.<\/p>\n<p><strong>F\u00e9vrier-Mars\u00a0:<\/strong> Benoit XVI prend la d\u00e9cision de d\u00e9missionner. Une premi\u00e8re dans l\u2019\u00e8re moderne de la papaut\u00e9. Pour prendre sa place, les cardinaux d\u00e9signent pour la premi\u00e8re fois de l\u2019histoire de l\u2019Eglise, un pape sud-am\u00e9ricain, l\u2019Argentin Jorge Mario Bergoglio, qui prend le nom de pape Fran\u00e7ois.<\/p>\n<p><strong>Avril\u00a0: <\/strong>les Etats-Unis connaissent leur premier attentat sur son sol depuis celui du 11 Septembre 2001 lors du marathon de Boston.<\/p>\n<p><strong>Mai\u00a0: <\/strong>la loi sur le mariage homosexuel est vot\u00e9e en France apr\u00e8s plusieurs mois de d\u00e9bats et de manifestations.<\/p>\n<p><strong>Juin\u00a0: <\/strong>le Tour de France f\u00eate ses 100 ans et Edward Snowden fait trembler les Etats-Unis en r\u00e9v\u00e9lant au monde entier les activit\u00e9s d\u2019espionnage de l\u2019administration am\u00e9ricaine.<\/p>\n<p><strong>Juillet\u00a0: <\/strong>un train d\u00e9raille \u00e0 Saint-Jacques-de-Compostelle en Espagne provoquant le d\u00e9c\u00e8s de 78 personnes et 140 bless\u00e9s. En Angleterre, le b\u00e9b\u00e9 royal na\u00eet enfin. Il est pr\u00e9nomm\u00e9 George Alexander Louis.<\/p>\n<p><strong>Septembre\u00a0: <\/strong>le Kenya conna\u00eet un massacre sans pr\u00e9c\u00e9dent avec des terroristes qui envahissent \u00a0le centre commercial de Westgate. Plus de soixante victimes sont d\u00e9nombr\u00e9es.<\/p>\n<p><strong>Novembre\u00a0: <\/strong>l\u2019\u00e9quipe de France de football se qualifie pour la phase finale de la Coupe du monde au Br\u00e9sil aux d\u00e9pens de l\u2019Ukraine (3-0) apr\u00e8s un match-aller catastrophique (0-2).<\/p>\n<p><strong>D\u00e9cembre<\/strong>\u00a0: le monde rend hommage \u00e0 Nelson Mandela. L\u2019ancien pr\u00e9sident s\u2019\u00e9teint \u00e0 l\u2019\u00e2ge de 95 ans et est inhum\u00e9 dans sa ville natale de Qunu.<\/p>\n<p><!-- AddThis Advanced Settings above via filter on the_content --><!-- AddThis Advanced Settings below via filter on the_content --><!-- AddThis Advanced Settings generic via filter on the_content --><!-- AddThis Share Buttons above via filter on the_content --><!-- AddThis Share Buttons below via filter on the_content --><!-- AddThis Share Buttons generic via filter on the_content --><\/div>\n<\/p><\/div>\n<p>[ad_2]<br \/>\n<br \/><a href=\"https:\/\/www.seniors-connectes.com\/actus\/le-top-des-evenements-2013\">Source link <\/a><\/p>\n","protected":false},"excerpt":{"rendered":"<p>[ad_1] Par Benjamin Predeau Vous en pensez quoi ? L\u2019ann\u00e9e 2013 est sur le point de s\u2019achever. En 12 mois, &hellip; <a href=\"http:\/\/www.affinite.fr\/index.php\/2020\/02\/16\/les-evenements-marquants-de-lannee-2013\/\" class=\"more-link\">Plus <span class=\"screen-reader-text\">Les \u00e9v\u00e9nements marquants de l&rsquo;ann\u00e9e 2013<\/span> <span class=\"meta-nav\">&rarr;<\/span><\/a><\/p>\n","protected":false},"author":1,"featured_media":80,"comment_status":"open","ping_status":"open","sticky":false,"template":"","format":"standard","meta":{"_sitemap_exclude":false,"_sitemap_priority":"","_sitemap_frequency":"","footnotes":""},"categories":[1],"tags":[],"class_list":["post-79","post","type-post","status-publish","format-standard","has-post-thumbnail","hentry","category-tous"],"_links":{"self":[{"href":"http:\/\/www.affinite.fr\/index.php\/wp-json\/wp\/v2\/posts\/79"}],"collection":[{"href":"http:\/\/www.affinite.fr\/index.php\/wp-json\/wp\/v2\/posts"}],"about":[{"href":"http:\/\/www.affinite.fr\/index.php\/wp-json\/wp\/v2\/types\/post"}],"author":[{"embeddable":true,"href":"http:\/\/www.affinite.fr\/index.php\/wp-json\/wp\/v2\/users\/1"}],"replies":[{"embeddable":true,"href":"http:\/\/www.affinite.fr\/index.php\/wp-json\/wp\/v2\/comments?post=79"}],"version-history":[{"count":0,"href":"http:\/\/www.affinite.fr\/index.php\/wp-json\/wp\/v2\/posts\/79\/revisions"}],"wp:featuredmedia":[{"embeddable":true,"href":"http:\/\/www.affinite.fr\/index.php\/wp-json\/wp\/v2\/media\/80"}],"wp:attachment":[{"href":"http:\/\/www.affinite.fr\/index.php\/wp-json\/wp\/v2\/media?parent=79"}],"wp:term":[{"taxonomy":"category","embeddable":true,"href":"http:\/\/www.affinite.fr\/index.php\/wp-json\/wp\/v2\/categories?post=79"},{"taxonomy":"post_tag","embeddable":true,"href":"http:\/\/www.affinite.fr\/index.php\/wp-json\/wp\/v2\/tags?post=79"}],"curies":[{"name":"wp","href":"https:\/\/api.w.org\/{rel}","templated":true}]}}