{"id":7891,"date":"2022-06-02T00:21:58","date_gmt":"2022-06-02T00:21:58","guid":{"rendered":"https:\/\/www.affinite.fr\/index.php\/2022\/06\/02\/elodie-gossuin-quitte-son-job-pour-remplacer-sylvie-tellier-ses-ennuis-de-sante\/"},"modified":"2022-06-02T00:21:58","modified_gmt":"2022-06-02T00:21:58","slug":"elodie-gossuin-quitte-son-job-pour-remplacer-sylvie-tellier-ses-ennuis-de-sante","status":"publish","type":"post","link":"http:\/\/www.affinite.fr\/index.php\/2022\/06\/02\/elodie-gossuin-quitte-son-job-pour-remplacer-sylvie-tellier-ses-ennuis-de-sante\/","title":{"rendered":"Elodie Gossuin quitte son job&#8230; pour remplacer Sylvie Tellier\u00a0? Ses \u00ab\u00a0ennuis de sant\u00e9\u00a0\u00bb"},"content":{"rendered":"<p> [ad_1]<br \/>\n<br \/><img decoding=\"async\" src=\"https:\/\/img-3.journaldesfemmes.fr\/CrAfv8d-K5MiX6tKgO8kQ7_gBdg=\/1280x\/smart\/55380594fd01428881b13b5d745f4c8c\/ccmcms-jdf\/34959764.jpg\" \/><\/p>\n<p>\n                Elodie Gossuin a d\u00e9cid\u00e9 de quitter son poste sur RFM, apr\u00e8s 7\u00a0ans pass\u00e9s \u00e0 animer la matinale. Miss France 2001\u00a0s&rsquo;appr\u00eate-t-elle \u00e0 succ\u00e9der \u00e0 Sylvie Tellier \u00e0 la t\u00eate de la soci\u00e9t\u00e9 Miss France\u00a0?            <\/p>\n<div>\n<p><strong>Elodie Gossuin <\/strong>a pris une grande d\u00e9cision. Apr\u00e8s sept ans de bons et loyaux services, <strong><a href=\"https:\/\/www.journaldesfemmes.fr\/people\/elodie-gossuin\/\" title=\"\u00c9lodie Gossuin\">Miss France 2001<\/a> quitte la matinale RFM<\/strong>, alors qu&rsquo;elle \u00e9tait devenue la premi\u00e8re femme aux commandes d&rsquo;une matinale sur une radio musicale en 2015. Bien que la p\u00e9tillante blonde ait pris cette d\u00e9cision avec \u00ab\u00a0<em>un pincement au\u00a0<\/em><i>c\u0153ur<\/i>\u00ab\u00a0, elle est certaine de son choix: \u00ab\u00a0<em>C&rsquo;\u00e9tait une<strong> d\u00e9cision n\u00e9cessaire pour ma famille et pour moi<\/strong>. Cela fait sept ans que je me l\u00e8ve entre 3\u00a0et 4\u00a0heures du matin, que j&rsquo;encha\u00eene avec d&rsquo;autres activit\u00e9s professionnelles et ma deuxi\u00e8me journ\u00e9e de maman. <strong>Je ressens le besoin de souffler un petit peu<\/strong><\/em>\u00ab\u00a0, a-t-elle confi\u00e9 au <a href=\"https:\/\/www.leparisien.fr\/culture-loisirs\/elodie-gossuin-quitte-la-matinale-de-rfm-jai-eu-quelques-ennuis-de-sante-01-06-2022-5DHPBGZTLVHMFJUUOD6UNUCU5U.php\" target=\"_blank\" rel=\"noopener\"><em>Parisien<\/em><\/a>.<\/p>\n<h2>Elodie Gossuin a souffert de probl\u00e8mes de sant\u00e9\u00a0<\/h2>\n<p>La m\u00e8re des jumeaux <strong>Jules et Rose, 14 ans, et L\u00e9onard et Jos\u00e9phine, 8 ans<\/strong>, souhaite \u00ab\u00a0<em>remettre la famille au centre\u00a0\u00bb<\/em> de sa vie et \u00ab\u00a0<em>faire sa m\u00e8re reloue<\/em>\u00a0\u00bb en d\u00e9posant ses enfants<em> \u00ab\u00a0devant la porte du lyc\u00e9e en criant &lsquo;Je vous aime<\/em>!'\u00a0\u00bb.\u00a0<\/p>\n<p>En outre, Elodie Gossuin a pr\u00e9cis\u00e9: \u00ab\u00a0<em>J&rsquo;ai aussi eu <strong>quelques ennuis de sant\u00e9<\/strong> cette ann\u00e9e, donc il faut que je prenne un peu soin de moi<\/em>\u00ab\u00a0. Mais l&rsquo;\u00e9pouse de Bertrand Lacherie n&rsquo;a pas souhait\u00e9 \u00ab\u00a0<em>entrer dans les d\u00e9tails<\/em>\u00a0\u00bb et a simplement expliqu\u00e9: \u00ab\u00a0<em><strong>Mon rythme ne me permettait pas de v\u00e9ritablement r\u00e9cup\u00e9rer de ce quotidien d\u00e9cal\u00e9 <\/strong>(&#8230;), il fallait que je me repose un peu<\/em>\u00ab\u00a0.<\/p>\n<h2>Elodie Gossuin, pr\u00eate \u00e0 remplacer Sylvie Tellier ?<\/h2>\n<p>Elodie Gossuin assure toutefois qu&rsquo;elle reviendra sur les ondes. Pour elle, la radio est \u00ab\u00a0<em>une passion et c&rsquo;est addictif<\/em>\u00ab\u00a0. \u00ab\u00a0<em>Forc\u00e9ment, <strong>cela va me manquer<\/strong>. Mais aujourd&rsquo;hui, j&rsquo;aspire \u00e0 <strong>un horaire plus compatible avec ma vie de maman.<\/strong> Et je suis consciente de la chance que j&rsquo;ai eue. Il y a peu de place accord\u00e9e aux femmes en radio, ou alors en tant que faire-valoir d&rsquo;un animateur plus connu<\/em>\u00ab\u00a0, a-t-elle d\u00e9clar\u00e9 au <em>Parisien<\/em>.<\/p>\n<p>Miss France 2001 quitte-t-elle les ondes pour <strong>remplacer <a href=\"https:\/\/www.journaldesfemmes.fr\/people\/sylvie-tellier\/\" title=\"Sylvie Tellier\">Sylvie Tellier<\/a><\/strong>, qui devrait prochainement<strong> quitter son poste de directrice g\u00e9n\u00e9rale de la soci\u00e9t\u00e9 Miss France?<\/strong> Que nenni! Elodie Gossuin ne souhaite nullement s&rsquo;asseoir dans le fauteuil de Sylvie Tellier. \u00ab\u00a0<em>J&rsquo;ai pleinement conscience de<strong> tout ce que cela implique et des concessions \u00e0 faire<\/strong>, qui seraient totalement antinomiques avec ma d\u00e9cision de quitter la matinale de RFM et de <strong>me consacrer \u00e0 mes proches<\/strong>. Et m\u00eame 21\u00a0ans apr\u00e8s, je reste \u00e9merveill\u00e9e par le <strong>c\u00f4t\u00e9 conte de f\u00e9es du concours.<\/strong> Mais parce que je reste du c\u00f4t\u00e9 des t\u00e9l\u00e9spectateurs. L&rsquo;envers du d\u00e9cor enl\u00e8verait des paillettes \u00e0 ce que je vois du concours<\/em>\u00ab\u00a0, a-t-elle conclu.\u00a0<\/p>\n<\/p><\/div>\n<p>[ad_2]<br \/>\n<br \/><a href=\"https:\/\/www.journaldesfemmes.fr\/people\/actus\/2821653-elodie-gossuin-sylvie-tellier-rfm-matinale-age-sante-enfants-mari-jumeaux-bertrand-lacherie\/\">Source link <\/a><\/p>\n","protected":false},"excerpt":{"rendered":"<p>[ad_1] Elodie Gossuin a d\u00e9cid\u00e9 de quitter son poste sur RFM, apr\u00e8s 7\u00a0ans pass\u00e9s \u00e0 animer la matinale. Miss France &hellip; <a href=\"http:\/\/www.affinite.fr\/index.php\/2022\/06\/02\/elodie-gossuin-quitte-son-job-pour-remplacer-sylvie-tellier-ses-ennuis-de-sante\/\" class=\"more-link\">Plus <span class=\"screen-reader-text\">Elodie Gossuin quitte son job&#8230; pour remplacer Sylvie Tellier\u00a0? Ses \u00ab\u00a0ennuis de sant\u00e9\u00a0\u00bb<\/span> <span class=\"meta-nav\">&rarr;<\/span><\/a><\/p>\n","protected":false},"author":1,"featured_media":7892,"comment_status":"","ping_status":"open","sticky":false,"template":"","format":"standard","meta":{"_sitemap_exclude":false,"_sitemap_priority":"","_sitemap_frequency":"","footnotes":""},"categories":[1],"tags":[],"class_list":["post-7891","post","type-post","status-publish","format-standard","has-post-thumbnail","hentry","category-tous"],"_links":{"self":[{"href":"http:\/\/www.affinite.fr\/index.php\/wp-json\/wp\/v2\/posts\/7891"}],"collection":[{"href":"http:\/\/www.affinite.fr\/index.php\/wp-json\/wp\/v2\/posts"}],"about":[{"href":"http:\/\/www.affinite.fr\/index.php\/wp-json\/wp\/v2\/types\/post"}],"author":[{"embeddable":true,"href":"http:\/\/www.affinite.fr\/index.php\/wp-json\/wp\/v2\/users\/1"}],"replies":[{"embeddable":true,"href":"http:\/\/www.affinite.fr\/index.php\/wp-json\/wp\/v2\/comments?post=7891"}],"version-history":[{"count":0,"href":"http:\/\/www.affinite.fr\/index.php\/wp-json\/wp\/v2\/posts\/7891\/revisions"}],"wp:featuredmedia":[{"embeddable":true,"href":"http:\/\/www.affinite.fr\/index.php\/wp-json\/wp\/v2\/media\/7892"}],"wp:attachment":[{"href":"http:\/\/www.affinite.fr\/index.php\/wp-json\/wp\/v2\/media?parent=7891"}],"wp:term":[{"taxonomy":"category","embeddable":true,"href":"http:\/\/www.affinite.fr\/index.php\/wp-json\/wp\/v2\/categories?post=7891"},{"taxonomy":"post_tag","embeddable":true,"href":"http:\/\/www.affinite.fr\/index.php\/wp-json\/wp\/v2\/tags?post=7891"}],"curies":[{"name":"wp","href":"https:\/\/api.w.org\/{rel}","templated":true}]}}