{"id":787,"date":"2020-03-18T07:48:10","date_gmt":"2020-03-18T07:48:10","guid":{"rendered":"https:\/\/www.affinite.fr\/index.php\/2020\/03\/18\/assistante-maternelle-creche-coronavirus-peut-on-confier-bebe\/"},"modified":"2020-03-18T07:48:10","modified_gmt":"2020-03-18T07:48:10","slug":"assistante-maternelle-creche-coronavirus-peut-on-confier-bebe","status":"publish","type":"post","link":"http:\/\/www.affinite.fr\/index.php\/2020\/03\/18\/assistante-maternelle-creche-coronavirus-peut-on-confier-bebe\/","title":{"rendered":"Assistante maternelle, cr\u00e8che, coronavirus\u00a0: peut-on confier b\u00e9b\u00e9\u00a0?"},"content":{"rendered":"<p> [ad_1]<br \/>\n<br \/><img decoding=\"async\" src=\"https:\/\/img-3.journaldesfemmes.fr\/J5hp35ETDkYHyukMLl8naOO0r_k=\/1280x\/smart\/17017f7a893a48bd8543c08b68e5a69a\/ccmcms-jdf\/14407695.jpg\" \/><\/p>\n<p>\n                L&rsquo;accueil des b\u00e9b\u00e9s est limit\u00e9 \u00e0 10, certaines micro-cr\u00e8ches et assistantes maternelles exer\u00e7ant seules peuvent maintenir leur activit\u00e9, tandis que les cr\u00e8ches et \u00e9coles ouvertes sont r\u00e9serv\u00e9es aux enfants du personnel soignant.            <\/p>\n<div>\n<p><strong>[Mise \u00e0 jour du 18\u00a0mars \u00e0 8h30].<\/strong>\u00a0Emmanuel Macron a d\u00e9cid\u00e9 de <strong>restreindre les d\u00e9placements<\/strong> qui ne seraient pas indispensables afin de limiter la propagation du <strong>coronavirus.<\/strong>\u00a0Toutefois, la <a href=\"https:\/\/www.journaldesfemmes.fr\/maman\/magazine\/2626129-garde-alternee-et-confinement-les-parents-separes-peuvent-se-deplacer\/\" target=\"_blank\" rel=\"noopener noreferrer\"><strong>garde d&rsquo;enfant<\/strong><\/a> fait partie des conditions autoris\u00e9es mentionn\u00e9es sur <strong>l&rsquo;attestation de d\u00e9placement obligatoire<\/strong>. Alors que les cr\u00e8ches et les \u00e9coles ont ferm\u00e9 depuis lundi 16 mars, les parents se demandent s&rsquo;ils peuvent ou non confier leur b\u00e9b\u00e9 \u00e0 une assistante maternelle. Ce qu&rsquo;il faut savoir selon les derni\u00e8res mesures annonc\u00e9es :<\/p>\n<h2>Peut-on confier son enfant \u00e0 une assistante maternelle\u00a0?<\/h2>\n<p><em>\u00ab\u00a0Si la cr\u00e8che de votre enfant est ferm\u00e9e, en l&rsquo;occurrence, vous n&rsquo;avez pas le choix que de garder votre b\u00e9b\u00e9 avec vous.\u00a0En revanche, <strong>si vous aviez l&rsquo;habitude de confier votre b\u00e9b\u00e9 \u00e0 une assistante maternelle, elle peut continuer \u00e0 accueillir votre enfant \u00e0 condition de respecter le seuil autoris\u00e9<\/strong><\/em>\u00ab\u00a0, nous pr\u00e9cise la F\u00e9d\u00e9ration des Parents Employeurs de France (FEPEM). P<span style=\"font-size: 1rem;\">our apporter plus de flexibilit\u00e9 aux parents qui doivent travailler, le gouvernement a d\u00e9cid\u00e9 de g\u00e9n\u00e9raliser la <strong>d\u00e9rogation permettant d&rsquo;autoriser les <a href=\"https:\/\/www.journaldesfemmes.fr\/maman\/guide-bebe\/1168596-combien-coute-une-nounou\/\" title=\"Assistante maternelle\">assistantes maternelles<\/a> \u00e0 accueillir jusqu&rsquo;\u00e0 6\u00a0enfants de moins de trois ans (au lieu de 4).\u00a0<\/strong>Le minist\u00e8re de la Sant\u00e9 rappelle\u00a0que \u00ab\u00a0les consignes de fermeture et de maintien d&rsquo;activit\u00e9 annonc\u00e9es resteront en vigueur jusqu&rsquo;\u00e0 nouvel ordre\u00a0\u00bb.<\/span><\/p>\n<h2>Un service de garde pour les professionnels de sant\u00e9<\/h2>\n<p>Pour les professionnels de sant\u00e9, un<strong> <a href=\"https:\/\/www.journaldesfemmes.fr\/maman\/enfant\/2619747-ecole-a-la-maison-garde-d-enfants-coronavirus-les-mesures-annoncees\/#service-garde\" target=\"_blank\" rel=\"noopener noreferrer\">service de garde d&rsquo;enfants<\/a><\/strong> est mis en place <strong>dans les cr\u00e8ches et les \u00e9coles<\/strong>, afin de leur permettre\u00a0de poursuivre leur travail, indispensable dans la <strong>lutte contre le coronavirus<\/strong>.\u00a0Les enfants sont accueillis par groupes de 10\u00a0\u00e9l\u00e8ves, dans le respect des gestes barri\u00e8res, pr\u00e9cise le minist\u00e8re de la Sant\u00e9.\u00a0Emmanuel Macron a m\u00eame annonc\u00e9 que <strong>des taxis et des h\u00f4tels seront mis \u00e0 leur disposition<\/strong>.\u00a0Ainsi, les personnels des \u00e9tablissements de sant\u00e9, sociaux et m\u00e9dico-sociaux, les m\u00e9decins lib\u00e9raux et sages-femmes, mais aussi les personnels des cr\u00e8ches charg\u00e9s d&rsquo;accueillir en urgence les enfants des soignants, etc. pourront b\u00e9n\u00e9ficier de ce dispositif ces prochaines semaines. Ces parents peuvent \u00e9galement s&rsquo;inscrire pour demander une <strong>place d&rsquo;accueil prioritaire pour son enfant sur <a href=\"https:\/\/mon-enfant.fr\/web\/guest\/recensement-covid-19\" target=\"_blank\" rel=\"noopener noreferrer\">le site\u00a0mon-enfant.fr<\/a><\/strong><a href=\"https:\/\/mon-enfant.fr\/web\/guest\/recensement-covid-19\" target=\"_blank\" rel=\"noopener noreferrer\">.<\/a> <em>\u00ab\u00a0Cela permettra aux pr\u00e9fets de mieux juger des besoins\u00a0\u00bb<\/em>, pr\u00e9cise le minist\u00e8re de la sant\u00e9. Par ailleurs, l&rsquo;association des maires de France appelle\u00a0les communes et intercommunalit\u00e9s comp\u00e9tentes \u00e0 \u00e9tendre cet accueil sur les temps p\u00e9riscolaire et extrascolaire.<\/p>\n<p><span style=\"font-size: 1.125rem; font-weight: bold;\">Assistantes maternelles et micro-cr\u00e8ches\u00a0: pas plus de 10\u00a0enfants<\/span><\/p>\n<p>De nombreuses \u00e9coles et cr\u00e8ches ont \u00e9t\u00e9 mobilis\u00e9es pour les enfants dont les <a href=\"https:\/\/www.journaldesfemmes.fr\/maman\/enfant\/2619747-ecole-a-la-maison-garde-d-enfants-coronavirus-les-mesures-annoncees\/#service-garde\" target=\"_blank\" rel=\"noopener noreferrer\">parents travaillent dans les h\u00f4pitaux et autres \u00e9tablissements de sant\u00e9.<\/a>\u00a0Pour respecter les mesures de s\u00e9curit\u00e9 face au coronavirus, le gouvernement a annonc\u00e9 que le nombre d&rsquo;enfants \u00e9tait limit\u00e9.\u00a0<span style=\"font-size: 1rem;\"><strong>\u00ab\u00a0Aucun accueil collectif de plus de 10\u00a0enfants ne pourra se tenir \u00e0 compter du lundi 16\u00a0mars<\/strong>, et ce jusqu&rsquo;\u00e0 nouvel ordre\u00a0\u00bb, avait annonc\u00e9\u00a0le minist\u00e8re de l&rsquo;Education. Le ministre de la Sant\u00e9 Olivier V\u00e9ran a \u00e9galement confirm\u00e9 qu'\u00a0\u00bben plus des cr\u00e8ches, les <strong>maisons d&rsquo;assistants maternels<\/strong> (MAM) accueillant plus de 10\u00a0enfants sont concern\u00e9s\u00a0\u00bb par cette mesure. En revanche, les <strong>assistants maternels exer\u00e7ant seuls, tout comme les micro-cr\u00e8ches (jusqu&rsquo;\u00e0 10 enfants)<\/strong>, pourront maintenir leur activit\u00e9.<\/span><\/p>\n<p><a href=\"https:\/\/www.journaldesfemmes.fr\/maman\/creches\" target=\"_blank\" rel=\"noopener noreferrer\"><strong>Consulter notre annuaire\u00a0des cr\u00e8ches<\/strong><\/a><\/p>\n<h2>Quelles aides pour les assistantes maternelles ou les cr\u00e8ches\u00a0?<\/h2>\n<aside id=\"NL_1756621991\" class=\"newsletter_subscription jNlBlock\"><noscript><br \/>\n            <\/noscript><\/p>\n<h3 class=\"newsletter_subscription-title\">Newsletter <\/h3>\n<p><a href=\"\/\/mailing.ccmbg.com\/archive\/last-85\" target=\"_blank\" class=\"a_hover\" rel=\"noopener noreferrer\">Voir un exemple<\/a><\/p>\n<\/aside>\n<p>Rappelons que dans le cas o\u00f9 les parents sont contraints de garder leurs enfants \u00e0 la maison et qu&rsquo;ils ne peuvent t\u00e9l\u00e9travailler, l&rsquo;Etat prend en charge l&rsquo;indemnisation des salari\u00e9s.\u00a0Mais <strong>qu&rsquo;en est-il pour les parents qui sont eux-m\u00eames employeurs\u00a0?<\/strong>\u00a0Le gouvernement a annonc\u00e9 que \u00ab\u00a0<em>les assistantes maternelles b\u00e9n\u00e9ficieront de l&rsquo;activit\u00e9 partielle, notamment pour celles dont les MAM ferment<\/em>\u00ab\u00a0. Quant aux <strong>cr\u00e8ches<\/strong>, qu&rsquo;elles soient publiques ou priv\u00e9es, elles seront soutenues financi\u00e8rement via les CAF. Le montant s&rsquo;\u00e9l\u00e8vera \u00e0 \u00ab\u00a0<em>27 euros\u00a0par place ferm\u00e9e et par jour pour les cr\u00e8ches publiques et \u00e0 17 euros\u00a0pour les \u00e9tablissements priv\u00e9s, et compl\u00e9tera leur indemnisation de l&rsquo;activit\u00e9 partielle<\/em>\u00a0\u00bb\u00a0 pr\u00e9cise la Cnaf dans un communiqu\u00e9 du 17 mars. \u00ab\u00a0<em>Les ministres tiennent \u00e0 rappeler par ailleurs que <strong>les places vacantes ne seront pas factur\u00e9es aux familles<\/strong><\/em>\u00a0\u00bb pr\u00e9cise le gouvernement.<\/p>\n<p><span style=\"font-size: 1rem;\">Voir aussi nos derni\u00e8res informations sant\u00e9\u00a0en direct concernant l&rsquo;<\/span><strong style=\"font-size: 1rem;\"><a href=\"https:\/\/sante.journaldesfemmes.fr\/maladies\/2605417-coronavirus-france-carte-temps-reel-bilan-cas-mort-region-actualite-direct\/\" target=\"_blank\" rel=\"noopener noreferrer\">\u00e9pid\u00e9mie de Coronavirus en France<\/a><\/strong><\/p><\/div>\n<p>[ad_2]<br \/>\n<br \/><a href=\"https:\/\/www.journaldesfemmes.fr\/maman\/bebe\/2625411-assistante-maternelle-creche-coronavirus-peut-on-confier-bebe\/\">Source link <\/a><\/p>\n","protected":false},"excerpt":{"rendered":"<p>[ad_1] L&rsquo;accueil des b\u00e9b\u00e9s est limit\u00e9 \u00e0 10, certaines micro-cr\u00e8ches et assistantes maternelles exer\u00e7ant seules peuvent maintenir leur activit\u00e9, tandis &hellip; <a href=\"http:\/\/www.affinite.fr\/index.php\/2020\/03\/18\/assistante-maternelle-creche-coronavirus-peut-on-confier-bebe\/\" class=\"more-link\">Plus <span class=\"screen-reader-text\">Assistante maternelle, cr\u00e8che, coronavirus\u00a0: peut-on confier b\u00e9b\u00e9\u00a0?<\/span> <span class=\"meta-nav\">&rarr;<\/span><\/a><\/p>\n","protected":false},"author":1,"featured_media":788,"comment_status":"open","ping_status":"open","sticky":false,"template":"","format":"standard","meta":{"_sitemap_exclude":false,"_sitemap_priority":"","_sitemap_frequency":"","footnotes":""},"categories":[1],"tags":[],"class_list":["post-787","post","type-post","status-publish","format-standard","has-post-thumbnail","hentry","category-tous"],"_links":{"self":[{"href":"http:\/\/www.affinite.fr\/index.php\/wp-json\/wp\/v2\/posts\/787"}],"collection":[{"href":"http:\/\/www.affinite.fr\/index.php\/wp-json\/wp\/v2\/posts"}],"about":[{"href":"http:\/\/www.affinite.fr\/index.php\/wp-json\/wp\/v2\/types\/post"}],"author":[{"embeddable":true,"href":"http:\/\/www.affinite.fr\/index.php\/wp-json\/wp\/v2\/users\/1"}],"replies":[{"embeddable":true,"href":"http:\/\/www.affinite.fr\/index.php\/wp-json\/wp\/v2\/comments?post=787"}],"version-history":[{"count":0,"href":"http:\/\/www.affinite.fr\/index.php\/wp-json\/wp\/v2\/posts\/787\/revisions"}],"wp:featuredmedia":[{"embeddable":true,"href":"http:\/\/www.affinite.fr\/index.php\/wp-json\/wp\/v2\/media\/788"}],"wp:attachment":[{"href":"http:\/\/www.affinite.fr\/index.php\/wp-json\/wp\/v2\/media?parent=787"}],"wp:term":[{"taxonomy":"category","embeddable":true,"href":"http:\/\/www.affinite.fr\/index.php\/wp-json\/wp\/v2\/categories?post=787"},{"taxonomy":"post_tag","embeddable":true,"href":"http:\/\/www.affinite.fr\/index.php\/wp-json\/wp\/v2\/tags?post=787"}],"curies":[{"name":"wp","href":"https:\/\/api.w.org\/{rel}","templated":true}]}}