{"id":7854,"date":"2022-05-25T08:12:24","date_gmt":"2022-05-25T08:12:24","guid":{"rendered":"https:\/\/www.affinite.fr\/index.php\/2022\/05\/25\/via-domus-le-nouveau-rendez-vous-art-de-vivre-darles\/"},"modified":"2022-05-25T08:12:24","modified_gmt":"2022-05-25T08:12:24","slug":"via-domus-le-nouveau-rendez-vous-art-de-vivre-darles","status":"publish","type":"post","link":"http:\/\/www.affinite.fr\/index.php\/2022\/05\/25\/via-domus-le-nouveau-rendez-vous-art-de-vivre-darles\/","title":{"rendered":"Via Domus, le nouveau rendez-vous art de vivre d&rsquo;Arles"},"content":{"rendered":"<p> [ad_1]<br \/>\n<br \/><img decoding=\"async\" src=\"https:\/\/www.maison.com\/images\/medias\/000\/055\/000055400\/200.jpg\" \/><\/p>\n<div itemprop=\"articleBody\">\n<p>\n  La belle <strong>ville d\u2019Arles, class\u00e9e parmi les \u00ab\u00a052 destinations\u00a0\u00bb \u00e0 d\u00e9couvrir par le New York Times,<\/strong> ne cesse de faire parler d&rsquo;elle ! Que ce soit <a href=\"https:\/\/www.luma.org\/fr\/arles.html\">la fondation Luma<\/a>, ou bien <a href=\"https:\/\/www.leeufan-arles.org\/\">la Fondation Lee Ufan<\/a> \u00e0 l&rsquo;H\u00f4tel Vernon, et sans compter les nombreux mus\u00e9es, la ville ne cesse d&rsquo;\u00e9voluer. D\u00e9sormais, Arles \u00ab\u00a0is the place to be\u00a0\u00bb.\n<\/p>\n<p>\n  Rappelons que chaque ann\u00e9e, <strong>plus de 2 millions de touristes sillonnent la Petite Rome des Gaules<\/strong>. Mettre \u00e0 l\u2019honneur les artisans et les entreprises de la ville, et animer celle-ci au fil de toutes les saisons, \u00e9tait indispensable. C&rsquo;est d&rsquo;ailleurs une mission que s&rsquo;est donn\u00e9e <strong>Patrick de Carolis, le maire de la ville depuis 2020.<\/strong> De son c\u00f4t\u00e9, <strong>Jean-Marc Andr\u00e9, Directeur Midi Events<\/strong> l&rsquo;organisateur de l&rsquo;\u00e9v\u00e9nement confie \u00ab\u00a0Vitrine culturelle mondiale, nous sommes fiers de lancer cette <strong>premi\u00e8re \u00e9dition de Via Domus \u00e0 Arles.<\/strong> Qualit\u00e9, durabilit\u00e9 et \u00e9thique sont au c\u0153ur de ce nouveau projet, gr\u00e2ce \u00e0 la mise en lumi\u00e8re des entreprises et artisans, qui r\u00e9inventent nos lieux de vie. Nous remercions chaleureusement Patrick de Carolis pour sa confiance.\u00a0\u00bb\n<\/p>\n<p>\n  <strong>Via Domus : un parcours itin\u00e9rant entre histoire et art de vivre, au c\u0153ur de la cit\u00e9 romaine<\/strong>\n<\/p>\n<p>\n  De la place de la R\u00e9publique \u00e0 la cour de l\u2019Archev\u00each\u00e9, de l\u2019\u00e9glise des Trinitaires \u00e0 celle des Fr\u00e8res Pr\u00eacheurs et jusqu\u2019aux coursives des mythiques ar\u00e8nes&#8230;soit <strong>7 lieux embl\u00e9matiques, o\u00f9 sera expos\u00e9 l&rsquo;ensemble des domaines de la d\u00e9coration int\u00e9rieure et ext\u00e9rieure, l\u2019art du jardin, de la mode, et du bien-\u00eatre.<\/strong> Au total, une centaine d\u2019exposants. Quelques noms en guise d&rsquo;avant-go\u00fbt ?\u00a0Rock The Kasbah, Some, Serax,\u00a0Laines Paysannes, Isidore Leroy\u2026\n<\/p>\n<p>\n  Habiter autrement nos lieux de vie et les r\u00e9inventer, tel est le th\u00e8me que s&rsquo;est donn\u00e9 Via Domus. De fait, cette rencontre a \u00e9t\u00e9 pens\u00e9e pour cr\u00e9er des liens entre les acteurs d\u2019un lifestyle premium d\u2019une part, et les consommateurs d\u2019autre part.\n<\/p>\n<p>\n  En effet, chacun des exposants et des intervenants a \u00e9t\u00e9 s\u00e9lectionn\u00e9 pour leurs engagements, au service d\u2019un art de vivre plus naturel, local, \u00e9thique ou encore nomade.\n<\/p>\n<p>\n  <strong>Via Domus, un parcours au sein des 4 lieux embl\u00e9matiques<\/strong>\n<\/p>\n<ul>\n<li>\n    <strong>L&rsquo;Eglise des Fr\u00e8res Pr\u00eacheurs\u00a0:<\/strong> le mobilier int\u00e9rieur, le design, les luminaires et le linge de maison\n  <\/li>\n<li>\n    <strong>L&rsquo;Espace Van Gogh\u00a0:<\/strong> la mode et le bien-\u00eatre\n  <\/li>\n<li>\n    <strong>La Chapelle Saint-Anne\u00a0:<\/strong> les \u00e9diteurs textiles et papiers peints\n  <\/li>\n<li>\n    <strong>Les ar\u00e8nes arl\u00e9siennes\u00a0:<\/strong> le mobilier ext\u00e9rieur\n  <\/li>\n<\/ul>\n<p>\n  <strong>Une s\u00e9rie d&rsquo;\u00e9v\u00e9nements pour capter les enjeux de l&rsquo;art de vivre de demain<\/strong>\n<\/p>\n<p>\n  <strong>Les expositions :\u00a0<\/strong>2 expositions majeures Le Studio 5.5 et Histoire Naturelle par Brun de Vian-Tiran.\n<\/p>\n<p>\n  <strong>Le Studio 5.5 s&rsquo;expose \u00e0 l&rsquo;Eglise des Trinitaires<\/strong>\n<\/p>\n<p>\n  <strong>Pionnier de l\u2019upcycling<\/strong> depuis sa cr\u00e9ation en 2003<strong>, <a href=\"https:\/\/www.5-5.paris\/fr\/\">le collectif 5\u20225<\/a> retrace deux d\u00e9cennies de cr\u00e9ation.<\/strong> Ces derniers ont su r\u00e9introduire des objets ou des mat\u00e9riaux, destin\u00e9s \u00e0 \u00eatre jet\u00e9s. Face \u00e0 l&rsquo;exc\u00e8s de la surconsommation, du gaspillage, ils ont su f\u00e9d\u00e9rer, \u00eatre pour finir, reconnus et s\u00e9duire les marques et les \u00e9diteurs \u00e0 les relancer.\u00a0Cette exposition est l&rsquo;occasion de voir tous ces objets, et permet d&rsquo;envisager autrement le m\u00e9tier de designer, et sa responsabilit\u00e9 d&rsquo;imaginer des produits de notre quotidien.\n<\/p>\n<p>\n  <strong>Brun de Vian-Tiran \u00e0 l&rsquo;Eglise des Fr\u00e8res Pr\u00eacheurs de 10h \u00e0 19h<\/strong>\n<\/p>\n<p>\n  <a href=\"https:\/\/www.brundeviantiran.com\/fr\/\">Brun de Vian-Tiran<\/a> pr\u00e9sente \u00ab\u00a0Histoire Naturelle\u00a0\u00bb. Avec cette exposition, il rend hommage \u00e0 une <strong>entreprise locale bicentenaire<\/strong>, mais aussi \u00e0 la richesse et \u00e0 la pluralit\u00e9 des terroirs du Sud. En effet, gr\u00e2ce \u00e0 un partenariat avec les \u00e9leveurs de M\u00e9rinos d&rsquo;Arles, dont la laine est transform\u00e9e \u00e0 L\u2019Isle-sur-la-Sorgue. Au final, ce sont <strong>des plaids, accessoires et coussins<\/strong> qui sont imagin\u00e9s avec la plus haute \u00e9cole fran\u00e7aise de cr\u00e9ation industrielle, ENSCI.\n<\/p>\n<p>\n  <strong>Le parcours off<\/strong>\n<\/p>\n<p>\n  Via Domus sugg\u00e8re <strong>un parcours, dans la ville d&rsquo;Arles, d&rsquo;une s\u00e9lection de boutiques \u00e0 ne pas manquer :\u00a0<\/strong>Alyscamps Cosm\u00e9tiques &#8211; Annie Collectors Gallery &#8211; Bisous &#8211; Circa &#8211; Dou Bochi &#8211; Etat des Lieux &#8211; L\u2019Atelier d\u2019\u00c9milie &#8211; Marius Arles &#8211; Maison Bleue &#8211; Moustique &#8211; Souleiado. Pour ma part, je rajouterai la Parfumerie Arl\u00e9sienne.\n<\/p>\n<p>\n  <strong>Un bain de gong<\/strong>\n<\/p>\n<p>\n  Capucine Denmard, musicoth\u00e9rapeute, propose une exp\u00e9rience unique : vivre un bain de gongs. Ne manquez pas de d\u00e9couvrir les bienfaits des vibrations procur\u00e9es par ce soin. Apr\u00e8s quelques respirations et visualisation, Capucine vous embarque dans un voyage sonore avec une gamme d&rsquo;instrumente tell\u00a0\u00bb le gong, les bols de quartz, diapason, bansuri&#8230;. Vendredi 27 mai \u00e0 18h30 et samedi 28 mai \u00e0 10h30 au B\u00e2timent Parade.\n<\/p>\n<p>\n  \u00a0\n<\/p>\n<p>\n  <strong>Programme de master class et conf\u00e9rence de Via Domus<\/strong>\n<\/p>\n<p>\n  <strong>Master class<\/strong>, Master class payante &#8211; R\u00e9server en allant sur le site <a href=\"http:\/\/www.viadomus.com\/\">www.viadomus.com<\/a>\n<\/p>\n<ul>\n<li>\n    <strong>Jeudi 26 mai et vendredi 27 mai \u00e0 11h \u00e0 l&rsquo;H\u00f4tel Le Collat\u00e9ral.<\/strong> On p\u00eache souvent par exc\u00e8s de lumi\u00e8re avec Herv\u00e9 H\u00f4te, photographe arl\u00e9sien qui vient partager ses astuces de professionnel.\n  <\/li>\n<\/ul>\n<ul>\n<li>\n    <strong>Samedi 28 mai \u00e0 11h \u00e0 l&rsquo;H\u00f4tel Le Collat\u00e9ral .<\/strong> Billie Blanket est journaliste, cr\u00e9atrice et photographe d\u2019int\u00e9rieurs, et Caroline Watelet est d\u00e9coratrice, form\u00e9e \u00e0 l\u2019\u00c9cole Boulle et au design int\u00e9rieur avec une sp\u00e9cialisation au Feng Shui et \u00e0 la g\u00e9obiologie. Autrices du <a href=\"http:\/\/www.affinite.fr\/index.php\/2023\/08\/24\/lart-de-la-glace-transforme-en-business-la-vision-unique-de-fabien-gris\/\">livre<\/a> \u00ab\u00a0Toit et moi\u00a0\u00bb, elles convoquent vos sensibilit\u00e9s, pour aller \u00e0 la d\u00e9couverte des principes holistiques du Feng Shui pour harmoniser vos int\u00e9rieurs, et \u00eatre bien chez soi.\n  <\/li>\n<\/ul>\n<p>\n  \u00a0\n<\/p>\n<p>\n  <strong>Conf\u00e9rences (\u00e0 titre d&rsquo;exemple)<\/strong>\n<\/p>\n<p>\n  Les dialogues sont en acc\u00e8s libre sur pr\u00e9sentation du pass VIA DOMUS.<br \/>Veuillez-vous pr\u00e9senter 15 minutes avant le d\u00e9but des dialogues.\n<\/p>\n<ul>\n<li>\n    <strong>Jeudi 26 mai \u00e0 15h au Palais de l&rsquo;Archev\u00each\u00e9.<\/strong> Les Mati\u00e8res premi\u00e8res, enjeux de l&rsquo;\u00e9co-design : pour une utilisation durable des ressources. Un dialogue entre Jean-Louis Brun, directeur g\u00e9n\u00e9ral de Brun de Vian-Tiran et Julien Tuffery des ateliers Tuffery, fabricant de jeans made in France.\n  <\/li>\n<\/ul>\n<ul>\n<li>\n    <strong>Vendredi 27 mai \u00e0 11h au Palais de l&rsquo;Archev\u00each\u00e9.<\/strong> Re-v\u00e9g\u00e9taliser nos espaces urbains avec Olivier Saguez, pr\u00e9sident fondateur de Saguez &amp; Partners, agence de design.\n  <\/li>\n<\/ul>\n<ul>\n<li>\n    <strong>Samedi 28 mai \u00e0 11h au Palais de l&rsquo;Archev\u00each\u00e9.<\/strong> Mati\u00e8res design, nouvelle g\u00e9n\u00e9ration : un dialogue entre C\u00f4me di Meglio et Miki Nectoux, achitecte.\n  <\/li>\n<\/ul>\n<p>\n  Comment concilier m\u00e9moire, innovations, techniques et cr\u00e9ation ? Un dialogue entre V\u00e9ronique de la Hougue, experte, conservateur en chef du D\u00e9partement des Papiers-peints au MAD de 1982 \u00e0 2017 et Pierre Frey, Pr\u00e9sident et Directeur artistique de la Maison Pierre Frey et Jean-Etienne Elicard, Pr\u00e9sident d&rsquo;Isidore Leroy.\n<\/p>\n<p>\n  Pour en savoir plus, <a href=\"http:\/\/www.viadomusarles.com\/\">www.viadomusarles.com<\/a> et l&rsquo;Office du Tourisme d&rsquo;Arles <a href=\"https:\/\/www.arlestourisme.com\/fr\/\">www.arlestourisme.com\/fr\/<\/a>\n<\/p>\n<p>\n  \u00a0\n<\/p>\n<\/p><\/div>\n<p><script async defer crossorigin=\"anonymous\" src=\"https:\/\/connect.facebook.net\/fr_FR\/sdk.js#xfbml=1&#038;version=v6.0&#038;appId=252025098257546&#038;autoLogAppEvents=1\"><\/script><br \/>\n<br \/>[ad_2]<br \/>\n<br \/><a href=\"https:\/\/www.maison.com\/ailleurs\/expositions\/via-domus-nouveau-rendez-art-vivre-arles-9793\/\">Source link <\/a><\/p>\n","protected":false},"excerpt":{"rendered":"<p>[ad_1] La belle ville d\u2019Arles, class\u00e9e parmi les \u00ab\u00a052 destinations\u00a0\u00bb \u00e0 d\u00e9couvrir par le New York Times, ne cesse de &hellip; <a href=\"http:\/\/www.affinite.fr\/index.php\/2022\/05\/25\/via-domus-le-nouveau-rendez-vous-art-de-vivre-darles\/\" class=\"more-link\">Plus <span class=\"screen-reader-text\">Via Domus, le nouveau rendez-vous art de vivre d&rsquo;Arles<\/span> <span class=\"meta-nav\">&rarr;<\/span><\/a><\/p>\n","protected":false},"author":1,"featured_media":7855,"comment_status":"","ping_status":"open","sticky":false,"template":"","format":"standard","meta":{"_sitemap_exclude":false,"_sitemap_priority":"","_sitemap_frequency":"","footnotes":""},"categories":[1],"tags":[],"class_list":["post-7854","post","type-post","status-publish","format-standard","has-post-thumbnail","hentry","category-tous"],"_links":{"self":[{"href":"http:\/\/www.affinite.fr\/index.php\/wp-json\/wp\/v2\/posts\/7854"}],"collection":[{"href":"http:\/\/www.affinite.fr\/index.php\/wp-json\/wp\/v2\/posts"}],"about":[{"href":"http:\/\/www.affinite.fr\/index.php\/wp-json\/wp\/v2\/types\/post"}],"author":[{"embeddable":true,"href":"http:\/\/www.affinite.fr\/index.php\/wp-json\/wp\/v2\/users\/1"}],"replies":[{"embeddable":true,"href":"http:\/\/www.affinite.fr\/index.php\/wp-json\/wp\/v2\/comments?post=7854"}],"version-history":[{"count":0,"href":"http:\/\/www.affinite.fr\/index.php\/wp-json\/wp\/v2\/posts\/7854\/revisions"}],"wp:featuredmedia":[{"embeddable":true,"href":"http:\/\/www.affinite.fr\/index.php\/wp-json\/wp\/v2\/media\/7855"}],"wp:attachment":[{"href":"http:\/\/www.affinite.fr\/index.php\/wp-json\/wp\/v2\/media?parent=7854"}],"wp:term":[{"taxonomy":"category","embeddable":true,"href":"http:\/\/www.affinite.fr\/index.php\/wp-json\/wp\/v2\/categories?post=7854"},{"taxonomy":"post_tag","embeddable":true,"href":"http:\/\/www.affinite.fr\/index.php\/wp-json\/wp\/v2\/tags?post=7854"}],"curies":[{"name":"wp","href":"https:\/\/api.w.org\/{rel}","templated":true}]}}