{"id":7844,"date":"2022-05-24T00:00:40","date_gmt":"2022-05-24T00:00:40","guid":{"rendered":"https:\/\/www.affinite.fr\/index.php\/2022\/05\/24\/salon-de-jardin-en-soldes-la-selection-a-shopper\/"},"modified":"2022-05-24T00:00:40","modified_gmt":"2022-05-24T00:00:40","slug":"salon-de-jardin-en-soldes-la-selection-a-shopper","status":"publish","type":"post","link":"http:\/\/www.affinite.fr\/index.php\/2022\/05\/24\/salon-de-jardin-en-soldes-la-selection-a-shopper\/","title":{"rendered":"Salon de jardin en soldes\u00a0: la s\u00e9lection \u00e0 shopper"},"content":{"rendered":"<p> [ad_1]<br \/>\n<\/p>\n<p>\n                Il vous manque quelque chose pour profiter de votre espace ext\u00e9rieur cet \u00e9t\u00e9\u00a0? Pendant les soldes d&rsquo;\u00e9t\u00e9 2021, \u00e9quiper ou relooker le jardin d&rsquo;un salon outdoor \u00e0 la fois esth\u00e9tique et pratique vous fera faire quelques \u00e9conomies. Voici nos conseils fut\u00e9s pour ne pas vous planter.            <\/p>\n<div>\n<div>\n<aside class=\"ccmcss_cms_summary ccmcss_cms_summary--right\" id=\"bloc-sommaire\">\n<h2 class=\"ccmcss_cms_summary__title\">Notre s\u00e9lection<\/h2>\n<\/aside>\n<p><input type=\"checkbox\" class=\"read-more-state\" id=\"post-1\"\/><\/p>\n<p style=\"margin-bottom:.0001pt\"><span style=\"line-height:normal\"><a href=\"https:\/\/deco.journaldesfemmes.fr\/guide-amenagement-et-travaux\/2622431-salon-de-jardin-conseils-et-inspirations\/\" title=\"Salons de jardin\">Salon de jardin<\/a> en bois, m\u00e9tal, r\u00e9sine, plastique, tress\u00e9, en teck\u2026 Compos\u00e9 d\u2019un canap\u00e9 et de quelques fauteuils ou d\u2019une table et de chaises, le salon de jardin s\u2019adapte \u00e0 toutes vos envies, quelles qu\u2019elles soient et r\u00e9pond aux besoins de n\u2019importe quel espace ext\u00e9rieur. Une fois rep\u00e9r\u00e9, qu\u2019il soit pliable ou fixe, le salon de jardin de vos r\u00eaves n\u2019attend que les <a href=\"https:\/\/www.journaldesfemmes.fr\/mode\/conseils-mode\/2636975-soldes-ete-2022-date-debut-demarques-report-infos-calendrier-22-juin-19-juillet\/\" title=\"Soldes\">soldes<\/a> pour devenir v\u00f4tre. De quoi faire de belles \u00e9conomies sur le budget des vacances. Mais, avant de cliquer sur acheter, on vous conseille de comparer les prix. Pour un m\u00eame salon de jardin, ils peuvent varier. <\/span><\/p>\n<\/div>\n<aside class=\"ads--insertor-avoid app_article_content\"><a data-insertor-excluded=\"1\" data-processed=\"1\" id=\"salon-de-jardin-en-bois-solde\" name=\"salon-de-jardin-en-bois-solde\"\/><\/p>\n<h2 class=\"main_title\" data-insertor-excluded=\"1\">Salon de jardin en bois sold\u00e9<\/h2>\n<figure data-insertor-excluded=\"1\">\n<div class=\"product_picture\" data-insertor-excluded=\"1\"><a rel=\"nofollow pass noopener\" class=\"jBlockAmazon\" data-insertor-excluded=\"1\" data-processed=\"1\" target=\"_blank\" href=\"https:\/\/www.amazon.fr\/dp\/B08QTZ61LZ?tag=journaldesfemmes-21&amp;linkCode=ogi&amp;th=1&amp;psc=1&amp;tag=journaldesfemmes-21&amp;ascsubtag=1974686f1fi\"><img decoding=\"async\" loading=\"lazy\" src=\"https:\/\/m.media-amazon.com\/images\/I\/31qAQbGCSrL._SL500_.jpg\" data-insertor-excluded=\"1\" alt=\"Salon de jardin en bois sold\u00e9\"\/><\/a><\/p>\n<p><span data-insertor-excluded=\"1\">Meilleur<\/span>Choix<\/p>\n<\/div><figcaption data-insertor-excluded=\"1\">\n<h3 class=\"item_name\" data-insertor-excluded=\"1\">vidaXL Bois d&rsquo;Acacia Solide Salon de Jardin 4 pcs avec Coussin Mobilier de Patio Mobilier de Jardin Meubles de Terrasse Meubles d&rsquo;Ext\u00e9rieur Cr\u00e8me<\/h3>\n<div class=\"product_tabs\" data-insertor-excluded=\"1\"><input checked=\"checked\" class=\"radio_partners_neuf\" id=\"radio_partners_neuf_1\" name=\"radio_partners_1\" type=\"radio\" data-insertor-excluded=\"1\"\/> <label for=\"radio_partners_neuf_1\" data-insertor-excluded=\"1\"><strong data-insertor-excluded=\"1\">Neuf<\/strong> \u00e0 partir de 372,99\u00a0\u20ac<\/label><input class=\"radio_partners_graf\" data-insertor-excluded=\"1\" id=\"radio_partners_graf_1\" name=\"radio_partners_1\" type=\"radio\"\/> <label class=\"graf\" data-insertor-excluded=\"1\" for=\"radio_partners_graf_1\"> <svg xmlns=\"http:\/\/www.w3.org\/2000\/svg\" fill=\"none\" height=\"21\" viewbox=\"0 0 21 21\" width=\"21\"> <path d=\"M13.9983 15.5032C13.9983 15.2375 14.1054 14.9847 14.2897 14.7961C14.474 14.6076 14.7311 14.5047 14.9968 14.5047H18.9994C19.2651 14.5047 19.518 14.6118 19.7065 14.7961C19.8951 14.9804 19.9979 15.2375 19.9979 15.5032V19.5015C19.9979 19.7672 19.8908 20.02 19.7065 20.2086C19.5223 20.3971 19.2651 20.5 18.9994 20.5H15.0011C14.7354 20.5 14.4826 20.3929 14.294 20.2086C14.1054 20.0243 14.0026 19.7672 14.0026 19.5015V15.5032H13.9983ZM7.99863 11.5006C7.73293 11.5006 7.48009 11.6078 7.29153 11.7921C7.10297 11.9806 7.00012 12.2334 7.00012 12.4991V19.5015C7.00012 19.7672 7.10725 20.02 7.29153 20.2086C7.48009 20.3971 7.73293 20.5 7.99863 20.5H11.997C12.2627 20.5 12.5155 20.3929 12.7041 20.2086C12.8926 20.02 12.9955 19.7672 12.9955 19.5015V12.5034C12.9955 12.2377 12.8884 11.9849 12.7041 11.7963C12.5155 11.6078 12.2627 11.5049 11.997 11.5049L7.99863 11.5006ZM1.00046 9.50364C0.73476 9.50364 0.481918 9.61078 0.293357 9.79505C0.104796 9.97932 0.00194475 10.2364 0.00194475 10.5021V19.5015C0.00194475 19.7672 0.109082 20.02 0.293357 20.2086C0.477632 20.3971 0.73476 20.5 1.00046 20.5H4.9988C5.2645 20.5 5.51735 20.3929 5.70591 20.2086C5.89447 20.0243 5.99732 19.7672 5.99732 19.5015V10.5021C5.99732 10.2364 5.89018 9.98361 5.70591 9.79505C5.52163 9.60649 5.2645 9.50364 4.9988 9.50364H1.00046ZM19.9208 11.882C19.9722 11.7621 19.998 11.6335 20.0022 11.5006V8.50086C20.0022 8.14517 19.8137 7.81519 19.5008 7.6352C19.188 7.45522 18.8109 7.45522 18.5023 7.6352C18.1938 7.81519 18.0009 8.14517 18.0009 8.50086V9.09224L11.6713 2.79269C11.4442 2.56557 11.1185 2.45843 10.8013 2.51414C10.4842 2.56557 10.2142 2.76698 10.0728 3.0541L8.60288 5.98532L1.60043 0.701414C1.42901 0.572852 1.21473 0.5 1.00046 0.5C0.679049 0.508571 0.383352 0.667131 0.199077 0.928541C0.0405142 1.13853 -0.0280534 1.40851 0.0105159 1.66992C0.0490851 1.93133 0.18622 2.17131 0.400494 2.32987L8.40147 8.32944C8.63717 8.50514 8.94144 8.56942 9.23285 8.50086C9.52426 8.42801 9.76853 8.22231 9.89281 7.95232L11.2727 5.19252L16.591 10.5021H15.9996C15.6439 10.5021 15.3139 10.6907 15.1339 11.0035C14.954 11.3164 14.954 11.6935 15.1339 12.002C15.3139 12.3106 15.6439 12.5034 15.9996 12.5034H18.9994C19.1323 12.5034 19.2609 12.4734 19.3808 12.422C19.5008 12.3706 19.6123 12.302 19.7108 12.212C19.7965 12.1135 19.8694 12.002 19.9208 11.882Z\" fill=\"#303030\"\/> <\/svg> <\/label><\/p>\n<ul class=\"partners_list tab_partners_neuf\" data-insertor-excluded=\"1\">\n<li data-insertor-excluded=\"1\">\n<p><span data-insertor-excluded=\"1\" class=\"partner_list_logo partner_list_logo--amazon\">Amazon<\/span><\/p>\n<\/li>\n<li data-insertor-excluded=\"1\">\n<p><span data-insertor-excluded=\"1\" class=\"partner_list_logo partner_list_logo--cdiscount\">Cdiscount<\/span><\/p>\n<\/li>\n<li data-insertor-excluded=\"1\">\n<p><span data-insertor-excluded=\"1\" class=\"partner_list_logo partner_list_logo--rakuten\">Rakuten<\/span><\/p>\n<\/li>\n<li data-insertor-excluded=\"1\">\n<p><span data-insertor-excluded=\"1\" class=\"partner_list_logo partner_list_logo--rueducommerce\">Rue du Commerce<\/span><\/p>\n<\/li>\n<li data-insertor-excluded=\"1\">\n<p><span data-insertor-excluded=\"1\" class=\"partner_list_logo partner_list_logo--manomano\">ManoMano<\/span><\/p>\n<\/li>\n<li data-insertor-excluded=\"1\">\n<p><span data-insertor-excluded=\"1\" class=\"partner_list_logo partner_list_logo--darty\">Darty<\/span><\/p>\n<\/li>\n<\/ul>\n<div class=\"partners_list tab_partners_graf\">\n<div><span style=\"color:black\">Evolution du prix le plus bas (neuf):<\/span><\/p>\n<p>\u00a0<\/p>\n<\/div>\n<\/div>\n<\/div>\n<\/figcaption><\/figure>\n<ul>&#13;<\/p>\n<li>Couleur du coussin : Cr\u00e8me<\/li>\n<p>&#13;<\/p>\n<li>Bois d&rsquo;acacia massif avec finition \u00e0 l&rsquo;huile<\/li>\n<p>&#13;<\/p>\n<li>Dimensions du canap\u00e9 d\u2019angle : 60,5 x 60,5 x 81 cm (l x P x H)<\/li>\n<p>&#13;\n<\/ul>\n<p>&#13;<br \/>\n&#13;<\/p>\n<p>Id\u00e9al pour cr\u00e9er un espace d\u00e9tente sur votre terrasse, l\u2019ensemble de jardin en bois d&rsquo;acacia comprend\u00a0un canap\u00e9 2 places avec coussins et\u00a0une table basse.\u00a0Faciles d\u2019entretien, ses coussins sont en polyester.\u00a0<\/p>\n<p>&#13;<br \/>\n<\/aside>\n<aside class=\"ads--insertor-avoid app_article_content\"><a data-insertor-excluded=\"1\" data-processed=\"1\" id=\"salon-de-jardin-resine-solde\" name=\"salon-de-jardin-resine-solde\"\/><\/p>\n<h2 class=\"main_title\" data-insertor-excluded=\"1\">Salon de jardin r\u00e9sine sold\u00e9<\/h2>\n<figure data-insertor-excluded=\"1\">\n<div class=\"product_picture\" data-insertor-excluded=\"1\"><a rel=\"nofollow pass noopener\" class=\"jBlockAmazon\" data-insertor-excluded=\"1\" data-processed=\"1\" target=\"_blank\" href=\"https:\/\/www.amazon.fr\/dp\/B08QNKHPG1?tag=journaldesfemmes-21&amp;linkCode=ogi&amp;th=1&amp;psc=1&amp;tag=journaldesfemmes-21&amp;ascsubtag=1974686f2fi\"><img decoding=\"async\" loading=\"lazy\" src=\"https:\/\/m.media-amazon.com\/images\/I\/41QrUIikZ+L._SL500_.jpg\" data-insertor-excluded=\"1\" alt=\"Salon de jardin r\u00e9sine sold\u00e9\"\/><\/a><\/div><figcaption data-insertor-excluded=\"1\">\n<h3 class=\"item_name\" data-insertor-excluded=\"1\">TecTake 800824 Salon de Jardin en R\u00e9sine Tress\u00e9e Modulable<\/h3>\n<\/figcaption><\/figure>\n<ul>&#13;<\/p>\n<li>R\u00e9sine grise<\/li>\n<p>&#13;<\/p>\n<li>Dimensions\u00a0: Canap\u00e9s 116,5 x 63 x 75 cm,\u00a0Tabouret 40 x 40 x 35 cm<\/li>\n<p>&#13;\n<\/ul>\n<p>&#13;<br \/>\n&#13;<\/p>\n<p>Familial, ce salon de jardin\u00a0peut accueillir toute la famille. Fabriqu\u00e9 en r\u00e9sine rappelant l&rsquo;aspect du rotin, il adopte un look sobre et durable dans le temps.\u00a0\u00c0 mi-chemin entre salle \u00e0 manger d&rsquo;ext\u00e9rieur\u00a0et salon de jardin, voil\u00e0 un ensemble qui a tout pour plaire.\u00a0<\/p>\n<p>&#13;<br \/>\n<\/aside>\n<aside class=\"ads--insertor-avoid app_article_content\"><a data-insertor-excluded=\"1\" data-processed=\"1\" id=\"salon-de-jardin-design-solde\" name=\"salon-de-jardin-design-solde\"\/><\/p>\n<h2 class=\"main_title\" data-insertor-excluded=\"1\">Salon de jardin design sold\u00e9<\/h2>\n<figure data-insertor-excluded=\"1\">\n<div class=\"product_picture\" data-insertor-excluded=\"1\"><a rel=\"nofollow pass noopener\" class=\"jBlockAmazon\" data-insertor-excluded=\"1\" data-processed=\"1\" target=\"_blank\" href=\"https:\/\/www.amazon.fr\/dp\/B07WFLRNJZ?tag=journaldesfemmes-21&amp;linkCode=ogi&amp;th=1&amp;psc=1&amp;tag=journaldesfemmes-21&amp;ascsubtag=1974686f3fi\"><img decoding=\"async\" loading=\"lazy\" src=\"https:\/\/m.media-amazon.com\/images\/I\/41fWLsQ4F4L._SL500_.jpg\" data-insertor-excluded=\"1\" alt=\"Salon de jardin design sold\u00e9\"\/><\/a><\/div><figcaption data-insertor-excluded=\"1\">\n<h3 class=\"item_name\" data-insertor-excluded=\"1\">TecTake 800719 Salon de Jardin en R\u00e9sine tress\u00e9e<\/h3>\n<\/figcaption><\/figure>\n<ul>&#13;<\/p>\n<li>Mat\u00e9riaux\u00a0:\u00a0r\u00e9sine tress\u00e9e<\/li>\n<p>&#13;<\/p>\n<li>Avec coffre de rangement repose-pied<\/li>\n<p>&#13;<\/p>\n<li>Dimensions :\u00a0Canap\u00e9\u00a0environ 129 x 68,5 x 75 cm,\u00a0Fauteuil environ 71,5 x 66 x 74,5 cm, Table environ 86 x 50,5 x 37 cm<\/li>\n<p>&#13;\n<\/ul>\n<p>&#13;<br \/>\n&#13;<\/p>\n<p>Envie de faire le plein de modernit\u00e9 sur votre terrasse ou au jardin ? Craquez pour ce salon de jardin design. Compos\u00e9 d&rsquo;un canap\u00e9 et de deux fauteuils avec repose-pied et rangement, il fera grand effet dans votre ext\u00e9rieur.<\/p>\n<p>&#13;<br \/>\n<\/aside>\n<aside class=\"ads--insertor-avoid app_article_content\"><a data-insertor-excluded=\"1\" data-processed=\"1\" id=\"salon-de-jardin-en-plastique-solde\" name=\"salon-de-jardin-en-plastique-solde\"\/><\/p>\n<h2 class=\"main_title\" data-insertor-excluded=\"1\">Salon de jardin en plastique sold\u00e9<\/h2>\n<figure data-insertor-excluded=\"1\">\n<div class=\"product_picture\" data-insertor-excluded=\"1\"><a rel=\"nofollow pass noopener\" class=\"jBlockAmazon\" data-insertor-excluded=\"1\" data-processed=\"1\" target=\"_blank\" href=\"https:\/\/www.amazon.fr\/dp\/B07RG3MQGW?tag=journaldesfemmes-21&amp;linkCode=ogi&amp;th=1&amp;psc=1&amp;tag=journaldesfemmes-21&amp;ascsubtag=1974686f4fi\"><img decoding=\"async\" loading=\"lazy\" src=\"https:\/\/m.media-amazon.com\/images\/I\/41py8TOI2oL._SL500_.jpg\" data-insertor-excluded=\"1\" alt=\"Salon de jardin en plastique sold\u00e9\"\/><\/a><\/div><figcaption data-insertor-excluded=\"1\">\n<h3 class=\"item_name\" data-insertor-excluded=\"1\">TecTake 800690 Salon de Jardin encastrable<\/h3>\n<\/figcaption><\/figure>\n<ul>&#13;<\/p>\n<li>R\u00e9sine de synth\u00e8se<\/li>\n<p>&#13;<\/p>\n<li>Avec coussins<\/li>\n<p>&#13;<\/p>\n<li>Si\u00e8ge\u00a071 x 68 x 72 cm, Table\u00a049 x 42,5 cm, Vase\u00a013 x 13 x 31 cm<\/li>\n<p>&#13;\n<\/ul>\n<p>&#13;<br \/>\n&#13;<\/p>\n<p>Aussi compact que pratique, ce salon de jardin en plastique se compose de\u00a0deux fauteuils et d&rsquo;une table basse dot\u00e9e d&rsquo;un\u00a0coffre de rangement ainsi que d&rsquo;un vase d\u00e9co. Les \u00e9l\u00e9ments peuvent \u00eatre rang\u00e9s en forme d&rsquo;\u0153uf les uns sur les autres pour prendre moins de place.<\/p>\n<p>&#13;<br \/>\n<\/aside>\n<\/p><\/div>\n<p>[ad_2]<br \/>\n<br \/><a href=\"https:\/\/deco.journaldesfemmes.fr\/deco-du-jardin\/1974686-salon-de-jardin-soldes\/\">Source link <\/a><\/p>\n","protected":false},"excerpt":{"rendered":"<p>[ad_1] Il vous manque quelque chose pour profiter de votre espace ext\u00e9rieur cet \u00e9t\u00e9\u00a0? Pendant les soldes d&rsquo;\u00e9t\u00e9 2021, \u00e9quiper &hellip; <a href=\"http:\/\/www.affinite.fr\/index.php\/2022\/05\/24\/salon-de-jardin-en-soldes-la-selection-a-shopper\/\" class=\"more-link\">Plus <span class=\"screen-reader-text\">Salon de jardin en soldes\u00a0: la s\u00e9lection \u00e0 shopper<\/span> <span class=\"meta-nav\">&rarr;<\/span><\/a><\/p>\n","protected":false},"author":1,"featured_media":7845,"comment_status":"","ping_status":"open","sticky":false,"template":"","format":"standard","meta":{"_sitemap_exclude":false,"_sitemap_priority":"","_sitemap_frequency":"","footnotes":""},"categories":[1],"tags":[],"class_list":["post-7844","post","type-post","status-publish","format-standard","has-post-thumbnail","hentry","category-tous"],"_links":{"self":[{"href":"http:\/\/www.affinite.fr\/index.php\/wp-json\/wp\/v2\/posts\/7844"}],"collection":[{"href":"http:\/\/www.affinite.fr\/index.php\/wp-json\/wp\/v2\/posts"}],"about":[{"href":"http:\/\/www.affinite.fr\/index.php\/wp-json\/wp\/v2\/types\/post"}],"author":[{"embeddable":true,"href":"http:\/\/www.affinite.fr\/index.php\/wp-json\/wp\/v2\/users\/1"}],"replies":[{"embeddable":true,"href":"http:\/\/www.affinite.fr\/index.php\/wp-json\/wp\/v2\/comments?post=7844"}],"version-history":[{"count":0,"href":"http:\/\/www.affinite.fr\/index.php\/wp-json\/wp\/v2\/posts\/7844\/revisions"}],"wp:featuredmedia":[{"embeddable":true,"href":"http:\/\/www.affinite.fr\/index.php\/wp-json\/wp\/v2\/media\/7845"}],"wp:attachment":[{"href":"http:\/\/www.affinite.fr\/index.php\/wp-json\/wp\/v2\/media?parent=7844"}],"wp:term":[{"taxonomy":"category","embeddable":true,"href":"http:\/\/www.affinite.fr\/index.php\/wp-json\/wp\/v2\/categories?post=7844"},{"taxonomy":"post_tag","embeddable":true,"href":"http:\/\/www.affinite.fr\/index.php\/wp-json\/wp\/v2\/tags?post=7844"}],"curies":[{"name":"wp","href":"https:\/\/api.w.org\/{rel}","templated":true}]}}