{"id":7815,"date":"2022-05-17T20:07:24","date_gmt":"2022-05-17T20:07:24","guid":{"rendered":"https:\/\/www.affinite.fr\/index.php\/2022\/05\/17\/cannes-2022-les-marches-eva-longoria-sur-le-tapis-rouge\/"},"modified":"2022-05-17T20:07:24","modified_gmt":"2022-05-17T20:07:24","slug":"cannes-2022-les-marches-eva-longoria-sur-le-tapis-rouge","status":"publish","type":"post","link":"http:\/\/www.affinite.fr\/index.php\/2022\/05\/17\/cannes-2022-les-marches-eva-longoria-sur-le-tapis-rouge\/","title":{"rendered":"Cannes 2022, les marches : Eva Longoria sur le tapis rouge"},"content":{"rendered":"<p> [ad_1]<br \/>\n<br \/><img decoding=\"async\" src=\"http:\/\/fr.web.img2.acsta.net\/newsv7\/22\/05\/17\/20\/37\/5908916.jpg\" \/><br \/>Pour la 75e \u00e9dition du Festival de Cannes, c&rsquo;est la com\u00e9die \u00ab\u00a0Coupez\u00a0\u00bb qui a ouvert les festivit\u00e9s ce soir sur la Croisette, en pr\u00e9sence d&rsquo;Eva Longoria, Rossy de Palma, Pascal Elb\u00e9 ou encore Katherine Langford.<\/p>\n<p>&gt;&gt; <a href=\"http:\/\/www.allocine.fr\/article\/fichearticle_gen_carticle=18709869.html\">Lire l&rsquo;article<\/a>  | sur <i><a href=\"https:\/\/www.allocine.fr\">AlloCin\u00e9<\/a><\/i>  &#8211; mardi 17 mai 2022<\/p>\n<p>[ad_2]<br \/>\n<br \/><a href=\"http:\/\/www.allocine.fr\/diaporamas\/cinema\/diaporama-18709869\/\">Source link <\/a><\/p>\n","protected":false},"excerpt":{"rendered":"<p>[ad_1] Pour la 75e \u00e9dition du Festival de Cannes, c&rsquo;est la com\u00e9die \u00ab\u00a0Coupez\u00a0\u00bb qui a ouvert les festivit\u00e9s ce soir &hellip; <a href=\"http:\/\/www.affinite.fr\/index.php\/2022\/05\/17\/cannes-2022-les-marches-eva-longoria-sur-le-tapis-rouge\/\" class=\"more-link\">Plus <span class=\"screen-reader-text\">Cannes 2022, les marches : Eva Longoria sur le tapis rouge<\/span> <span class=\"meta-nav\">&rarr;<\/span><\/a><\/p>\n","protected":false},"author":1,"featured_media":7816,"comment_status":"","ping_status":"open","sticky":false,"template":"","format":"standard","meta":{"_sitemap_exclude":false,"_sitemap_priority":"","_sitemap_frequency":"","footnotes":""},"categories":[1],"tags":[],"class_list":["post-7815","post","type-post","status-publish","format-standard","has-post-thumbnail","hentry","category-tous"],"_links":{"self":[{"href":"http:\/\/www.affinite.fr\/index.php\/wp-json\/wp\/v2\/posts\/7815"}],"collection":[{"href":"http:\/\/www.affinite.fr\/index.php\/wp-json\/wp\/v2\/posts"}],"about":[{"href":"http:\/\/www.affinite.fr\/index.php\/wp-json\/wp\/v2\/types\/post"}],"author":[{"embeddable":true,"href":"http:\/\/www.affinite.fr\/index.php\/wp-json\/wp\/v2\/users\/1"}],"replies":[{"embeddable":true,"href":"http:\/\/www.affinite.fr\/index.php\/wp-json\/wp\/v2\/comments?post=7815"}],"version-history":[{"count":0,"href":"http:\/\/www.affinite.fr\/index.php\/wp-json\/wp\/v2\/posts\/7815\/revisions"}],"wp:featuredmedia":[{"embeddable":true,"href":"http:\/\/www.affinite.fr\/index.php\/wp-json\/wp\/v2\/media\/7816"}],"wp:attachment":[{"href":"http:\/\/www.affinite.fr\/index.php\/wp-json\/wp\/v2\/media?parent=7815"}],"wp:term":[{"taxonomy":"category","embeddable":true,"href":"http:\/\/www.affinite.fr\/index.php\/wp-json\/wp\/v2\/categories?post=7815"},{"taxonomy":"post_tag","embeddable":true,"href":"http:\/\/www.affinite.fr\/index.php\/wp-json\/wp\/v2\/tags?post=7815"}],"curies":[{"name":"wp","href":"https:\/\/api.w.org\/{rel}","templated":true}]}}