{"id":7813,"date":"2022-05-16T23:43:35","date_gmt":"2022-05-16T23:43:35","guid":{"rendered":"https:\/\/www.affinite.fr\/index.php\/2022\/05\/16\/j-1-virginie-efira-devoile-presque-sa-robe-la-croisette-sagite\/"},"modified":"2022-05-16T23:43:35","modified_gmt":"2022-05-16T23:43:35","slug":"j-1-virginie-efira-devoile-presque-sa-robe-la-croisette-sagite","status":"publish","type":"post","link":"http:\/\/www.affinite.fr\/index.php\/2022\/05\/16\/j-1-virginie-efira-devoile-presque-sa-robe-la-croisette-sagite\/","title":{"rendered":"J-1, Virginie Efira d\u00e9voile (presque) sa robe, La Croisette s&rsquo;agite&#8230;"},"content":{"rendered":"<p> [ad_1]<br \/>\n<br \/><img decoding=\"async\" src=\"https:\/\/img-3.journaldesfemmes.fr\/xNU65r04GVcoXssCmoGtJ4d12zY=\/1280x\/smart\/daf29ac4fe4d453587b2630ea06fa755\/ccmcms-jdf\/34469409.jpg\" \/><\/p>\n<p>\n                Les grandes stars du cin\u00e9ma s&rsquo;appr\u00eatent \u00e0 monter les marches du Festival de Cannes. Vincent Lindon officiera comme pr\u00e9sident du jury, Virginie Efira sera ma\u00eetresse de c\u00e9r\u00e9monie, Tom Cruise est attendu sur La Croisette, Kylie Minogue chantera sur la plage Magnum, Diam&rsquo;s projettera son documentaire et la liste des films pr\u00e9sent\u00e9s \u00e0 \u00e9t\u00e9 d\u00e9voil\u00e9e. Tout ce qu&rsquo;il faut savoir sur la 75e \u00e9dition de l&rsquo;\u00e9v\u00e8nement tant attendu du septi\u00e8me art&#8230;            <\/p>\n<div>\n<aside class=\"ccmsummary marqueur_module ccmcss_cms_summary ccmcss_cms_summary--right\">\n<p>Sommaire<\/p>\n<\/aside>\n<p><strong>Le compte \u00e0 rebours est lanc\u00e9.\u00a0<\/strong>Bient\u00f4t, le lancement du rendez-vous le plus glamour de France! La <strong>75<sup>e<\/sup> \u00e9dition du Festival de Cannes<\/strong>, qui se tiendra du 17\u00a0au 28\u00a0mai\u00a0<span style=\"font-size: 1rem;\">2022, s&rsquo;appr\u00eate \u00e0 d\u00e9rouler son tapis rouge, son grand cru de films et sa panoplie de stars nationales et internationales. <strong>L&rsquo;affiche de cette nouvelle \u00e9dition du festival de Cannes<\/strong>, inspir\u00e9e du film The Truman Show, a \u00e9t\u00e9 d\u00e9ploy\u00e9e le 15 mai sur la fa\u00e7ade du palais des festivals et des congr\u00e8s de Cannes. Tout est presque pr\u00eat pour accueillir les g\u00e9ants du cin\u00e9ma et autres amoureux de films sur la Croisette. \u00ab\u00a0<em><strong>Mardi sera aussi une grosse journ\u00e9e pour la pose du tapis<\/strong> donc voil\u00e0, on arrive au bout, pour nous, apr\u00e8s trois semaines de montage<\/em>\u00ab\u00a0, s&rsquo;est r\u00e9joui Jos\u00e9 Will, chef de service exposition au palais des festivals, aupr\u00e8s de l&rsquo;AFPTV.\u00a0<\/span><\/p>\n<div class=\"ccminsert\">\n<blockquote class=\"twitter-tweet\">\n<p dir=\"ltr\" lang=\"fr\">Plus que deux jours avant l&rsquo;ouverture de la 75e \u00e9dition du Festival de Cannes ! Le palais des festivals enfile son smoking pour c\u00e9l\u00e9brer le cin\u00e9ma du 17 au 28 mai. <a href=\"https:\/\/twitter.com\/hashtag\/Cannes2022?src=hash&amp;ref_src=twsrc%5Etfw\">#Cannes2022<\/a> <a href=\"https:\/\/twitter.com\/Festival_Cannes\/status\/1525824490319622146\/photo\/1\">pic.twitter.com\/o28SXqBVys<\/a><\/p>\n<p>\u2014 Festival de Cannes (@Festival_Cannes) <a href=\"https:\/\/twitter.com\/Festival_Cannes\/status\/1525824490319622146?ref_src=twsrc%5Etfw\">May 15, 2022<\/a><\/p><\/blockquote>\n<\/div>\n<h2><span style=\"font-size: 1rem;\">Virginie Efira : sa robe pour l&rsquo;ouverture de la c\u00e9r\u00e9monie<\/span><\/h2>\n<p><span style=\"font-size: 1rem;\"><a href=\"https:\/\/www.journaldesfemmes.fr\/people\/virginie-efira\/\" title=\"Virginie Efira\">Virginie Efira<\/a>, qui est la ma\u00eetresse de c\u00e9r\u00e9monie cette ann\u00e9e, a \u00e9videmment d\u00e9j\u00e0 choisi sa tenue pour l&rsquo;ouverture du festival. \u00ab\u00a0<em>Je <strong>serai en robe Saint Laurent<\/strong>. C&rsquo;est structur\u00e9, pas trop de froufrous. <strong>C&rsquo;est tr\u00e8s fran\u00e7ais, m\u00eame si le cr\u00e9ateur est belge<\/strong>. Anthony \u00adVaccarello et moi, nous \u00e9tions d&rsquo;ailleurs dans la m\u00eame \u00e9cole \u00e0 Bruxelles<\/em>\u00ab\u00a0, a indiqu\u00e9 l&rsquo;actrice de 45 ans au <em>Journal du Dimanche<\/em>.<\/span><\/p>\n<p><span style=\"font-size: 1rem;\">Pr\u00e9parez-vous, cette ann\u00e9e, <strong>Kylie Minogue<\/strong> vient enflammer la Croisette! La star est la nouvelle \u00e9g\u00e9rie de la Plage Magnum \u00e0 Cannes, pendant le festival.<\/span>\u00a0A l&rsquo;occasion, la chanteuse et la DJ Peggy Gou remixent le titre culte <strong><em>Can&rsquo;t Get You Out Of My Head<\/em><\/strong>.<\/p>\n<p><span style=\"font-size: 1rem;\">\u00ab\u00a0<em>Je suis ravie<strong> d&rsquo;annoncer mon partenariat avec Magnum et l&rsquo;ic\u00f4ne de la musique dance Peggy Gou<\/strong> pour sortir une version remix\u00e9e de \u00ab\u00a0<strong>Can&rsquo;t Get You Out Of My Head<\/strong>\u00a0\u00bb &#8211; qui fera ses d\u00e9buts mondiaux \u00e0 Cannes le 19\u00a0mai\u00a0! J&rsquo;ai h\u00e2te que vous l&rsquo;entendiez tous<\/em>\u00ab\u00a0, a annonc\u00e9 la chanteuse de 53 ans sur son compte Instagram.<\/span><\/p>\n<p><span style=\"font-size: 1rem;\">Le jeudi 19\u00a0mai \u00e0 Cannes, <strong>Kylie Minogue et Peggy Gou interpr\u00e9teront cette nouvelle version du morceau culte<\/strong>, sur la plage de Magnum.<\/span><\/p>\n<p>Diam&rsquo;s fait son grand retour dans les m\u00e9dias. Apr\u00e8s une dizaine d&rsquo;ann\u00e9es d&rsquo;absence, l&rsquo;ancienne rappeuse\u00a0sort <strong>son documentaire <\/strong><em><strong>Salam<\/strong> <\/em>co-r\u00e9alis\u00e9 avec Houda Benyamina et Anne Ciss\u00e9, <strong>projet\u00e9 en avant-premi\u00e8re mondiale et en s\u00e9ance sp\u00e9ciale au festival de Cannes<\/strong>.<\/p>\n<p>\u00ab\u00a0<em>Elle se confie sur la gloire, la psychiatrie, la qu\u00eate de sens et sa conversion \u00e0 l&rsquo;islam. Elle nous entra\u00eene sur les traces de Diam&rsquo;s et r\u00e9v\u00e8le dans ce r\u00e9cit intime et pudique les secrets de son histoire<\/em>\u00ab\u00a0, a d\u00e9clar\u00e9 la soci\u00e9t\u00e9 de production BrutX dans un communiqu\u00e9. Mais si le documentaire sera pr\u00e9sent\u00e9 au festival de Cannes, <strong>la chanteuse ne se rendra pas sur la croisette<\/strong>, selon les informations de Bernard Montiel dans <em>Touche Pas \u00e0 Mon Poste<\/em>.<\/p>\n<p>Le Festival de Cannes r\u00e9it\u00e8re <strong>son soutien \u00e0 l&rsquo;Ukraine<\/strong>. Apr\u00e8s avoir d\u00e9sinvit\u00e9 les personnalit\u00e9s li\u00e9es au gouvernement de Vladimir Poutine, les organisateurs ont d\u00e9cid\u00e9 de <strong>refuser l&rsquo;accr\u00e9ditation aux journalistes russes issus de m\u00e9dias en accord avec l&rsquo;invasion en Ukraine<\/strong>, selon le <em>Hollywood Reporter<\/em>. La pr\u00e9sence de quelques m\u00e9dias russes a \u00e9t\u00e9 autoris\u00e9e au sein du festival de Cannes, mais uniquement <strong>si ceux-ci ne soutiennent pas la politique de Vladimir Poutine<\/strong>.<\/p>\n<p><span style=\"font-size: 1rem;\">Le nom du pr\u00e9sident du jury a d&rsquo;ores et d\u00e9j\u00e0 \u00e9t\u00e9 annonc\u00e9&#8230; Il s&rsquo;agit de <\/span><strong style=\"font-size: 1rem;\"><a href=\"https:\/\/www.journaldesfemmes.fr\/people\/vincent-lindon\/\" title=\"Vincent Lindon\">Vincent Lindon<\/a><\/strong><span style=\"font-size: 1rem;\">. Habitu\u00e9 du festival de Cannes, l&rsquo;acteur de 62 ans y a d\u00e9j\u00e0 re\u00e7u le prix d&rsquo;interpr\u00e9tation masculine pour sa prestation dans <\/span><em style=\"font-size: 1rem;\">La Loi du march\u00e9<\/em><span style=\"font-size: 1rem;\"> de St\u00e9phane Briz\u00e9, en 2015.<\/span>\u00a0\u00ab\u00a0<em>C&rsquo;est un immense honneur, et une tr\u00e8s grande fiert\u00e9 de me voir confier, au milieu du tumulte des multiples \u00e9v\u00e9nements que nous traversons dans le monde, <strong>la splendide et lourde t\u00e2che de pr\u00e9sider ce jury<\/strong><\/em>\u00ab\u00a0, a-t-il d\u00e9clar\u00e9 dans un communiqu\u00e9 apr\u00e8s l&rsquo;annonce.<\/p>\n<p>Le jury, pr\u00e9sid\u00e9 par Vincent Lindon, est compos\u00e9 du Fran\u00e7ais <strong>Ladj Ly<\/strong>, l&rsquo;Anglaise <strong>Rebecca Hall<\/strong>, la Su\u00e9doise <strong>Noomi Rapace<\/strong>, l&rsquo;Am\u00e9ricain <strong>Jeff Nichols<\/strong>, le Norv\u00e9gien <strong>Joachim Trier<\/strong>,\u00a0l&rsquo;Italienne <strong>Jasmine Trinca<\/strong>, l&rsquo;Iranien <strong>Asghar Farhadi<\/strong> et l&rsquo;Indienne <strong>Deepika Padukone<\/strong>.<\/p>\n<p>C&rsquo;est <strong>Virginie Efira<\/strong> qui pr\u00e9sentera les c\u00e9r\u00e9monies d&rsquo;ouverture et de cl\u00f4ture du <strong>Festival de Cannes\u00a0<\/strong>et succ\u00e8de ainsi \u00e0 Doria Tillier. \u00ab\u00a0<em>Une pr\u00e9sence solaire pour <strong>c\u00e9l\u00e9brer le cin\u00e9ma<\/strong><\/em>\u00ab\u00a0, ont comment\u00e9 les organisateurs dans un communiqu\u00e9. L&rsquo;ann\u00e9e derni\u00e8re, elle s&rsquo;\u00e9tait rendue sur la croisette pour son r\u00f4le dans le film <em>Benedetta<\/em>, de Paul Verhoeven.<\/p>\n<p>Le jury Un Certain Regard est pr\u00e9sid\u00e9 par l&rsquo;actrice italienne <strong>Valeria Golino<\/strong>, la com\u00e9dienne polonaise <strong>Joanna Kulig<\/strong>, l&rsquo;acteur v\u00e9n\u00e9zuelien <strong>Edgar Ramirez<\/strong>, la r\u00e9alisatrice am\u00e9ricaine <strong>Debra Granik<\/strong> et le chanteur et com\u00e9dien fran\u00e7ais <strong><a href=\"https:\/\/www.journaldesfemmes.fr\/people\/benjamin-biolay\/\" title=\"Benjamin Biolay\">Benjamin Biolay<\/a><\/strong>.<\/p>\n<p><span style=\"font-size: 1rem;\">Cette ann\u00e9e, c&rsquo;est <strong>Rossy de Palma qui pr\u00e9side\u00a0le jury de la Cam\u00e9ra d&rsquo;or<\/strong>, succ\u00e9dant ainsi \u00e0 M\u00e9lanie Thierry. Quant aux jur\u00e9s, il s&rsquo;agit de la directrice g\u00e9n\u00e9rale d&rsquo;Arri France, <strong>Natasza Chroscicki<\/strong>, du directeur de la photographie<strong> Jean-Claude Larrieu<\/strong>, du journaliste <strong>Olivier Pelisson<\/strong>, des acteurs <strong>Lucien Jean-Baptiste<\/strong> et <strong>Samuel Le Bihan<\/strong> et\u00a0de la r\u00e9alisatrice <strong>\u00c9l\u00e9onore Weber<\/strong>.<\/span><\/p>\n<h2 id=\"quelle-est-laffiche-du-festival-de-cannes-2022-\">Quelle est l&rsquo;affiche du Festival de Cannes 2022 ?<\/h2>\n<p>Cette ann\u00e9e, <strong>l&rsquo;affiche du festival de Cannes<\/strong> rend hommage au <strong><em>Truman Show<\/em><\/strong>, de Peter Weir. \u00ab\u00a0<em>Comme l&rsquo;inoubliable Truman incarn\u00e9 par Jim Carrey qui fr\u00f4le du bout des doigts son horizon, le Festival de Cannes prend acte de l&rsquo;extr\u00e9mit\u00e9 d&rsquo;un monde pour l&rsquo;appr\u00e9hender \u00e0 nouveau. Crise climatique, catastrophes humanitaires, conflits arm\u00e9s\u00a0: les motifs d&rsquo;inqui\u00e9tude sont nombreux<\/em>\u00ab\u00a0, lit-on dans le communiqu\u00e9 publi\u00e9 par les organisateurs.<\/p>\n<div class=\"ccminsert\">\n<blockquote class=\"twitter-tweet\">\n<p dir=\"ltr\" lang=\"fr\">L&rsquo;affiche du 75\u00e8me Festival de Cannes rend hommage \u00e0 la s\u00e9quence finale de The Truman Show, de Peter Weir, o\u00f9 Jim Carrey touchait les murs d&rsquo;un monde factice et acqu\u00e9rait enfin sa libert\u00e9. Voil\u00e0 qui promet. Rendez-vous au <a href=\"https:\/\/twitter.com\/Festival_Cannes?ref_src=twsrc%5Etfw\">@Festival_Cannes<\/a> dans 4 semaines ! <a href=\"https:\/\/twitter.com\/damien_leblanc\/status\/1516470666039599113\/photo\/1\">pic.twitter.com\/tDIyQOh7WB<\/a><\/p>\n<p>\u2014 Damien Leblanc (@damien_leblanc) <a href=\"https:\/\/twitter.com\/damien_leblanc\/status\/1516470666039599113?ref_src=twsrc%5Etfw\">April 19, 2022<\/a><\/p><\/blockquote>\n<\/div>\n<h2 id=\"tom-cruise-attendu-au-festival-de-cannes-2022\">Tom Cruise, attendu au Festival de Cannes 2022<\/h2>\n<p><strong><a href=\"https:\/\/www.journaldesfemmes.fr\/people\/tom-cruise\/\" title=\"Tom Cruse\">Tom Cruise<\/a><\/strong> sera pr\u00e9sent sur la croisette, le 18\u00a0mai, pour assister \u00e0 la projection de<strong><em> Top Gun: Maverick<\/em><\/strong>, qui sort en salles le 25\u00a0mai en France. Un <strong>hommage <\/strong>sera d&rsquo;ailleurs rendu \u00e0 l&rsquo;immense star du septi\u00e8me art.<\/p>\n<p>\u00ab\u00a0<em>Le <strong>Festival de Cannes lui rendra un hommage exceptionnel pour l&rsquo;ensemble de sa carri\u00e8re<\/strong>. Lors de cette journ\u00e9e sp\u00e9ciale, Tom Cruise se livrera dans l&rsquo;apr\u00e8s-midi \u00e0 l&rsquo;exercice d&rsquo;une conversation avec le journaliste Didier Allouch et montera les marches le soir m\u00eame \u00e0 l&rsquo;occasion de la projection de Top Gun\u00a0: Maverick, r\u00e9alis\u00e9 par Joseph Kosinski<\/em>\u00ab\u00a0, apprend-on sur le site officiel de l&rsquo;\u00e9v\u00e8nement.<\/p>\n<h2 id=\"quand-a-lieu-le-festival-de-cannes-\">Quand a lieu le Festival de Cannes ?<\/h2>\n<p>Cette ann\u00e9e, la 75<sup>e<\/sup> \u00e9dition du Festival de Cannes se d\u00e9roulera\u00a0<strong>du\u00a017\u00a0au 28\u00a0mai 2022.<\/strong><\/p>\n<h2 id=\"quels-films-sont-presentes-au-festival-de-cannes-2022-\">Quels films sont pr\u00e9sent\u00e9s au Festival de Cannes 2022 ?<\/h2>\n<h3>Films en comp\u00e9tition\u00a0:<\/h3>\n<ul>\n<li><em data-insertor-excluded=\"1\">Holy Spider\u00a0<\/em>d&rsquo;Ali Abbasi<\/li>\n<li><em data-insertor-excluded=\"1\">Les Amandiers\u00a0<\/em>de Val\u00e9ria Bruni-Tedeschi<\/li>\n<li><em data-insertor-excluded=\"1\">Les crimes du futur<\/em>\u00a0de David Cronenberg<\/li>\n<li><em data-insertor-excluded=\"1\">Tori et Lokita\u00a0<\/em>\u00a0de Jean-Pierre et Luc Dardenne<\/li>\n<li><em data-insertor-excluded=\"1\">Stars at noon<\/em>\u00a0de Claire Denis<\/li>\n<li><i data-insertor-excluded=\"1\">Fr\u00e8re\u00a0et\u00a0s\u0153ur<\/i>\u00a0d&rsquo;Arnaud Desplechin<\/li>\n<li><em data-insertor-excluded=\"1\">Close<\/em>\u00a0de Lukas Dhont<\/li>\n<li><em data-insertor-excluded=\"1\">Armageddon Time\u00a0<\/em>de James Gray<\/li>\n<li><em data-insertor-excluded=\"1\">Broker<\/em>\u00a0d&rsquo;Hirokazu Kore-Eda<\/li>\n<li><em data-insertor-excluded=\"1\">Nostalgia<\/em>\u00a0de Mario Martone<\/li>\n<li><em data-insertor-excluded=\"1\">Rmn<\/em>\u00a0de Cristian Mungiu<\/li>\n<li><em data-insertor-excluded=\"1\">Le triangle de la tristesse<\/em>\u00a0de Ruben \u00d6stlund<\/li>\n<li><em data-insertor-excluded=\"1\">Decision to leave\u00a0<\/em>de Park Chan-Wook<\/li>\n<li><em data-insertor-excluded=\"1\">Showing up\u00a0<\/em>de Kelly Reichardt<\/li>\n<li><em data-insertor-excluded=\"1\">Leila&rsquo;s brothers\u00a0<\/em>de Saeed Roustaee<\/li>\n<li><em data-insertor-excluded=\"1\">Boy from Heaven<\/em>\u00a0de Tarik Saleh<\/li>\n<li><em data-insertor-excluded=\"1\">La femme de Tcha\u00efkovski<\/em>\u00a0de Kirill Serebrennikov<\/li>\n<li><i data-insertor-excluded=\"1\">Eo<\/i>\u00a0de Jerzy Skolimowski<\/li>\n<li><em data-insertor-excluded=\"1\">Le Otto Montagne\u00a0<\/em>de\u00a0Charlotte Vandermeersch, Felix Van Groeningen<\/li>\n<li><em data-insertor-excluded=\"1\">Un petit fr\u00e8re<\/em>\u00a0de\u00a0L\u00e9onor Serraille<\/li>\n<li><em data-insertor-excluded=\"1\">Tourment sur les \u00eeles<\/em>\u00a0d&rsquo;Albert Serra<\/li>\n<\/ul>\n<h3>Films hors comp\u00e9tition\u00a0:<\/h3>\n<ul>\n<li><em data-insertor-excluded=\"1\">Top Gun\u00a02\u00a0: Maverick<\/em>\u00a0de\u00a0Joseph Kosinski<\/li>\n<li><em data-insertor-excluded=\"1\">Elvis<\/em>\u00a0de Baz Luhrmann<\/li>\n<li><em data-insertor-excluded=\"1\">Novembre<\/em>\u00a0de C\u00e9dric Jimenez<\/li>\n<li><em data-insertor-excluded=\"1\">Three thousand years of longing\u00a0<\/em>(Trois mille ans \u00e0 t&rsquo;attendre)\u00a0de George Miller<\/li>\n<li><em data-insertor-excluded=\"1\">Mascarade\u00a0<\/em>de <a href=\"https:\/\/www.journaldesfemmes.fr\/people\/nicolas-bedos\/\" title=\"Nicolas Bedos\">Nicolas Bedos<\/a><\/li>\n<li><em data-insertor-excluded=\"1\">L&rsquo;innocent<\/em>\u00a0de Louis Garrel<\/li>\n<\/ul>\n<h3>Films de la s\u00e9lection Un Certain Regard\u00a0:<\/h3>\n<ul>\n<li><em data-insertor-excluded=\"1\">Les Pires<\/em>\u00a0de Lisa Akoka et Romane Gueret<\/li>\n<li><em data-insertor-excluded=\"1\">Metronom<\/em>\u00a0d&rsquo;Alexandru Belc<\/li>\n<li><em data-insertor-excluded=\"1\">Retour \u00e0 Seoul\u00a0<\/em>de Davy Chou<\/li>\n<li><em data-insertor-excluded=\"1\">Sick of myself\u00a0<\/em>de Kristoffer Borgli<\/li>\n<li><em data-insertor-excluded=\"1\">Domingo y la niebla<\/em>\u00a0(Domingo et la brume) d&rsquo;Ariel Escalante\u00a0Meza<\/li>\n<li><em data-insertor-excluded=\"1\">Plan 75<\/em>\u00a0de Chie Hayakawa<\/li>\n<li><em data-insertor-excluded=\"1\">Beast<\/em>\u00a0de Riley Keough et Gina Gammell<\/li>\n<li><em data-insertor-excluded=\"1\">Corsage\u00a0<\/em>de Marie Kreutzer<\/li>\n<li><em data-insertor-excluded=\"1\">Butterfly vision\u00a0<\/em>de Maksim Nakonechnyi<\/li>\n<li><em data-insertor-excluded=\"1\">Godland<\/em>\u00a0d&rsquo;Hlynur Palmason<\/li>\n<li><em data-insertor-excluded=\"1\">Rod\u00e9o<\/em>\u00a0de Lola Quivoron<\/li>\n<li><em data-insertor-excluded=\"1\">Joyland<\/em>\u00a0de Saim Sadiq<\/li>\n<li><em data-insertor-excluded=\"1\">The Stranger<\/em>\u00a0de Thomas Wright<\/li>\n<li><em data-insertor-excluded=\"1\">Silent Twins<\/em>\u00a0d&rsquo;Agnieszka Smocynska<\/li>\n<li><em data-insertor-excluded=\"1\">Plus que jamais<\/em>\u00a0d&rsquo;Emily Atef\u00a0<\/li>\n<li><em data-insertor-excluded=\"1\">Mediterranean Fever<\/em>\u00a0de\u00a0Maha Haj\u00a0<\/li>\n<li><em data-insertor-excluded=\"1\">Le bleu du Caftan<\/em>\u00a0de Maryam Touzani\u00a0<\/li>\n<li><em data-insertor-excluded=\"1\">Harka<\/em>\u00a0de Lotfy Nathan<\/li>\n<\/ul>\n<h3>S\u00e9lection Cannes Premi\u00e8re\u00a0:<\/h3>\n<ul>\n<li><em data-insertor-excluded=\"1\">Nos frangins\u00a0<\/em>de Rachid Bouchareb<\/li>\n<li><em data-insertor-excluded=\"1\">Esterno Notte<\/em>\u00a0(Nightfall)\u00a0de Marco Bellocchio<\/li>\n<li><em data-insertor-excluded=\"1\">Dodo<\/em>\u00a0de Panos H.\u00a0Koutras<\/li>\n<li><i data-insertor-excluded=\"1\">Irma Vep<\/i>\u00a0d&rsquo;Olivier Assayas<\/li>\n<li><em data-insertor-excluded=\"1\">Don Juan<\/em>\u00a0de Serge Bozon\u00a0<\/li>\n<li><em data-insertor-excluded=\"1\">La nuit du 12\u00a0<\/em>de\u00a0Dominik Moll<\/li>\n<li><em data-insertor-excluded=\"1\">Chronique d&rsquo;une liaison passag\u00e8re<\/em>\u00a0d&rsquo;Emmanuel Mouret<\/li>\n<\/ul>\n<h3>S\u00e9ances sp\u00e9ciales et s\u00e9ances de minuit du Festival de Cannes 2022 :<\/h3>\n<ul>\n<li><em data-insertor-excluded=\"1\">All that breathes<\/em>\u00a0de Shaunak Sen<\/li>\n<li><em data-insertor-excluded=\"1\">The Natural History of destruction<\/em>\u00a0de Sergei Loznitsa<\/li>\n<li><em data-insertor-excluded=\"1\">Jerry Lee Lewis\u00a0: Trouble in mind\u00a0<\/em>d&rsquo;Ethan Coen<\/li>\n<li><em data-insertor-excluded=\"1\">Mi pais imaginario<\/em>\u00a0de Patricio Guzm\u00e1n Chili\u00a0<\/li>\n<li><em data-insertor-excluded=\"1\">The vagabonds<\/em>\u00a0de\u00a0Doroteya Droumeva<\/li>\n<li><em data-insertor-excluded=\"1\">Riposte f\u00e9minine<\/em>\u00a0de Marie Perenn\u00e8s, Simon Depardon<\/li>\n<li><em data-insertor-excluded=\"1\">Restos de Vento<\/em>\u00a0de Tiago Guedes<\/li>\n<li><em data-insertor-excluded=\"1\">Le petit Nicolas\u00a0: qu&rsquo;est-ce qu&rsquo;on attend pour \u00eatre heureux\u00a0?\u00a0<\/em>d&rsquo; Amandine Fredon, Benjamin Massoubre France<\/li>\n<li><em data-insertor-excluded=\"1\">Hunt<\/em>\u00a0de Lee Jung-Jae (s\u00e9ance de minuit)<\/li>\n<li><em data-insertor-excluded=\"1\">Moonage Daydream<\/em>\u00a0de Brett Morgen (s\u00e9ance de minuit)<\/li>\n<li><em data-insertor-excluded=\"1\">Fumer fait tousser<\/em>\u00a0de Quentin Dupieux (s\u00e9ance de minuit)<\/li>\n<li><em data-insertor-excluded=\"1\">Rebel<\/em>\u00a0d&rsquo;Adil El Arbi, Bilall Fallah (s\u00e9ance de minuit)<\/li>\n<\/ul>\n<p>Pour la 61e \u00e9dition de la semaine de la Critique, qui se d\u00e9roule <strong>du 18 au 26 mai<\/strong>, onze films ont \u00e9t\u00e9 s\u00e9lectionn\u00e9s, dont sept sont en comp\u00e9tition. Le jury est pr\u00e9sid\u00e9 par la cin\u00e9aste tunisienne Kaouther Ben Hania, et compos\u00e9 de la r\u00e9alisatrice franco-grecque Ariane Labed, du journaliste sud-cor\u00e9en Huh Moon-Yung, du r\u00e9alisateur islandais Benedikt Erlingsson, et du chef op\u00e9rateur belge Beno\u00eet Debie.\u00a0<\/p>\n<h3>En comp\u00e9tition\u00a0<\/h3>\n<ul>\n<li><em>Aftersun<\/em> de Charlotte Wells<\/li>\n<li><em>Alma Viva <\/em>de Crist\u00e8le Alves Meira<\/li>\n<li><em>Dalva <\/em>d&rsquo;Emmanuelle Nicot<\/li>\n<li><em>La Jaur\u00eda <\/em>d&rsquo;Andr\u00e9s Ram\u00edrez Pulido<\/li>\n<li><em>Nos c\u00e9r\u00e9monies <\/em>de Simon Rieth<\/li>\n<li><em>Tasavor (Imagine) <\/em>d&rsquo;Ali Behrad<\/li>\n<li><em>Metsurin tarina (The Woodcutter Story) <\/em>de Mikko Myllylahti<\/li>\n<\/ul>\n<h3>S\u00e9ances sp\u00e9ciales<\/h3>\n<ul>\n<li><em>When You Finish Saving The World<\/em> de Jesse Eisenberg (film d&rsquo;ouverture)<\/li>\n<li><em>Goutte d&rsquo;Or<\/em> de Cl\u00e9ment Cogitore<\/li>\n<li><em>Tout le monde aime Jeanne<\/em> de C\u00e9line Devaux<\/li>\n<li><em>Da-eum-so-hee <\/em>de Jung July (film de cl\u00f4ture)<\/li>\n<\/ul><\/div>\n<p><script async src=\"http:\/\/platform.twitter.com\/widgets.js\" charset=\"utf-8\"><\/script><br \/>\n<br \/>[ad_2]<br \/>\n<br \/><a href=\"https:\/\/www.journaldesfemmes.fr\/loisirs\/rendez-vous\/2518350-cannes-festival-2022-films-dates-vincent-lindon-jury-diams-kylie-minogue-virginie-efira-robe\/\">Source link <\/a><\/p>\n","protected":false},"excerpt":{"rendered":"<p>[ad_1] Les grandes stars du cin\u00e9ma s&rsquo;appr\u00eatent \u00e0 monter les marches du Festival de Cannes. Vincent Lindon officiera comme pr\u00e9sident &hellip; <a href=\"http:\/\/www.affinite.fr\/index.php\/2022\/05\/16\/j-1-virginie-efira-devoile-presque-sa-robe-la-croisette-sagite\/\" class=\"more-link\">Plus <span class=\"screen-reader-text\">J-1, Virginie Efira d\u00e9voile (presque) sa robe, La Croisette s&rsquo;agite&#8230;<\/span> <span class=\"meta-nav\">&rarr;<\/span><\/a><\/p>\n","protected":false},"author":1,"featured_media":7814,"comment_status":"","ping_status":"open","sticky":false,"template":"","format":"standard","meta":{"_sitemap_exclude":false,"_sitemap_priority":"","_sitemap_frequency":"","footnotes":""},"categories":[1],"tags":[],"class_list":["post-7813","post","type-post","status-publish","format-standard","has-post-thumbnail","hentry","category-tous"],"_links":{"self":[{"href":"http:\/\/www.affinite.fr\/index.php\/wp-json\/wp\/v2\/posts\/7813"}],"collection":[{"href":"http:\/\/www.affinite.fr\/index.php\/wp-json\/wp\/v2\/posts"}],"about":[{"href":"http:\/\/www.affinite.fr\/index.php\/wp-json\/wp\/v2\/types\/post"}],"author":[{"embeddable":true,"href":"http:\/\/www.affinite.fr\/index.php\/wp-json\/wp\/v2\/users\/1"}],"replies":[{"embeddable":true,"href":"http:\/\/www.affinite.fr\/index.php\/wp-json\/wp\/v2\/comments?post=7813"}],"version-history":[{"count":0,"href":"http:\/\/www.affinite.fr\/index.php\/wp-json\/wp\/v2\/posts\/7813\/revisions"}],"wp:featuredmedia":[{"embeddable":true,"href":"http:\/\/www.affinite.fr\/index.php\/wp-json\/wp\/v2\/media\/7814"}],"wp:attachment":[{"href":"http:\/\/www.affinite.fr\/index.php\/wp-json\/wp\/v2\/media?parent=7813"}],"wp:term":[{"taxonomy":"category","embeddable":true,"href":"http:\/\/www.affinite.fr\/index.php\/wp-json\/wp\/v2\/categories?post=7813"},{"taxonomy":"post_tag","embeddable":true,"href":"http:\/\/www.affinite.fr\/index.php\/wp-json\/wp\/v2\/tags?post=7813"}],"curies":[{"name":"wp","href":"https:\/\/api.w.org\/{rel}","templated":true}]}}