{"id":7786,"date":"2022-05-09T23:24:40","date_gmt":"2022-05-09T23:24:40","guid":{"rendered":"https:\/\/www.affinite.fr\/index.php\/2022\/05\/09\/daniele-evenou-enceinte-de-jacques-martin-et-traitee-de-sal-par-brel\/"},"modified":"2022-05-09T23:24:40","modified_gmt":"2022-05-09T23:24:40","slug":"daniele-evenou-enceinte-de-jacques-martin-et-traitee-de-sal-par-brel","status":"publish","type":"post","link":"http:\/\/www.affinite.fr\/index.php\/2022\/05\/09\/daniele-evenou-enceinte-de-jacques-martin-et-traitee-de-sal-par-brel\/","title":{"rendered":"Dani\u00e8le Evenou, enceinte de Jacques Martin et trait\u00e9e de \u00ab\u00a0sal***\u00a0\u00bb par Brel"},"content":{"rendered":"<p> [ad_1]<br \/>\n<br \/><img decoding=\"async\" src=\"https:\/\/img-3.journaldesfemmes.fr\/FbhzM0IeZlFECDFdUUM6Lw0ajaw=\/1280x\/smart\/0ea8456241e349a98b63315316dffd89\/ccmcms-jdf\/34273203.jpg\" \/><\/p>\n<p>\n                Dani\u00e8le Evenou, qui a eu deux enfants avec Jacques Martin, a r\u00e9v\u00e9l\u00e9 dans TPMP People pourquoi elle l&rsquo;avait quitt\u00e9 et \u00ab\u00a0ce qui avait tu\u00e9\u00a0\u00bb l&rsquo;animateur t\u00e9l\u00e9&#8230;            <\/p>\n<div>\n<p><strong>Dani\u00e8le Evenou<\/strong> a c\u00f4toy\u00e9 de pr\u00e8s <strong>Jacques Brel<\/strong>. L&rsquo;interpr\u00e8te de<em> Ne Me Quitte Pas<\/em> lui avait d&rsquo;ailleurs donn\u00e9 des r\u00f4les dans ses films <em>Franz<\/em>, en 1971 et<em> Le Far West<\/em>, en 1973. Mais pour le tournage du second long-m\u00e9trage, le chanteur se serait emport\u00e9 contre l&rsquo;actrice \u00e0 cause&#8230; de <strong>sa grossesse<\/strong>! Selon Olivier Todd, <a href=\"http:\/\/www.affinite.fr\/index.php\/2023\/08\/24\/lart-de-la-glace-transforme-en-business-la-vision-unique-de-fabien-gris\/\">auteur<\/a> de l&rsquo;ouvrage <em>Jacques Brel, une vie<\/em>, Dani\u00e8le Evenou devait porter une <strong>robe moulante dans le film<\/strong>. Or, elle aurait attendu le dernier moment pour annoncer \u00e0 Jacques Brel qu&rsquo;elle \u00e9tait enceinte&#8230; et qu&rsquo;elle ne pourrait donc pas porter cette tenue sans que le spectateur <strong>n&rsquo;aper\u00e7oive son ventre rebondi.\u00a0<\/strong><\/p>\n<p>Des aveux tardifs qui avaient mis Jacques Brel dans tous ses \u00e9tats. \u00ab\u00a0<em><strong>Cette salope!<\/strong> Vous vous rendez compte, elle arrive tard, me r\u00e9veille\u00a0: &lsquo;Jacques, je suis enceinte, mais pas de beaucoup, hein!<\/em>\u00ab\u00a0, aurait-il pest\u00e9 selon Olivier Todd.\u00a0<\/p>\n<h2>Jacques Martin \u00ab\u00a0tr\u00e8s grossier\u00a0\u00bb avec Dani\u00e8le Evenou<\/h2>\n<p>Mais Dani\u00e8le Evenou \u00e9tait manifestement habitu\u00e9e aux crises de nerfs de ces messieurs. Il faut dire que la com\u00e9dienne a v\u00e9cu avec <strong>l&rsquo;animateur Jacques Martin<\/strong>, de 1973 \u00e0 1980. L&rsquo;ancien pr\u00e9sentateur de <em>l&rsquo;Ecole des Fans<\/em>, \u00e9galement p\u00e8re de <strong>ses enfants Fr\u00e9d\u00e9ric, 49 ans, et Jean-Baptiste, 45 ans<\/strong>, n&rsquo;avait pas un temp\u00e9rament facile. C&rsquo;est d&rsquo;ailleurs pour cette raison que Dani\u00e8le Evenou l&rsquo;a quitt\u00e9 en 1980. \u00ab\u00a0<em>Il a \u00e9t\u00e9 vraiment <strong>tr\u00e8s grossier<\/strong><\/em>\u00ab\u00a0, a-t-elle confi\u00e9 sur le plateau de <em>TPMP People<\/em>, le 7 mai. Et d&rsquo;ajouter: \u00ab\u00a0<strong><em>J&rsquo;ai quitt\u00e9 un homme que j&rsquo;aimais<\/em><\/strong>\u00ab\u00a0.<\/p>\n<p>Si la com\u00e9dienne de 79 ans a<strong> refus\u00e9 d&rsquo;\u00e9pouser Jacques Martin<\/strong> (malgr\u00e9 les demandes r\u00e9p\u00e9t\u00e9es de celui-ci), elle ne le \u00ab\u00a0<em>regrette pas<\/em>\u00a0\u00bb aujourd&rsquo;hui, selon ses confidences dans l&rsquo;\u00e9mission anim\u00e9e par Matthieu Delormeau. \u00ab\u00a0<em>Et comme \u00e7a <strong>j&rsquo;ai h\u00e9rit\u00e9 de rien<\/strong>! Je n&rsquo;ai pas de soucis<\/em>\u00ab\u00a0, a-t-elle ajout\u00e9.<\/p>\n<h2>Jacques Martin, trahi par sa femme et son ami : ce qui \u00ab\u00a0l&rsquo;a tu\u00e9\u00a0\u00bb<\/h2>\n<p>Toutefois, apr\u00e8s leur s\u00e9paration, l&rsquo;actrice est rest\u00e9e <strong>proche du p\u00e8re de ses enfants<\/strong> et lui a tendu la main lorsque celui-ci a \u00e9t\u00e9<strong> trahi par C\u00e9cilia Ciganer, qu&rsquo;il avait \u00e9pous\u00e9e en 1984.<\/strong> Dix ans apr\u00e8s la c\u00e9r\u00e9monie, son \u00e9pouse l&rsquo;a tromp\u00e9 avec son ami, <a href=\"https:\/\/www.journaldesfemmes.fr\/people\/nicolas-sarkozy\/\" title=\"Nicolas Sarkozi\">Nicolas Sarkozy<\/a>. Au-del\u00e0 de l&rsquo;infid\u00e9lit\u00e9 de son \u00e9pouse, c&rsquo;est la trahison de\u00a0son ami, \u00e0 l&rsquo;\u00e9poque maire de Neuilly-sur-Seine, qui l&rsquo;a an\u00e9anti. D&rsquo;autant que celui-ci avait offici\u00e9 sa c\u00e9r\u00e9monie de mariage!<\/p>\n<p>Sur le plateau de <em>TPMP People<\/em>, Dani\u00e8le Evenou s&rsquo;est souvenue de la <strong>douleur qu&rsquo;avait \u00e9prouv\u00e9 Jacques Martin<\/strong> en apprenant l&rsquo;adult\u00e8re: \u00ab\u00a0<em>Il m&rsquo;a dit un jour &lsquo;tu vois Dani\u00e8le, il<strong> vaut mieux \u00eatre cocu en amour qu&rsquo;en amiti\u00e9<\/strong>&lsquo;. \u00c7a, \u00e7a l&rsquo;a tu\u00e9<\/em>\u00ab\u00a0. Nicolas Sarkozy et C\u00e9cilia Ciganer s&rsquo;\u00e9taient alors mari\u00e9s en 1996&#8230; avant de divorcer en 2008.<\/p>\n<\/p><\/div>\n<p>[ad_2]<br \/>\n<br \/><a href=\"https:\/\/www.journaldesfemmes.fr\/people\/actus\/2812937-daniele-evenou-jacques-brel-martin-mari-epoux-enfants-cecilia-sarkozy\/\">Source link <\/a><\/p>\n","protected":false},"excerpt":{"rendered":"<p>[ad_1] Dani\u00e8le Evenou, qui a eu deux enfants avec Jacques Martin, a r\u00e9v\u00e9l\u00e9 dans TPMP People pourquoi elle l&rsquo;avait quitt\u00e9 &hellip; <a href=\"http:\/\/www.affinite.fr\/index.php\/2022\/05\/09\/daniele-evenou-enceinte-de-jacques-martin-et-traitee-de-sal-par-brel\/\" class=\"more-link\">Plus <span class=\"screen-reader-text\">Dani\u00e8le Evenou, enceinte de Jacques Martin et trait\u00e9e de \u00ab\u00a0sal***\u00a0\u00bb par Brel<\/span> <span class=\"meta-nav\">&rarr;<\/span><\/a><\/p>\n","protected":false},"author":1,"featured_media":7787,"comment_status":"","ping_status":"open","sticky":false,"template":"","format":"standard","meta":{"_sitemap_exclude":false,"_sitemap_priority":"","_sitemap_frequency":"","footnotes":""},"categories":[1],"tags":[],"class_list":["post-7786","post","type-post","status-publish","format-standard","has-post-thumbnail","hentry","category-tous"],"_links":{"self":[{"href":"http:\/\/www.affinite.fr\/index.php\/wp-json\/wp\/v2\/posts\/7786"}],"collection":[{"href":"http:\/\/www.affinite.fr\/index.php\/wp-json\/wp\/v2\/posts"}],"about":[{"href":"http:\/\/www.affinite.fr\/index.php\/wp-json\/wp\/v2\/types\/post"}],"author":[{"embeddable":true,"href":"http:\/\/www.affinite.fr\/index.php\/wp-json\/wp\/v2\/users\/1"}],"replies":[{"embeddable":true,"href":"http:\/\/www.affinite.fr\/index.php\/wp-json\/wp\/v2\/comments?post=7786"}],"version-history":[{"count":0,"href":"http:\/\/www.affinite.fr\/index.php\/wp-json\/wp\/v2\/posts\/7786\/revisions"}],"wp:featuredmedia":[{"embeddable":true,"href":"http:\/\/www.affinite.fr\/index.php\/wp-json\/wp\/v2\/media\/7787"}],"wp:attachment":[{"href":"http:\/\/www.affinite.fr\/index.php\/wp-json\/wp\/v2\/media?parent=7786"}],"wp:term":[{"taxonomy":"category","embeddable":true,"href":"http:\/\/www.affinite.fr\/index.php\/wp-json\/wp\/v2\/categories?post=7786"},{"taxonomy":"post_tag","embeddable":true,"href":"http:\/\/www.affinite.fr\/index.php\/wp-json\/wp\/v2\/tags?post=7786"}],"curies":[{"name":"wp","href":"https:\/\/api.w.org\/{rel}","templated":true}]}}