{"id":777,"date":"2020-03-18T02:40:16","date_gmt":"2020-03-18T02:40:16","guid":{"rendered":"https:\/\/www.affinite.fr\/index.php\/2020\/03\/18\/nvidia-prefere-reporter-ses-annonces-majeures-a-une-date-ulterieure\/"},"modified":"2020-03-18T02:40:16","modified_gmt":"2020-03-18T02:40:16","slug":"nvidia-prefere-reporter-ses-annonces-majeures-a-une-date-ulterieure","status":"publish","type":"post","link":"http:\/\/www.affinite.fr\/index.php\/2020\/03\/18\/nvidia-prefere-reporter-ses-annonces-majeures-a-une-date-ulterieure\/","title":{"rendered":"Nvidia pr\u00e9f\u00e8re reporter ses annonces majeures \u00e0 une date ult\u00e9rieure"},"content":{"rendered":"<p> [ad_1]<br \/>\n<br \/><img decoding=\"async\" src=\"https:\/\/img.bfmtv.com\/i\/0\/0\/c6a\/d7559a2594be9deb3e5276d3b0218.jpg\" \/><\/p>\n<div itemprop=\"articleBody\">\n                <em>\u00ab Les nouveaut\u00e9s de la GTC peuvent attendre \u00a0<\/em>\u00bb, voici le titre que le CEO de Nvidia Jense Huang donne \u00e0 son dernier billet de blog. Quelques lignes suffisent \u00e0 comprendre qu&rsquo;il n&rsquo;y aura pas d&rsquo;annonces majeures \u00e0 pr\u00e9voir lors de la conf\u00e9rence t\u00e9l\u00e9phonique avec la presse et les investisseurs fin mars. Celle-ci doit remplacer la conf\u00e9rence d&rsquo;ouverture de la GPU Technology Conference et une nouvelle architecture graphique devait y \u00eatre d\u00e9voil\u00e9e faute de pouvoir maintenir l&rsquo;\u00e9v\u00e9nement annuel de San Jos\u00e9, en Californie.<\/p>\n<aside class=\"bg-color-0 padding-inside-all-s bloc border-s\">\n<h4 class=\"box-txt-normal\">\n<p><strong>\u00c0 d\u00e9couvrir aussi en vid\u00e9o :<\/strong><\/p>\n<\/h4>\n<\/aside>\n<h3 style=\"color:#333; font-family:arial,helvetica,sans-serif; font-size:23px; font-weight:700\">Nvidia s&rsquo;adapte et ne veut risquer la vie de personne<\/h3>\n<p>Devant l&rsquo;ampleur de la propagation du COVID-19 et les annulations de salons \u00e0 r\u00e9p\u00e9tition, Nvidia avait dans un premier temps maintenu l&rsquo;\u00e9v\u00e9nement en indiquant que des protections renforc\u00e9es seraient mises en place. Mais rapidement, les organisateurs se sont rendus \u00e0 l&rsquo;\u00e9vidence et ont annul\u00e9 la tenue de la GTC pour, d&rsquo;une part, la transformer en une keynote vid\u00e9o en direct et, d&rsquo;autre part, en <a href=\"https:\/\/www.01net.com\/actualites\/coronavirus-nvidia-maintient-sa-conference-gtc-mais-la-dematerialise-1868123.html\" target=\"_blank\" rel=\"noopener noreferrer\">des ateliers et des sessions de questions-r\u00e9ponses en live<\/a>. Le tout est mis\u00a0\u00e0 disposition des d\u00e9veloppeurs, en ligne, sur une plateforme sp\u00e9ciale du 23 au 26 mars.<\/p>\n<p><a href=\"https:\/\/www.01net.com\/actualites\/coronavirus-la-keynote-video-d-ouverture-de-la-gtc-de-nvidia-n-aura-pas-lieu-1873530.html\" target=\"_blank\" rel=\"noopener noreferrer\">La keynote vid\u00e9o a finalement \u00e9t\u00e9 annul\u00e9e<\/a> il y a quelques jours pour laisser sa place \u00e0 une conf\u00e9rence t\u00e9l\u00e9phonique. Elle pourra \u00eatre suivie par la presse et les d\u00e9veloppeurs et est maintenue mais ce qu&rsquo;on y d\u00e9couvrira ne sera pas aussi excitant que pr\u00e9vu. Les ateliers et les \u00e9changes avec les d\u00e9veloppeurs par visioconf\u00e9rence ou conf\u00e9rence t\u00e9l\u00e9phoniques semblent, eux, toujours d&rsquo;actualit\u00e9.<\/p>\n<p><strong>Source :<\/strong> <a href=\"https:\/\/blogs.nvidia.com\/blog\/2020\/03\/16\/gtc-update\/?fbclid=IwAR2C4bZO_Ncqhkg96o_Sl4fHzIgZihvPPsOIE9lyo6KTCbbFyirj0wHy5zM\" target=\"_blank\" rel=\"noopener noreferrer\">Nvidia<\/a><\/p>\n<\/p><\/div>\n<p><script>\n         !function(f,b,e,v,n,t,s){if(f.fbq)return;n=f.fbq=function()\n         {n.callMethod? n.callMethod.apply(n,arguments):n.queue.push(arguments)}\n         ;if(!f._fbq)f._fbq=n;\n             n.push=n;n.loaded=!0;n.version='2.0';n.queue=[];t=b.createElement(e);t.async=!0;\n             t.src=v;s=b.getElementsByTagName(e)[0];s.parentNode.insertBefore(t,s)}(window,\n                 document,'script','https:\/\/connect.facebook.net\/en_US\/fbevents.js');\n         fbq('init', '1065890633454496');\n         fbq('track', 'PageView');\n     <\/script><br \/>\n<br \/>[ad_2]<br \/>\n<br \/><a href=\"https:\/\/www.01net.com\/actualites\/nvidia-prefere-reporter-ses-annonces-majeures-de-la-gtc-a-une-date-ulterieure-1876287.html\">Source link <\/a><\/p>\n","protected":false},"excerpt":{"rendered":"<p>[ad_1] \u00ab Les nouveaut\u00e9s de la GTC peuvent attendre \u00a0\u00bb, voici le titre que le CEO de Nvidia Jense Huang &hellip; <a href=\"http:\/\/www.affinite.fr\/index.php\/2020\/03\/18\/nvidia-prefere-reporter-ses-annonces-majeures-a-une-date-ulterieure\/\" class=\"more-link\">Plus <span class=\"screen-reader-text\">Nvidia pr\u00e9f\u00e8re reporter ses annonces majeures \u00e0 une date ult\u00e9rieure<\/span> <span class=\"meta-nav\">&rarr;<\/span><\/a><\/p>\n","protected":false},"author":1,"featured_media":778,"comment_status":"open","ping_status":"open","sticky":false,"template":"","format":"standard","meta":{"_sitemap_exclude":false,"_sitemap_priority":"","_sitemap_frequency":"","footnotes":""},"categories":[1],"tags":[],"class_list":["post-777","post","type-post","status-publish","format-standard","has-post-thumbnail","hentry","category-tous"],"_links":{"self":[{"href":"http:\/\/www.affinite.fr\/index.php\/wp-json\/wp\/v2\/posts\/777"}],"collection":[{"href":"http:\/\/www.affinite.fr\/index.php\/wp-json\/wp\/v2\/posts"}],"about":[{"href":"http:\/\/www.affinite.fr\/index.php\/wp-json\/wp\/v2\/types\/post"}],"author":[{"embeddable":true,"href":"http:\/\/www.affinite.fr\/index.php\/wp-json\/wp\/v2\/users\/1"}],"replies":[{"embeddable":true,"href":"http:\/\/www.affinite.fr\/index.php\/wp-json\/wp\/v2\/comments?post=777"}],"version-history":[{"count":0,"href":"http:\/\/www.affinite.fr\/index.php\/wp-json\/wp\/v2\/posts\/777\/revisions"}],"wp:featuredmedia":[{"embeddable":true,"href":"http:\/\/www.affinite.fr\/index.php\/wp-json\/wp\/v2\/media\/778"}],"wp:attachment":[{"href":"http:\/\/www.affinite.fr\/index.php\/wp-json\/wp\/v2\/media?parent=777"}],"wp:term":[{"taxonomy":"category","embeddable":true,"href":"http:\/\/www.affinite.fr\/index.php\/wp-json\/wp\/v2\/categories?post=777"},{"taxonomy":"post_tag","embeddable":true,"href":"http:\/\/www.affinite.fr\/index.php\/wp-json\/wp\/v2\/tags?post=777"}],"curies":[{"name":"wp","href":"https:\/\/api.w.org\/{rel}","templated":true}]}}