{"id":7768,"date":"2022-05-03T23:16:24","date_gmt":"2022-05-03T23:16:24","guid":{"rendered":"https:\/\/www.affinite.fr\/index.php\/2022\/05\/03\/3-bebes-retrouves-dans-une-cave-en-banlieue-parisienne-92\/"},"modified":"2022-05-03T23:16:24","modified_gmt":"2022-05-03T23:16:24","slug":"3-bebes-retrouves-dans-une-cave-en-banlieue-parisienne-92","status":"publish","type":"post","link":"http:\/\/www.affinite.fr\/index.php\/2022\/05\/03\/3-bebes-retrouves-dans-une-cave-en-banlieue-parisienne-92\/","title":{"rendered":"3\u00a0b\u00e9b\u00e9s retrouv\u00e9s dans une cave, en banlieue parisienne (92)"},"content":{"rendered":"<p> [ad_1]<br \/>\n<br \/><img decoding=\"async\" src=\"https:\/\/img-3.journaldesfemmes.fr\/6lNz5FJfCg4NavqqPLt12o_y0iw=\/1280x\/smart\/268dcdb426f04589b1c7ae678f2bae45\/ccmcms-jdf\/34095544.jpg\" \/><\/p>\n<p>\n                Les corps de trois b\u00e9b\u00e9s ont \u00e9t\u00e9 retrouv\u00e9s dans une cave, conserv\u00e9s dans des bouteilles de formol, dans les Hauts-de-Seine. Qui a bien pu commettre une telle atrocit\u00e9\u00a0?            <\/p>\n<div>\n<p>Atrocit\u00e9 dans les <strong>Hauts-de-Seine<\/strong>.\u00a0Les <strong>cadavres de trois b\u00e9b\u00e9s ont \u00e9t\u00e9 d\u00e9couverts<\/strong> dans la une cave d&rsquo;une maison de Ville-d&rsquo;Avray, le 3 mai, selon le parquet de Nanterre. Les corps ont \u00e9t\u00e9 retrouv\u00e9s par l&rsquo;ouvrier d&rsquo;une entreprise qui faisait des travaux dans cette cave, dans des <strong>bouteilles de formol<\/strong>, une substance qui permet de conserver les tissus organiques. Deux des corps \u00ab\u00a0<em>\u00e9taient fossilis\u00e9s, le troisi\u00e8me en \u00e9tat de conservation<\/em>\u00ab\u00a0, a-t-on appris via <em><a href=\"https:\/\/www.tf1info.fr\/justice-faits-divers\/info-tf1-hauts-de-seine-trois-bebes-morts-decouverts-dans-une-cave-a-ville-d-avray-2218605.html\">TF1<\/a><\/em>.<\/p>\n<div class=\"ccminsert\">\n<blockquote class=\"twitter-tweet\">\n<p dir=\"ltr\" lang=\"fr\">INFO <a href=\"https:\/\/twitter.com\/TF1Info?ref_src=twsrc%5Etfw\">@TF1Info<\/a>&#8211;<a href=\"https:\/\/twitter.com\/LCI?ref_src=twsrc%5Etfw\">@LCI<\/a> : 3 b\u00e9b\u00e9s morts ont \u00e9t\u00e9 retrouv\u00e9s dans une cave de la commune de Ville-dAvray (92).<br \/>Le parquet de Nanterre a ouvert une enqu\u00eate pour recherche des causes de la mort.<\/p>\n<p>\u2014 Rapha\u00ebl MAILLOCHON (@Raph_journalist) <a href=\"https:\/\/twitter.com\/Raph_journalist\/status\/1521495948085678085?ref_src=twsrc%5Etfw\">May 3, 2022<\/a><\/p><\/blockquote>\n<\/div>\n<h2>Trois b\u00e9b\u00e9s morts retrouv\u00e9s dans une cave : le propri\u00e9taire \u00e9tait&#8230;<\/h2>\n<p>L&#8217;employ\u00e9 qui a fait l&rsquo;effroyable trouvaille \u00e9tait venu vider la maison inhabit\u00e9e, pour la gestion de la succession. Mais qui aurait pu commettre de telles horreurs?<\/p>\n<p><strong>L&rsquo;ancien propri\u00e9taire du pavillon est un gyn\u00e9cologue<\/strong>, d\u00e9c\u00e9d\u00e9 en 2015 \u00e0 74 ans. Une <strong>enqu\u00eate a \u00e9t\u00e9 ouverte\u00a0par la police judiciaire des Hauts-de-Seine<\/strong> pour d\u00e9terminer les causes de la mort des b\u00e9b\u00e9s. Un m\u00e9decin l\u00e9giste devra examiner les cadavres afin de savoir s&rsquo;il s&rsquo;agissait de f\u0153tus ou de b\u00e9b\u00e9s. Il tentera \u00e9galement de d\u00e9couvrir <strong>pendant combien de temps les corps sont rest\u00e9s dans cette cave<\/strong>.\u00a0<\/p>\n<\/p><\/div>\n<p><script async src=\"http:\/\/platform.twitter.com\/widgets.js\" charset=\"utf-8\"><\/script><br \/>\n<br \/>[ad_2]<br \/>\n<br \/><a href=\"https:\/\/www.journaldesfemmes.fr\/societe\/actu\/2810927-trois-bebes-morts-cadavres-corps-cave-maison-hauts-de-seine-ville-d-avray\/\">Source link <\/a><\/p>\n","protected":false},"excerpt":{"rendered":"<p>[ad_1] Les corps de trois b\u00e9b\u00e9s ont \u00e9t\u00e9 retrouv\u00e9s dans une cave, conserv\u00e9s dans des bouteilles de formol, dans les &hellip; <a href=\"http:\/\/www.affinite.fr\/index.php\/2022\/05\/03\/3-bebes-retrouves-dans-une-cave-en-banlieue-parisienne-92\/\" class=\"more-link\">Plus <span class=\"screen-reader-text\">3\u00a0b\u00e9b\u00e9s retrouv\u00e9s dans une cave, en banlieue parisienne (92)<\/span> <span class=\"meta-nav\">&rarr;<\/span><\/a><\/p>\n","protected":false},"author":1,"featured_media":7769,"comment_status":"","ping_status":"open","sticky":false,"template":"","format":"standard","meta":{"_sitemap_exclude":false,"_sitemap_priority":"","_sitemap_frequency":"","footnotes":""},"categories":[1],"tags":[],"class_list":["post-7768","post","type-post","status-publish","format-standard","has-post-thumbnail","hentry","category-tous"],"_links":{"self":[{"href":"http:\/\/www.affinite.fr\/index.php\/wp-json\/wp\/v2\/posts\/7768"}],"collection":[{"href":"http:\/\/www.affinite.fr\/index.php\/wp-json\/wp\/v2\/posts"}],"about":[{"href":"http:\/\/www.affinite.fr\/index.php\/wp-json\/wp\/v2\/types\/post"}],"author":[{"embeddable":true,"href":"http:\/\/www.affinite.fr\/index.php\/wp-json\/wp\/v2\/users\/1"}],"replies":[{"embeddable":true,"href":"http:\/\/www.affinite.fr\/index.php\/wp-json\/wp\/v2\/comments?post=7768"}],"version-history":[{"count":0,"href":"http:\/\/www.affinite.fr\/index.php\/wp-json\/wp\/v2\/posts\/7768\/revisions"}],"wp:featuredmedia":[{"embeddable":true,"href":"http:\/\/www.affinite.fr\/index.php\/wp-json\/wp\/v2\/media\/7769"}],"wp:attachment":[{"href":"http:\/\/www.affinite.fr\/index.php\/wp-json\/wp\/v2\/media?parent=7768"}],"wp:term":[{"taxonomy":"category","embeddable":true,"href":"http:\/\/www.affinite.fr\/index.php\/wp-json\/wp\/v2\/categories?post=7768"},{"taxonomy":"post_tag","embeddable":true,"href":"http:\/\/www.affinite.fr\/index.php\/wp-json\/wp\/v2\/tags?post=7768"}],"curies":[{"name":"wp","href":"https:\/\/api.w.org\/{rel}","templated":true}]}}