{"id":7750,"date":"2022-04-29T23:10:23","date_gmt":"2022-04-29T23:10:23","guid":{"rendered":"https:\/\/www.affinite.fr\/index.php\/2022\/04\/29\/risque-eleve-symptomes-que-faire\/"},"modified":"2022-04-29T23:10:23","modified_gmt":"2022-04-29T23:10:23","slug":"risque-eleve-symptomes-que-faire","status":"publish","type":"post","link":"http:\/\/www.affinite.fr\/index.php\/2022\/04\/29\/risque-eleve-symptomes-que-faire\/","title":{"rendered":"risque \u00e9lev\u00e9, sympt\u00f4mes, que faire\u00a0?"},"content":{"rendered":"<p> [ad_1]<br \/>\n<\/p>\n<p>\n                Le <a href=\"http:\/\/www.affinite.fr\/index.php\/2024\/08\/08\/repas-dentreprise-3-raisons-de-solliciter-un-traiteur-a-montpellier\/\">cocktail<\/a> des pollens de bouleau, ch\u00eane et gramin\u00e9es donnera un risque d&rsquo;allergie global \u00e9lev\u00e9 sur la France en ce d\u00e9but mai\u00a0! Carte de France, liste des sympt\u00f4mes et solutions anti allergie.            <\/p>\n<div>\n<aside class=\"ccmsummary marqueur_module ccmcss_cms_summary ccmcss_cms_summary--right\">\n<p>Sommaire<\/p>\n<\/aside>\n<p><strong>[Mise \u00e0 jour le 29 avril 2022 \u00e0 18h00]<\/strong>\u00a0Les<strong> concentrations de gramin\u00e9es<\/strong> augmentent sur tout le territoire et seront<strong> de plus en plus fortes <\/strong>en ce d\u00e9but de mois de mai,\u00a0selon le\u00a0R\u00e9seau National de Surveillance A\u00e9robiologique (<a href=\"https:\/\/www.pollens.fr\/\" target=\"_blank\" rel=\"noopener\">RNSA<\/a>). <em>\u00ab\u00a0Dans de nombreux d\u00e9partements de France, c&rsquo;est le <strong>cocktail des pollens allergisants <\/strong>de bouleau, ch\u00eane et gramin\u00e9es qui donnera un<strong> risque d&rsquo;allergie global \u00e9lev\u00e9.<\/strong> Sur nos capteurs de pollens, on remarque que les <strong>bouleaux passent le relai aux pollens de ch\u00eane <\/strong>et de gramin\u00e9es\u00a0!\u00a0\u00bb<\/em> Les bouleaux arrivent en fin de floraison.\u00a0Les<strong> pollens de ch\u00eane sont tr\u00e8s nombreux\u00a0<\/strong>dans l&rsquo;air mais n&rsquo;occasionnent pour l&rsquo;instant qu&rsquo;un risque d&rsquo;allergie moyen. La circulation des pollens de<strong>\u00a0fr\u00eanes, peupliers, saules et Cupressac\u00e9es<\/strong> diminue avec un risque d&rsquo;allergie nul \u00e0 faible et sont remplac\u00e9s par l&rsquo;arriv\u00e9e de ceux<strong>\u00a0d&rsquo;oseille et de plantain<\/strong> avec un risque d&rsquo;allergie qui ne d\u00e9passera toutefois pas le niveau faible. Quels sont les <strong>sympt\u00f4mes d&rsquo;une allergie ? <\/strong>Comment la <strong>soigner <\/strong>? Quand prendre des <strong>m\u00e9dicaments <\/strong>?\u00a0Se faire <strong>d\u00e9sensibiliser <\/strong>? Notre guide pratique.\u00a0<\/p>\n<h2 id=\"carte--dans-quelles-regions-les-pollens-sont-ils-presents-\">Carte : o\u00f9 sont pr\u00e9sents les pollens en ce moment ?<\/h2>\n<div style=\"text-align:center\">\n<figure class=\"image\" style=\"display:inline-block\"><a class=\"fancy\" href=\"https:\/\/img-3.journaldesfemmes.fr\/8xz1g_L0cB3GPXrA9gVtz9T50tE=\/1080x\/smart\/f3c14551cbc54aebbdc4f869f58f5c94\/ccmcms-jdf\/33962327.png\"><img decoding=\"async\" alt=\"Carte des pollens en France par d\u00e9partement au 29 avril 2022\" src=\"https:\/\/img-3.journaldesfemmes.fr\/U3X7dV8wKWr4o_Eewucjgj1oX4s=\/600x\/smart\/f3c14551cbc54aebbdc4f869f58f5c94\/ccmcms-jdf\/33962327.png\"\/><\/a><figcaption data-credit=\"RNSA\" data-legend=\"Carte des pollens en France par d\u00e9partement au 29 avril 2022\">Carte des pollens en France par d\u00e9partement au 29 avril 2022 <small>\u00a9\u00a0RNSA<\/small><\/figcaption><\/figure>\n<\/div>\n<p><strong>Liste des d\u00e9partements o\u00f9 le risque d&rsquo;allergie est \u00e9lev\u00e9 selon<\/strong>\u00a0<strong>le RNSA\u00a0<\/strong>: Pas-de-Calais (62), Nord (59), Somme (80), Aisne (02), Ardennes (08), Marne (51), Aube (10), Meuse (55), Morbihan (56), Haute-Marne (52),\u00a0Moselle (57), Seine-Maritime (76), Oise (60), Manche (50), Calvados (14), Eure (27), Val-d&rsquo;Oise (95), Vienne (86), Seine-et-Marne (77), Yvelines (78), Orne (61), Mayenne (53), Sarthe (72), Eure-et-Loire (28),\u00a0Essonne (91),<strong> <\/strong>Seine-et-Marne (77), Haute-Loire (43), Loz\u00e8re (48), Sarthe (72), Loire (42), Yonne (89), C\u00f4te-d&rsquo;Or (21), Haute-Sa\u00f4ne (70), Territoire de Belfort (90), Haut-Rhin (68), Vosges (88), Bas-Rhin (67), Puy-de-D\u00f4me (63), Meurthe-et-Moselle (54),\u00a0Rh\u00f4ne (69), Allier (03), Creuse (23), Ni\u00e8vre (58), Mayenne (53),\u00a0Seine-Saint-Denis (93), Hauts-de-Seine (92), Is\u00e8re (38), Ain (01)\u00a0Val-de-Marne (94), Savoie (73), Ille-et-Vilaine (35), Dordogne (24), Loire-Atlantique (44), C\u00f4tes-d&rsquo;Armor (22), Deux-S\u00e8vres (79), Charente-Maritime (17), Charente (26), Indre-et-Loire (37), Loir-et-Cher (41), Cantal (15), Aveyron (12), Tarn (81), Ard\u00e8che (07), Dr\u00f4me (26), Var (83), Bouches-du-Rh\u00f4ne (13), (<strong>Paris (75).<\/strong><\/p>\n<h2 id=\"definition--cest-quoi-le-pollen-\">D\u00e9finition : c&rsquo;est quoi le pollen ?<\/h2>\n<p>\u00ab\u00a0<em>Les pollens sont les<strong> \u00e9l\u00e9ments reproducteurs m\u00e2les des plantes.<\/strong> Ils sont lib\u00e9r\u00e9s pour permettre la f\u00e9condation. La pollinisation correspond quant \u00e0 elle au transport du grain de pollen vers le stigmate de fleur femelle<\/em>\u00ab\u00a0, explique le Dr Delphine Prince. On distingue deux grands types de pollens\u00a0:<\/p>\n<p><strong>\u25ba Pollens an\u00e9mophiles<\/strong> (anemos, vent). Ils ont un fort pouvoir allergisant. Ils sont \u00e9mis en grande quantit\u00e9s par la v\u00e9g\u00e9tation et dispers\u00e9s par le vent sur des dizaines voire des centaines de kilom\u00e8tres. Leur petite taille leur permet de p\u00e9n\u00e9trer facilement les voies a\u00e9riennes. Ce sont les <strong>principaux responsables des r\u00e9actions allergiques.<\/strong><\/p>\n<p><strong>\u25ba Pollens entomophiles <\/strong>(entomos, insectes). Ils sont transport\u00e9s de fleur en fleur par les insectes. Ils jouent un r\u00f4le secondaire dans le d\u00e9clenchement des allergies, responsables surtout d&rsquo;allergies de proximit\u00e9, par exemple d&rsquo;allergies aux fleurs coup\u00e9es ou d&rsquo;allergies professionnelles.<\/p>\n<h2 id=\"quels-sont-les-symptomes-dune-allergie-aux-pollens-\">Quels sont les sympt\u00f4mes d&rsquo;une allergie aux pollens\u00a0?<\/h2>\n<p>Les patients atteints de <a href=\"https:\/\/sante.journaldesfemmes.fr\/fiches-maladies\/2511899-rhinite-definition-symptome-traitement-soigner\/\" title=\"Rhinite\">rhinite<\/a> pollinique souffrent tous les ans, \u00e0 la m\u00eame p\u00e9riode, des m\u00eames manifestations\u00a0dont la dur\u00e9e et l&rsquo;intensit\u00e9 peuvent augmenter avec le temps\u00a0:<\/p>\n<ul>\n<li><strong>La <a href=\"https:\/\/sante.journaldesfemmes.fr\/fiches-maladies\/2782015-rhinite-allergique-definition-symptomes-traitement-cause-asthme-enceinte\/\" title=\"Rhinites allergiques\">rhinite allergique<\/a>\u00a0: l<\/strong>es manifestations<strong> touchent le nez, la gorge, les oreilles<\/strong>. On observe des d\u00e9mangeaisons\u00a0(du nez, de la gorge,\u00a0du palais, des oreilles), \u00e9ternuements, nez qui coule, nez bouch\u00e9 avec \u00e0 l&rsquo;extr\u00eame une perte de l&rsquo;odorat. <em>\u00ab\u00a0Lorsqu&rsquo;ils sont intenses, les signes de la rhinite allergique peuvent g\u00eaner le sommeil, les activit\u00e9s quotidiennes et \u00eatre responsables d&rsquo;une fatigue et de troubles de la concentration\u00a0\u00bb<\/em>, pr\u00e9cise l&rsquo;allergologue.<\/li>\n<li><strong>La <a href=\"https:\/\/sante.journaldesfemmes.fr\/fiches-maladies\/2486078-conjonctivite-virale-bacterienne-definition-symptome-traitement-duree-contagieux\/\" title=\"Conjonctivites\">conjonctivite<\/a> allergique\u00a0: <\/strong>Les manifestations touchent les yeux.<\/li>\n<li><strong>Larmoiements, yeux rouges\u00a0et d\u00e9mangeaisons<\/strong>, accompagnent tr\u00e8s fr\u00e9quemment la rhinite allergique.<\/li>\n<li><strong>Asthme<\/strong> : une rhinite allergique pollinique peut s&rsquo;accompagner d&rsquo;un\u00a0asthme. Pr\u00e8s d&rsquo;un allergique aux pollens sur deux pr\u00e9sente des \u00e9pisodes de\u00a0toux, d&rsquo;essoufflement, de sifflements, caract\u00e9ristiques de la maladie asthmatique. Les patients ne r\u00e9alisent pas toujours que ces sympt\u00f4mes sont des signes d&rsquo;asthme et ne prennent pas de traitement adapt\u00e9.<\/li>\n<\/ul>\n<p><em>\u00ab\u00a0N&rsquo;attendez pas pour consulter\u00a0: <strong>l&rsquo;allergie aux pollens n\u00e9cessite un diagnostic rapide<\/strong>. Les traitements propos\u00e9s permettent de <strong>soulager rapidement les allergiques et d&rsquo;\u00e9viter l&rsquo;aggravation des manifestations<\/strong><\/em>\u00ab\u00a0, remarque le Dr Prince.<\/p>\n<h2 id=\"quels-medicaments-pour-soigner-une-allergie-aux-pollens\">Quels m\u00e9dicaments pour soigner une allergie aux pollens\u00a0?<\/h2>\n<p>\u00ab\u00a0<em>Le traitement de l&rsquo;allergie comprend 3\u00a0faisceaux\u00a0\u00bb<\/em>, explique le Dr Prince\u00a0:<\/p>\n<ul>\n<li>Les mesures d&rsquo;\u00e9viction consistent \u00e0 \u00e9viter le contact avec son allerg\u00e8ne. Il est difficile ici d&#8217;emp\u00eacher la v\u00e9g\u00e9tation de polliniser.<\/li>\n<li>Les traitements symptomatiques\u00a0qui consistent \u00e0 prendre des m\u00e9dicaments peuvent soulager vos sympt\u00f4mes. Selon les personnes, les signes peuvent \u00eatre pr\u00e9sents pendant quelques jours, voire pendant plusieurs semaines ou plusieurs mois d&rsquo;affil\u00e9e. En fonction de cela ces traitements devront \u00eatre pris soit ponctuellement soit quotidiennement, parfois m\u00eame d\u00e9but\u00e9s avant le d\u00e9but de la saison pollinique. \u00ab\u00a0<em>N&rsquo;h\u00e9sitez pas \u00e0 consulter votre m\u00e9decin qui pourra choisir le traitement en fonction de vos besoins<\/em>\u00ab\u00a0, conseille l&rsquo;allergologue.<\/li>\n<\/ul>\n<p><strong>Les familles de m\u00e9dicaments utilis\u00e9es sont\u00a0:<\/strong><\/p>\n<p>Des traitements locaux\u00a0:<\/p>\n<ul>\n<li><strong>Collyres<\/strong>\u00a0: gouttes dans les yeux<\/li>\n<li><strong>Gouttes nasales\u00a0: <\/strong>Des lavages de nez au s\u00e9rum physiologique sont souvent utiles. Les <a href=\"https:\/\/sante.journaldesfemmes.fr\/fiches-medicaments\/2500168-cortisone-corticoide-definition-effets-infiltration-creme-definition-liste-medicament-indication-ordonnance\/\" title=\"Cortisone\">cortico\u00efdes<\/a> locaux (m\u00e9dicaments \u00e0 base de cortisone) seront utiles pour venir \u00e0 bout de l&rsquo;inflammation nasale.<\/li>\n<li>Les<strong> d\u00e9congestionnants nasaux<\/strong> responsables d&rsquo;une accoutumance et d&rsquo;un effet rebond, voire d&rsquo;effets cardiovasculaires sont \u00e0 \u00e9viter. A l&rsquo;extr\u00eame, ils ne peuvent \u00eatre pris que sur de courtes p\u00e9riodes et apr\u00e8s avis m\u00e9dical uniquement.<\/li>\n<\/ul>\n<p><strong>Traitements inhal\u00e9s de l&rsquo;asthme\u00a0: ils sont de 2\u00a0types\u00a0:<\/strong><\/p>\n<ul>\n<li>Les traitements de la crise type <a href=\"https:\/\/sante.journaldesfemmes.fr\/fiches-medicaments\/2703705-ventoline-utilisation-danger-surdosage-prix-perimee-effet-secondaire\/\" title=\"Ventoline\">ventoline<\/a>, \u00e0 prendre au coup par coup quand vos sympt\u00f4mes apparaissent.<\/li>\n<li>Les traitements de fond, \u00e0 base de cortico\u00efdes souvent prescrits matin et soir, lorsque les signes d&rsquo;asthme deviennent plus fr\u00e9quents.<\/li>\n<\/ul>\n<p><em>\u00ab\u00a0<strong>Si vous \u00eates asthmatique, il est important de prendre ou de reprendre (si vous n&rsquo;en avez besoin qu&rsquo;en saison pollinique) votre traitement de fond <\/strong>tel qu&rsquo;il vous a \u00e9t\u00e9 prescrit. Si les crises persistent malgr\u00e9 le traitement ou si vous pr\u00e9sentez un asthme pour la premi\u00e8re fois, consultez rapidement votre m\u00e9decin afin de mettre en place ou d&rsquo;adapter le traitement inhal\u00e9\u00a0\u00bb<\/em>, avertit la sp\u00e9cialiste.<\/p>\n<p><strong>Des traitements par voir orale\u00a0:<\/strong><\/p>\n<ul>\n<li>Les <strong><a href=\"https:\/\/sante.journaldesfemmes.fr\/fiches-medicaments\/2516641-anthistaminiques-h1-h2-indications-effets-secondaires\/\" title=\"Antihistaminique\">antihistaminiques<\/a>\u00a0<\/strong>: Utilis\u00e9s par voies orale, ils <strong>bloquent l&rsquo;activit\u00e9 de l&rsquo;histamine<\/strong>, une substance chimique lib\u00e9r\u00e9e par nos cellules lors la r\u00e9action allergique qui d\u00e9clenche la r\u00e9action inflammatoire responsable des sympt\u00f4mes.<\/li>\n<li>Les cortico\u00efdes par voie orale\u00a0: Votre m\u00e9decin vous les prescrira \u00e9ventuellement, pour une courte dur\u00e9e, <strong>si les traitements pr\u00e9c\u00e9dents ne viennent pas \u00e0 bout de vos sympt\u00f4mes.<\/strong><\/li>\n<\/ul>\n<p><strong>Les traitements d\u00e9conseill\u00e9s\u00a0:<\/strong> les <a href=\"https:\/\/sante.journaldesfemmes.fr\/fiches-medicaments\/2598440-medicaments-rhume-vasoconstricteur-decongestionnant-liste-effets-secondaires\/\" title=\"M\u00e9dicaments pour le rhume\">d\u00e9congestionnants nasaux<\/a> en comprim\u00e9s<\/p>\n<h2 id=\"quelle-est-la-periode-des-allergies-aux-pollens\">Quelle est la p\u00e9riode d&rsquo;allergie\u00a0aux pollens\u00a0?<\/h2>\n<p><em>\u00ab\u00a0Tous les pollens ne sont pas allergisants. Les diff\u00e9rents pollens allergisants sont<strong> \u00e9mis successivement dans l&rsquo;air<\/strong> ext\u00e9rieur <strong>de janvier \u00e0 octobre<\/strong><\/em>\u00ab\u00a0, indique l&rsquo;allergologue. Les\u00a0<strong>premi\u00e8res allergies commencent en f\u00e9vrier <\/strong>avec les <strong>pollens de cypr\u00e8s,<\/strong> puis arrivent en <strong>avril <\/strong>ceux des <strong>gramin\u00e9es<\/strong>, du <strong>bouleau<\/strong> (surtout au nord de la France) et se poursuivent l&rsquo;<strong>\u00e9t\u00e9 <\/strong>avec ceux de <strong>l&rsquo;ambroisie<\/strong>.\u00a0<\/p>\n<p><strong>Les principales esp\u00e8ces v\u00e9g\u00e9tales responsables des allergies sont\u00a0:<\/strong><\/p>\n<ul>\n<li>les gramin\u00e9es (avril \u00e0 juillet)<\/li>\n<li>le bouleau (avril, surtout au nord de la France)<\/li>\n<li>le cypr\u00e8s (f\u00e9vrier \u00e0 avril)<\/li>\n<li>l&rsquo;ambroisie \u00e0 feuilles d&rsquo;armoise (ao\u00fbt, septembre)\u00a0<\/li>\n<\/ul>\n<p><strong>On distingue<\/strong> <strong>6\u00a0grandes familles\u00a0de pollens allergisants\u00a0<\/strong>:<\/p>\n<ul>\n<li>Les b\u00e9tulac\u00e9es\u00a0: <strong>bouleau<\/strong>, charme, aulne, noisetier\u00a0<\/li>\n<li>Les platanac\u00e9es\u00a0: platane\u00a0<\/li>\n<li>Les fagac\u00e9es\u00a0: ch\u00eane, h\u00eatre, ch\u00e2taigner\u00a0<\/li>\n<li>Les salicac\u00e9es\u00a0: peuplier, saule\u00a0<\/li>\n<li>Les cupressac\u00e9es\u00a0: cypr\u00e8s, thuya, gen\u00e9vrier<\/li>\n<li>Les ol\u00e9ac\u00e9es\u00a0: fr\u00eane, olivier, tro\u00e8ne<\/li>\n<\/ul>\n<p>\u00ab\u00a0<em>La plupart des esp\u00e8ces d&rsquo;arbres sont pr\u00e9sentes en quantit\u00e9s plus ou moins importantes dans toute la France. Certaines sont plus sp\u00e9cifiques du Sud de la France et du pourtour M\u00e9diterran\u00e9en\u00a0: le cypr\u00e8s, le platane et l&rsquo;olivier<\/em>\u00ab\u00a0, commente le Dr Prince. Le<strong>\u00a0pollen de cypr\u00e8s\u00a0<\/strong>\u00ab\u00a0<em>peut \u00eatre pr\u00e9sent d\u00e8s d\u00e9cembre dans le Sud de la France o\u00f9 il repr\u00e9sente la premi\u00e8re cause d&rsquo;<a href=\"https:\/\/sante.journaldesfemmes.fr\/maladies\/allergie-respiratoire\/\" title=\"Allergie respiratoire\">allergies respiratoires<\/a>. Classiquement, il est pr\u00e9sent jusque fin juin. En raison de la <strong>pollinisation successive des diff\u00e9rentes esp\u00e8ces de cypr\u00e8s, les sympt\u00f4mes peuvent \u00eatre pr\u00e9sents toute l&rsquo;ann\u00e9e<\/strong>. Au niveau des comptes polliniques, on a pu relever jusqu&rsquo;\u00e0 6000\u00a0grains de pollens de cypr\u00e8s\/m3. Lors de ces pics intenses, une poussi\u00e8re jaune se d\u00e9pose sur les surfaces. On parle alors de \u00a0\u00bb\u00a0pluie de soufre\u00a0<\/em>\u00ab\u00a0, remarque la sp\u00e9cialiste.<\/p>\n<h2 id=\"quelle-est-la-saison-desgraminees-\">Quelle est la saison des\u00a0gramin\u00e9es ?<\/h2>\n<p>Responsables du classique \u00ab\u00a0rhume des foins\u00a0\u00bb, les gramin\u00e9es sont une grande famille qui comprend<strong> plus de 10000\u00a0esp\u00e8ces<\/strong>. Elles sont pr\u00e9sentes dans toute la France. Elles poussent un peu partout, dans les prairies, en for\u00eat, sur les bords des routes, dans les gazons, dans les champs mais aussi dans les villes.\u00a0Les <strong>principaux pollens de gramin\u00e9es allergisants<\/strong> sont\u00a0:<\/p>\n<ul>\n<li>Gramin\u00e9es fourrag\u00e8res\u00a0: dactyle, phl\u00e9ole, ivraie, p\u00e2turin, f\u00e9tuque, chiendent.\u00a0<\/li>\n<li>Gramin\u00e9es c\u00e9r\u00e9ali\u00e8res\u00a0: bl\u00e9, orge, mais, avoine, seigle.<\/li>\n<li>Gramin\u00e9es ornementales, plant\u00e9es pour leur caract\u00e8re d\u00e9coratif\u00a0: herbe de la pampa, f\u00e9tuque, balding\u00e8re, fromental<\/li>\n<\/ul>\n<p><em>\u00ab\u00a0Les pollens de <strong>gramin\u00e9es sont responsables de plus de 50% des allergies<\/strong> polliniques et on observe la <strong>pollinisation successive des diff\u00e9rentes esp\u00e8ces<\/strong>. Cette pollinisation survient d\u00e8s mi-avril, y compris dans le nord de la France. On observe ensuite un pic de pollinisation de la mi-mai \u00e0 la fin juillet, d\u00e9cal\u00e9 jusqu&rsquo;\u00e0 la fin ao\u00fbt \u00e0 la montagne. De plus en plus, en raison des temp\u00e9ratures automnales plus douces, elle se prolonge jusqu&rsquo;\u00e0 la fin septembre voire jusqu&rsquo;en octobre\u00a0\u00bb<\/em>, pr\u00e9cise le Dr Prince.<\/p>\n<h2 id=\"quelle-est-la-saison-de-lambroisie-\">Quelle est la saison de l&rsquo;ambroisie ?<\/h2>\n<p>Ce sont des plantes vivaces compos\u00e9es d&rsquo;environ 50000\u00a0esp\u00e8ces qui se retrouvent en ville, en bordure des routes ou des chemins.<br \/>Citons la plus connue\u00a0: <strong>l&rsquo;ambroisie<\/strong>. Cette plante import\u00e9e d&rsquo;Am\u00e9rique du Nord a d&rsquo;abord prolif\u00e9r\u00e9 dans la r\u00e9gion Rh\u00f4ne-Alpes mais elle a maintenant tendance \u00e0 se diss\u00e9miner dans toute la France en se propageant le long des autoroutes et sur les terrains non entretenus.\u00a0<em>\u00ab\u00a0Sa pollinisation d\u00e9bute vers la mi-aout avec des pics en septembre et elle dure jusqu&rsquo;en octobre. Elle provoque des \u00e9pisodes de rhinite et d&rsquo;asthme tr\u00e8s invalidants<\/em>\u00ab\u00a0, constate la sp\u00e9cialiste.\u00a0<\/p>\n<h2 id=\"quels-sont-les-symptomes-dune-allergie-aux-pollens-\">\u00a0<\/h2>\n<h2 id=\"quelles-huiles-essentielles-en-cas-dallergie-au-pollen\">Quelles huiles essentielles en cas d&rsquo;allergie au pollen\u00a0?<\/h2>\n<p><em>\u00ab\u00a0En raison de leur fort pouvoir allergisant, les huiles essentielles peuvent aggraver les signes d&rsquo;allergie, en particulier l&rsquo;asthme<\/em>\u00ab\u00a0, pr\u00e9vient la sp\u00e9cialiste.<\/p>\n<h2 id=\"quelle-desensibilisation-en-cas-dallergie-aux-pollens-\">Quand se faire d\u00e9sensibiliser\u00a0?<\/h2>\n<p><em>\u00ab\u00a0Appel\u00e9 aussi<strong> immunoth\u00e9rapie allerg\u00e9nique (ITA)<\/strong>, ce <strong>traitement personnalis\u00e9<\/strong> prescrit par les allergologues consiste \u00e0 prendre chaque jour, sous forme de m\u00e9dicament une faible dose du ou des pollen(s) auquel(s) vous r\u00e9agissez. Cela permet de r\u00e9tablir durablement une r\u00e9action normale de l&rsquo;organisme lorsqu&rsquo;il au contact du pollen allergisant et donc l&rsquo;absence de sympt\u00f4mes\u00a0\u00bb<\/em>, explique le m\u00e9decin allergologue. Possible chez l&rsquo;adulte et chez l&rsquo;enfant \u00e0 partir de 5\u00a0ans, ce traitement peut \u00eatre propos\u00e9 aux patients\u00a0:<\/p>\n<ul>\n<li>Si on a identifi\u00e9 (avec des tests cutan\u00e9s et un bilan sanguin) le ou les pollens en cause.<\/li>\n<li>Si les sympt\u00f4mes restent g\u00eanants malgr\u00e9 la prise des traitements symptomatiques.<\/li>\n<li>Si vous \u00eates dans cette situation, vous pouvez prendre rendez-vous chez l&rsquo;allergologue pour d\u00e9terminer l&rsquo;utilit\u00e9 de ce type de traitement pour vous ou pour votre enfant.<\/li>\n<\/ul>\n<h2 id=\"allergie-au-pollen-et-pollution--que-faire-\">Quels sont les effets de la pollution sur l&rsquo;allergie au pollen\u00a0?<\/h2>\n<p>Le <strong>d\u00e9veloppement des rhinites polliniques constat\u00e9es au cours de ces trente derni\u00e8res ann\u00e9es est concomitant \u00e0 la progression constante de la pollution chimique<\/strong>.\u00a0La pollution urbaine, en particulier l&rsquo;exposition aux particules diesel, aggrave la toxicit\u00e9 des pollens en fragilisant la surface des grains et en permettant la sortie des prot\u00e9ines allergisantes.\u00a0Les polluants sont \u00e9galement des facteurs irritants qui provoquent une augmentation de l&rsquo;hyper-r\u00e9activit\u00e9 bronchique, nasale ou\u00a0oculaire.\u00a0<\/p>\n<p><strong>\u25ba M\u00e9t\u00e9orologie :\u00a0<\/strong>L&rsquo;intensit\u00e9 de la pollinisation varie d&rsquo;une ann\u00e9e \u00e0 l&rsquo;autre en fonction de la m\u00e9t\u00e9orologie et de la r\u00e9gion. Les conditions climatiques sont d\u00e9terminantes\u00a0:\u00a0<\/p>\n<ul>\n<li>La chaleur et l&rsquo;humidit\u00e9 augmentent les concentrations de pollens.\u00a0<\/li>\n<li>Le froid, la s\u00e9cheresse, ou des pluies importantes les diminuent.\u00a0<\/li>\n<li>L&rsquo;ensoleillement et le vent permettent la diss\u00e9mination de ces grains de pollens.<\/li>\n<li><em>\u00ab\u00a0Les orages\u00a0: on a constat\u00e9 depuis longtemps une augmentation du nombre de personnes qui pr\u00e9sentent des crises d&rsquo;asthme juste apr\u00e8s les orages, y compris ceux qui n&rsquo;ont jamais pr\u00e9sent\u00e9 d&rsquo;asthme. <strong>Les charges \u00e9lectriques font \u00e9clater les grains de pollens et favorisent la sortie des prot\u00e9ines allergisantes<\/strong>\u00ab\u00a0<\/em>, ajoute le Dr Delphine Prince.<\/li>\n<\/ul>\n<p><strong>\u25ba R\u00e9chauffement climatique :\u00a0<\/strong><em>\u00ab\u00a0Les hivers de plus en plus doux et les \u00e9t\u00e9s plus chauds favorisent des saisons polliniques plus pr\u00e9coces, plus intenses et plus longues&#8230;\u00a0En montagne, la floraison progresse vers les sommets.\u00a0On retrouve d\u00e9sormais des pollens du sud de la France\u00a0dans le nord du pays\u00a0\u00bb<\/em>, indique l&rsquo;allergologue.<\/p>\n<p><strong>\u25ba Modifications du paysage :\u00a0<\/strong>On explique aussi l&rsquo;augmentation des allergies aux pollens par l&rsquo;<strong>apparition massive d&rsquo;esp\u00e8ces allergisantes<\/strong> dans le paysage, en particulier urbain. La concentration en pollens dans l&rsquo;atmosph\u00e8re peut \u00eatre telle que les allergies n&rsquo;affectent plus uniquement les personnes atopiques (les personnes pr\u00e9dispos\u00e9es g\u00e9n\u00e9tiquement \u00e0 l&rsquo;allergie) mais plus largement la population g\u00e9n\u00e9rale. Ces esp\u00e8ces peuvent \u00eatre choisies pour des raisons paysag\u00e8res. On peut citer\u00a0:<\/p>\n<ul>\n<li>Le d\u00e9veloppement de l&rsquo;utilisation des gramin\u00e9es \u00e0 but ornemental.<\/li>\n<li>La plantation de haies de cypr\u00e8s et de thuyas, arbre peu on\u00e9reux et \u00e0 croissance rapide, dans le sud.<\/li>\n<li>La plantation massive de bouleaux, arbres au tronc blanc d\u00e9coratif, dans les parcs urbains du nord.<\/li>\n<\/ul>\n<p>Il est conseill\u00e9 aux particuliers comme aux communes de diversifier les plantations et de limiter celle des esp\u00e8ces les plus allergisantes. \u00ab\u00a0<em>Pour en savoir plus, vous pouvez consulter le <a href=\"https:\/\/www.vegetation-en-ville.org\/que-faire\/comment-agir\/\" target=\"_blank\" rel=\"noopener\">R\u00e9seau National de Surveillance Aerobiologique<\/a> (RNSA) qui vous donne des conseils de plantation\u00a0<\/em>\u00ab\u00a0, indique l&rsquo;allergologue. Ou voir, tout comme l&rsquo;ambroisie leur p\u00e9rim\u00e8tre s&rsquo;\u00e9tendre malgr\u00e9 la volont\u00e9 de limiter<br \/>leur prolif\u00e9ration.<\/p>\n<p><strong>Comment \u00e9viter la prolif\u00e9ration de l&rsquo;ambroisie\u00a0?\u00a0<\/strong><\/p>\n<ul>\n<li>L&rsquo;arrachage et la tonte doivent se pratiquer avant la date de floraison, courant juillet en g\u00e9n\u00e9ral.\u00a0<\/li>\n<li>L&rsquo;am\u00e9nagement des terrains en friche pourrait \u00e9viter \u00e0 l&rsquo;herbe de prolif\u00e9rer.<\/li>\n<\/ul>\n<h2 id=\"allergies-croisees-pollen-et-aliments\">Quelles sont les allergies crois\u00e9es avec le pollen ?<\/h2>\n<p>\u00ab\u00a0<em>L&rsquo;allergie crois\u00e9e est une r\u00e9action \u00e0 une substance donn\u00e9e chez une personne allergique \u00e0 une autre substance apparent\u00e9e<\/em>\u00ab\u00a0. Aliments v\u00e9g\u00e9taux et pollens pr\u00e9sentent souvent des <strong>structures mol\u00e9culaires semblables<\/strong> qui favorisent le d\u00e9veloppement de ces allergies crois\u00e9es. <strong>Les signes peuvent \u00eatre plus ou moins s\u00e9v\u00e8res<\/strong>\u00a0allant du simple \u00ab\u00a0syndrome oral\u00a0\u00bb\u00a0: d\u00e9mangeaisons dans la bouche ou plaques rouges qui grattent autour de la bouche \u00e0 la r\u00e9action anaphylactique qui peut associer difficult\u00e9s \u00e0 respirer et\/ou malaise ou sensation de malaise. Dans certains cas, la prot\u00e9ine allergisante peut \u00eatre d\u00e9truite \u00e0 la cuisson et l&rsquo;allergie ne surviendra qu&rsquo;\u00e0 l&rsquo;ingestion d&rsquo;aliments crus. Exemples connus\u00a0: \u00ab\u00a0<em>Dans le nord de l&rsquo;Europe\u00a0: environ 50% <strong>des allergiques aux pollens de bouleau pr\u00e9sentent des allergies alimentaires crois\u00e9es, souvent \u00e0 la pomme, \u00e0 la noisette, \u00e0 la p\u00eache, et fr\u00e9quemment \u00e0 d&rsquo;autres v\u00e9g\u00e9taux crus.<\/strong> Les r\u00e9actions sont en g\u00e9n\u00e9ral peu s\u00e9v\u00e8res et elles ne concernent que les v\u00e9g\u00e9taux crus. Les prot\u00e9ines responsables sont des prot\u00e9ines d\u00e9truites \u00e0 la cuisson de la famille des PR10<\/em>\u00ab\u00a0, explique le Dr Delphine Prince. Dans le sud de l&rsquo;Europe\u00a0: en particulier autour du bassin m\u00e9diterran\u00e9en, les <strong>r\u00e9actions \u00e0 la p\u00eache et \u00e0 d&rsquo;autres <a href=\"http:\/\/www.affinite.fr\/index.php\/2023\/07\/29\/valoriser-ses-invendus-une-demarche-ecologique-et-rentable-pour-les-marchands-de-fruits\/\">fruits<\/a> \u00e0 noyaux peuvent \u00eatre s\u00e9v\u00e8res et g\u00e9n\u00e9ralis\u00e9es et elles concernent aussi les formes cuites<\/strong>. Les prot\u00e9ines responsables sont des prot\u00e9ines de la famille des LTP, prot\u00e9ines pr\u00e9sentes dans de nombreux aliments et pollens. <em>\u00ab\u00a0Il est n\u00e9cessaire de prendre l&rsquo;avis d&rsquo;un\u00a0allergologue\u00a0si vous avez d\u00e9j\u00e0 pr\u00e9sent\u00e9 ce type de r\u00e9actions. L&rsquo;allergologue pourra \u00e9valuer votre risque de pr\u00e9senter une r\u00e9action s\u00e9v\u00e8re et il pourra vous indiquer quels sont les aliments interdits ou permis et sous quelle forme\u00a0\u00bb<\/em>, recommande la sp\u00e9cialiste.<\/p>\n<h2 id=\"quels-conseils-pratiques-pour-les-allergiques-aux-pollens-\">Quels conseils pratiques pour les allergiques aux pollens ?<\/h2>\n<ul>\n<li>Se rincer les\u00a0cheveux\u00a0le soir avant de se coucher afin d&rsquo;\u00e9viter aux pollens accumul\u00e9s tout au long de la journ\u00e9e de se d\u00e9poser sur l&rsquo;oreiller et de provoquer des r\u00e9actions allergiques.<\/li>\n<li>Porter des\u00a0lunettes de soleil\u00a0et un chapeau.<\/li>\n<li>Ne pas se frotter les yeux.<\/li>\n<li>\u00c9viter de tondre la pelouse.\u00a0<\/li>\n<li>A\u00e9rer vitre domicile t\u00f4t le matin.<\/li>\n<li>\u00c9viter de fumer car le\u00a0tabac\u00a0aggrave les r\u00e9actions allergiques.<\/li>\n<li>\u00c9viter la piscine car le\u00a0chlore\u00a0agresse les muqueuses du nez et des yeux.<\/li>\n<li>Ne pas s\u00e9cher le linge \u00e0 l&rsquo;ext\u00e9rieur.<\/li>\n<li>Porter un masque lors du <a href=\"http:\/\/www.affinite.fr\/index.php\/2023\/10\/29\/les-bienfaits-des-legumineuses-pour-fertiliser-votre-potager-de-maniere-naturelle\/\">jardinage<\/a>.<\/li>\n<li>Rouler fen\u00eatres ferm\u00e9es en voiture.\u00a0<\/li>\n<li>\u00c9vitez de pratiquer une activit\u00e9 physique ext\u00e9rieure, en particulier si vous faites de l&rsquo;asthme.<\/li>\n<li>Il est conseill\u00e9 aux \u00e9tudiants allergiques aux pollens de consulter leur m\u00e9decin avant de passer les examens, car les pics de pollens surviennent en g\u00e9n\u00e9ral pendant cette p\u00e9riode.\u00a0<\/li>\n<li>En vacances\u00a0:<strong> pr\u00e9f\u00e9rer le bord de mer car la concentration en pollens est plus faible<\/strong>. \u00c9viter la montagne o\u00f9 la pollinisation des gramin\u00e9es est encore importante en \u00e9t\u00e9.<\/li>\n<\/ul>\n<p><u>Encore plus de conseils au quotidien pour contrer l&rsquo;allergie aux pollens :\u00a0<\/u><\/p>\n<p><em>Merci au\u00a0Dr Delphine Prince, allergologue.<\/em><\/p>\n<\/p><\/div>\n<p>[ad_2]<br \/>\n<br \/><a href=\"https:\/\/sante.journaldesfemmes.fr\/fiches-maladies\/2631809-allergie-graminees-pollen-symptome-medicament-carte-france-que-faire\/\">Source link <\/a><\/p>\n","protected":false},"excerpt":{"rendered":"<p>[ad_1] Le cocktail des pollens de bouleau, ch\u00eane et gramin\u00e9es donnera un risque d&rsquo;allergie global \u00e9lev\u00e9 sur la France en &hellip; <a href=\"http:\/\/www.affinite.fr\/index.php\/2022\/04\/29\/risque-eleve-symptomes-que-faire\/\" class=\"more-link\">Plus <span class=\"screen-reader-text\">risque \u00e9lev\u00e9, sympt\u00f4mes, que faire\u00a0?<\/span> <span class=\"meta-nav\">&rarr;<\/span><\/a><\/p>\n","protected":false},"author":1,"featured_media":7751,"comment_status":"","ping_status":"open","sticky":false,"template":"","format":"standard","meta":{"_sitemap_exclude":false,"_sitemap_priority":"","_sitemap_frequency":"","footnotes":""},"categories":[1],"tags":[],"class_list":["post-7750","post","type-post","status-publish","format-standard","has-post-thumbnail","hentry","category-tous"],"_links":{"self":[{"href":"http:\/\/www.affinite.fr\/index.php\/wp-json\/wp\/v2\/posts\/7750"}],"collection":[{"href":"http:\/\/www.affinite.fr\/index.php\/wp-json\/wp\/v2\/posts"}],"about":[{"href":"http:\/\/www.affinite.fr\/index.php\/wp-json\/wp\/v2\/types\/post"}],"author":[{"embeddable":true,"href":"http:\/\/www.affinite.fr\/index.php\/wp-json\/wp\/v2\/users\/1"}],"replies":[{"embeddable":true,"href":"http:\/\/www.affinite.fr\/index.php\/wp-json\/wp\/v2\/comments?post=7750"}],"version-history":[{"count":0,"href":"http:\/\/www.affinite.fr\/index.php\/wp-json\/wp\/v2\/posts\/7750\/revisions"}],"wp:featuredmedia":[{"embeddable":true,"href":"http:\/\/www.affinite.fr\/index.php\/wp-json\/wp\/v2\/media\/7751"}],"wp:attachment":[{"href":"http:\/\/www.affinite.fr\/index.php\/wp-json\/wp\/v2\/media?parent=7750"}],"wp:term":[{"taxonomy":"category","embeddable":true,"href":"http:\/\/www.affinite.fr\/index.php\/wp-json\/wp\/v2\/categories?post=7750"},{"taxonomy":"post_tag","embeddable":true,"href":"http:\/\/www.affinite.fr\/index.php\/wp-json\/wp\/v2\/tags?post=7750"}],"curies":[{"name":"wp","href":"https:\/\/api.w.org\/{rel}","templated":true}]}}