{"id":7747,"date":"2022-04-27T23:08:16","date_gmt":"2022-04-27T23:08:16","guid":{"rendered":"https:\/\/www.affinite.fr\/index.php\/2022\/04\/27\/vincent-lindon-president-tom-cruise-dates-films\/"},"modified":"2022-04-27T23:08:16","modified_gmt":"2022-04-27T23:08:16","slug":"vincent-lindon-president-tom-cruise-dates-films","status":"publish","type":"post","link":"http:\/\/www.affinite.fr\/index.php\/2022\/04\/27\/vincent-lindon-president-tom-cruise-dates-films\/","title":{"rendered":"Vincent Lindon pr\u00e9sident, Tom Cruise, Dates, Films&#8230;"},"content":{"rendered":"<p> [ad_1]<br \/>\n<br \/><img decoding=\"async\" src=\"https:\/\/img-3.journaldesfemmes.fr\/e2UzjxAecwCf70DHiy4mF1E2zVA=\/1280x\/smart\/5481230bd18e4a89993d5fe4d931657c\/ccmcms-jdf\/33899375.jpg\" \/><\/p>\n<p>\n                Les grandes stars du cin\u00e9ma s&rsquo;appr\u00eatent \u00e0 monter les marches du festival de Cannes. Vincent Lindon officiera comme pr\u00e9sident du jury, Virginie Efira sera ma\u00eetresse de c\u00e9r\u00e9monie, Tom Cruise est attendu sur la croisette, et la liste des films pr\u00e9sent\u00e9s \u00e0 \u00e9t\u00e9 d\u00e9voil\u00e9e. Tout ce qu&rsquo;il faut savoir sur la 75e \u00e9dition de l&rsquo;\u00e9v\u00e8nement tant attendu du septi\u00e8me art&#8230;            <\/p>\n<div>\n<aside class=\"ccmsummary marqueur_module ccmcss_cms_summary ccmcss_cms_summary--right\">\n<p>Sommaire<\/p>\n<\/aside>\n<p>Bient\u00f4t, le lancement du rendez-vous le plus glamour de France! La <strong>75<sup>e<\/sup> \u00e9dition du Festival de Cannes<\/strong>, qui se tiendra du 17\u00a0au 28\u00a0mai\u00a0<span style=\"font-size: 1rem;\">2022, s&rsquo;appr\u00eate \u00e0 d\u00e9rouler son tapis rouge, son grand cru de films et sa panoplie de stars nationales et internationales.\u00a0Le nom du pr\u00e9sident du jury a d&rsquo;ores et d\u00e9j\u00e0 \u00e9t\u00e9 annonc\u00e9&#8230;<\/span><\/p>\n<p><span style=\"font-size: 1rem;\">Il s&rsquo;agit de <\/span><strong style=\"font-size: 1rem;\"><a href=\"https:\/\/www.journaldesfemmes.fr\/people\/vincent-lindon\/\" title=\"Vincent Lindon\">Vincent Lindon<\/a><\/strong><span style=\"font-size: 1rem;\">. Habitu\u00e9 du festival de Cannes, l&rsquo;acteur de 62 ans y a d\u00e9j\u00e0 re\u00e7u le prix d&rsquo;interpr\u00e9tation masculine pour sa prestation dans <\/span><em style=\"font-size: 1rem;\">La Loi du march\u00e9<\/em><span style=\"font-size: 1rem;\"> de St\u00e9phane Briz\u00e9, en 2015.<\/span>\u00a0\u00ab\u00a0<em>C&rsquo;est un immense honneur, et une tr\u00e8s grande fiert\u00e9 de me voir confier, au milieu du tumulte des multiples \u00e9v\u00e9nements que nous traversons dans le monde, <strong>la splendide et lourde t\u00e2che de pr\u00e9sider ce jury<\/strong><\/em>\u00ab\u00a0, a-t-il d\u00e9clar\u00e9 dans un communiqu\u00e9 apr\u00e8s l&rsquo;annonce.<\/p>\n<p>Le jury, pr\u00e9sid\u00e9 par Vincent Lindon, est compos\u00e9 du Fran\u00e7ais <strong>Ladj Ly<\/strong>, l&rsquo;Anglaise <strong>Rebecca Hall<\/strong>, la Su\u00e9doise <strong>Noomi Rapace<\/strong>, l&rsquo;Am\u00e9ricain <strong>Jeff Nichols<\/strong>, le Norv\u00e9gien <strong>Joachim Trier<\/strong>,\u00a0l&rsquo;Italienne <strong>Jasmine Trinca<\/strong>, l&rsquo;Iranien <strong>Asghar Farhadi<\/strong> et l&rsquo;Indienne <strong>Deepika Padukone<\/strong>.<\/p>\n<p>C&rsquo;est <strong><a href=\"https:\/\/www.journaldesfemmes.fr\/people\/virginie-efira\/\" title=\"Virginie Efira\">Virginie Efira<\/a><\/strong> qui pr\u00e9sentera les c\u00e9r\u00e9monies d&rsquo;ouverture et de cl\u00f4ture du <strong>Festival de Cannes\u00a0<\/strong>et succ\u00e8de ainsi \u00e0 Doria Tillier. \u00ab\u00a0<em>Une pr\u00e9sence solaire pour <strong>c\u00e9l\u00e9brer le cin\u00e9ma<\/strong><\/em>\u00ab\u00a0, ont comment\u00e9 les organisateurs dans un communiqu\u00e9. L&rsquo;ann\u00e9e derni\u00e8re, elle s&rsquo;\u00e9tait rendue sur la croisette pour son r\u00f4le dans le film <em>Benedetta<\/em>, de Paul Verhoeven.<\/p>\n<p>Le jury Un Certain Regard est pr\u00e9sid\u00e9 par l&rsquo;actrice italienne <strong>Valeria Golino<\/strong>, la com\u00e9dienne polonaise <strong>Joanna Kulig<\/strong>, l&rsquo;acteur v\u00e9n\u00e9zuelien <strong>Edgar Ramirez<\/strong>, la r\u00e9alisatrice am\u00e9ricaine <strong>Debra Granik<\/strong> et le chanteur et com\u00e9dien fran\u00e7ais <strong>Benjamin Biolay<\/strong>.<\/p>\n<h2 id=\"quelle-est-laffiche-du-festival-de-cannes-2022-\">Quelle est l&rsquo;affiche du Festival de Cannes 2022 ?<\/h2>\n<p>Cette ann\u00e9e, <strong>l&rsquo;affiche du festival de Cannes<\/strong> rend hommage au <strong><em>Truman Show<\/em><\/strong>, de Peter Weir. \u00ab\u00a0<em>Comme l&rsquo;inoubliable Truman incarn\u00e9 par Jim Carrey qui fr\u00f4le du bout des doigts son horizon, le Festival de Cannes prend acte de l&rsquo;extr\u00e9mit\u00e9 d&rsquo;un monde pour l&rsquo;appr\u00e9hender \u00e0 nouveau. Crise climatique, catastrophes humanitaires, conflits arm\u00e9s\u00a0: les motifs d&rsquo;inqui\u00e9tude sont nombreux<\/em>\u00ab\u00a0, lit-on dans le communiqu\u00e9 publi\u00e9 par les organisateurs.<\/p>\n<div class=\"ccminsert\">\n<blockquote class=\"twitter-tweet\">\n<p dir=\"ltr\" lang=\"fr\">L&rsquo;affiche du 75\u00e8me Festival de Cannes rend hommage \u00e0 la s\u00e9quence finale de The Truman Show, de Peter Weir, o\u00f9 Jim Carrey touchait les murs d&rsquo;un monde factice et acqu\u00e9rait enfin sa libert\u00e9. Voil\u00e0 qui promet. Rendez-vous au <a href=\"https:\/\/twitter.com\/Festival_Cannes?ref_src=twsrc%5Etfw\">@Festival_Cannes<\/a> dans 4 semaines ! <a href=\"https:\/\/twitter.com\/damien_leblanc\/status\/1516470666039599113\/photo\/1\">pic.twitter.com\/tDIyQOh7WB<\/a><\/p>\n<p>\u2014 Damien Leblanc (@damien_leblanc) <a href=\"https:\/\/twitter.com\/damien_leblanc\/status\/1516470666039599113?ref_src=twsrc%5Etfw\">April 19, 2022<\/a><\/p><\/blockquote>\n<\/div>\n<h2 id=\"tom-cruise-attendu-au-festival-de-cannes-2022\">Tom Cruise, attendu au Festival de Cannes 2022<\/h2>\n<p><strong><a href=\"https:\/\/www.journaldesfemmes.fr\/people\/tom-cruise\/\" title=\"Tom Cruse\">Tom Cruise<\/a><\/strong> sera pr\u00e9sent sur la croisette, le 18\u00a0mai, pour assister \u00e0 la projection de<strong><em> Top Gun: Maverick<\/em><\/strong>, qui sort en salles le 25\u00a0mai en France. Un <strong>hommage <\/strong>sera d&rsquo;ailleurs rendu \u00e0 l&rsquo;immense star du septi\u00e8me art.<\/p>\n<p>\u00ab\u00a0<em>Le <strong>Festival de Cannes lui rendra un hommage exceptionnel pour l&rsquo;ensemble de sa carri\u00e8re<\/strong>. Lors de cette journ\u00e9e sp\u00e9ciale, Tom Cruise se livrera dans l&rsquo;apr\u00e8s-midi \u00e0 l&rsquo;exercice d&rsquo;une conversation avec le journaliste Didier Allouch et montera les marches le soir m\u00eame \u00e0 l&rsquo;occasion de la projection de Top Gun\u00a0: Maverick, r\u00e9alis\u00e9 par Joseph Kosinski<\/em>\u00ab\u00a0, apprend-on sur le site officiel de l&rsquo;\u00e9v\u00e8nement.<\/p>\n<h2 id=\"quand-a-lieu-le-festival-de-cannes-\">Quand a lieu le Festival de Cannes ?<\/h2>\n<p>Cette ann\u00e9e, la 75<sup>e<\/sup> \u00e9dition du Festival de Cannes se d\u00e9roulera\u00a0<strong>du\u00a017\u00a0au 28\u00a0mai 2022.<\/strong><\/p>\n<h2 id=\"quels-films-sont-presentes-au-festival-de-cannes-2022-\">Quels films sont pr\u00e9sent\u00e9s au Festival de Cannes 2022 ?<\/h2>\n<h3>Films en comp\u00e9tition\u00a0:<\/h3>\n<ul>\n<li><em data-insertor-excluded=\"1\">Holy Spider\u00a0<\/em>d&rsquo;Ali Abbasi<\/li>\n<li><em data-insertor-excluded=\"1\">Les Amandiers\u00a0<\/em>de Val\u00e9ria Bruni-Tedeschi<\/li>\n<li><em data-insertor-excluded=\"1\">Les crimes du futur<\/em>\u00a0de David Cronenberg<\/li>\n<li><em data-insertor-excluded=\"1\">Tori et Lokita\u00a0<\/em>\u00a0de Jean-Pierre et Luc Dardenne<\/li>\n<li><em data-insertor-excluded=\"1\">Stars at noon<\/em>\u00a0de Claire Denis<\/li>\n<li><i data-insertor-excluded=\"1\">Fr\u00e8re\u00a0et\u00a0s\u0153ur<\/i>\u00a0d&rsquo;Arnaud Desplechin<\/li>\n<li><em data-insertor-excluded=\"1\">Close<\/em>\u00a0de Lukas Dhont<\/li>\n<li><em data-insertor-excluded=\"1\">Armageddon Time\u00a0<\/em>de James Gray<\/li>\n<li><em data-insertor-excluded=\"1\">Broker<\/em>\u00a0d&rsquo;Hirokazu Kore-Eda<\/li>\n<li><em data-insertor-excluded=\"1\">Nostalgia<\/em>\u00a0de Mario Martone<\/li>\n<li><em data-insertor-excluded=\"1\">Rmn<\/em>\u00a0de Cristian Mungiu<\/li>\n<li><em data-insertor-excluded=\"1\">Le triangle de la tristesse<\/em>\u00a0de Ruben \u00d6stlund<\/li>\n<li><em data-insertor-excluded=\"1\">Decision to leave\u00a0<\/em>de Park Chan-Wook<\/li>\n<li><em data-insertor-excluded=\"1\">Showing up\u00a0<\/em>de Kelly Reichardt<\/li>\n<li><em data-insertor-excluded=\"1\">Leila&rsquo;s brothers\u00a0<\/em>de Saeed Roustaee<\/li>\n<li><em data-insertor-excluded=\"1\">Boy from Heaven<\/em>\u00a0de Tarik Saleh<\/li>\n<li><em data-insertor-excluded=\"1\">La femme de Tcha\u00efkovski<\/em>\u00a0de Kirill Serebrennikov<\/li>\n<li><i data-insertor-excluded=\"1\">Eo<\/i>\u00a0de Jerzy Skolimowski<\/li>\n<li><em data-insertor-excluded=\"1\">Le Otto Montagne\u00a0<\/em>de\u00a0Charlotte Vandermeersch, Felix Van Groeningen<\/li>\n<li><em data-insertor-excluded=\"1\">Un petit fr\u00e8re<\/em>\u00a0de\u00a0L\u00e9onor Serraille<\/li>\n<li><em data-insertor-excluded=\"1\">Tourment sur les \u00eeles<\/em>\u00a0d&rsquo;Albert Serra<\/li>\n<\/ul>\n<h3>Films hors comp\u00e9tition\u00a0:<\/h3>\n<ul>\n<li><em data-insertor-excluded=\"1\">Top Gun\u00a02\u00a0: Maverick<\/em>\u00a0de\u00a0Joseph Kosinski<\/li>\n<li><em data-insertor-excluded=\"1\">Elvis<\/em>\u00a0de Baz Luhrmann<\/li>\n<li><em data-insertor-excluded=\"1\">Novembre<\/em>\u00a0de C\u00e9dric Jimenez<\/li>\n<li><em data-insertor-excluded=\"1\">Three thousand years of longing\u00a0<\/em>(Trois mille ans \u00e0 t&rsquo;attendre)\u00a0de George Miller<\/li>\n<li><em data-insertor-excluded=\"1\">Mascarade\u00a0<\/em>de <a href=\"https:\/\/www.journaldesfemmes.fr\/people\/nicolas-bedos\/\" title=\"Nicolas Bedos\">Nicolas Bedos<\/a><\/li>\n<li><em data-insertor-excluded=\"1\">L&rsquo;innocent<\/em>\u00a0de Louis Garrel<\/li>\n<\/ul>\n<h3>Films de la s\u00e9lection Un Certain Regard\u00a0:<\/h3>\n<ul>\n<li><em data-insertor-excluded=\"1\">Les Pires<\/em>\u00a0de Lisa Akoka et Romane Gueret<\/li>\n<li><em data-insertor-excluded=\"1\">Metronom<\/em>\u00a0d&rsquo;Alexandru Belc<\/li>\n<li><em data-insertor-excluded=\"1\">Retour \u00e0 Seoul\u00a0<\/em>de Davy Chou<\/li>\n<li><em data-insertor-excluded=\"1\">Sick of myself\u00a0<\/em>de Kristoffer Borgli<\/li>\n<li><em data-insertor-excluded=\"1\">Domingo y la niebla<\/em>\u00a0(Domingo et la brume) d&rsquo;Ariel Escalante\u00a0Meza<\/li>\n<li><em data-insertor-excluded=\"1\">Plan 75<\/em>\u00a0de Chie Hayakawa<\/li>\n<li><em data-insertor-excluded=\"1\">Beast<\/em>\u00a0de Riley Keough et Gina Gammell<\/li>\n<li><em data-insertor-excluded=\"1\">Corsage\u00a0<\/em>de Marie Kreutzer<\/li>\n<li><em data-insertor-excluded=\"1\">Butterfly vision\u00a0<\/em>de Maksim Nakonechnyi<\/li>\n<li><em data-insertor-excluded=\"1\">Godland<\/em>\u00a0d&rsquo;Hlynur Palmason<\/li>\n<li><em data-insertor-excluded=\"1\">Rod\u00e9o<\/em>\u00a0de Lola Quivoron<\/li>\n<li><em data-insertor-excluded=\"1\">Joyland<\/em>\u00a0de Saim Sadiq<\/li>\n<li><em data-insertor-excluded=\"1\">The Stranger<\/em>\u00a0de Thomas Wright<\/li>\n<li><em data-insertor-excluded=\"1\">Silent Twins<\/em>\u00a0d&rsquo;Agnieszka Smocynska<\/li>\n<li><em data-insertor-excluded=\"1\">Plus que jamais<\/em>\u00a0d&rsquo;Emily Atef\u00a0<\/li>\n<li><em data-insertor-excluded=\"1\">Mediterranean Fever<\/em>\u00a0de\u00a0Maha Haj\u00a0<\/li>\n<li><em data-insertor-excluded=\"1\">Le bleu du Caftan<\/em>\u00a0de Maryam Touzani\u00a0<\/li>\n<li><em data-insertor-excluded=\"1\">Harka<\/em>\u00a0de Lotfy Nathan<\/li>\n<\/ul>\n<h3>S\u00e9lection Cannes Premi\u00e8re\u00a0:<\/h3>\n<ul>\n<li><em data-insertor-excluded=\"1\">Nos frangins\u00a0<\/em>de Rachid Bouchareb<\/li>\n<li><em data-insertor-excluded=\"1\">Esterno Notte<\/em>\u00a0(Nightfall)\u00a0de Marco Bellocchio<\/li>\n<li><em data-insertor-excluded=\"1\">Dodo<\/em>\u00a0de Panos H.\u00a0Koutras<\/li>\n<li><i data-insertor-excluded=\"1\">Irma Vep<\/i>\u00a0d&rsquo;Olivier Assayas<\/li>\n<li><em data-insertor-excluded=\"1\">Don Juan<\/em>\u00a0de Serge Bozon\u00a0<\/li>\n<li><em data-insertor-excluded=\"1\">La nuit du 12\u00a0<\/em>de\u00a0Dominik Moll<\/li>\n<li><em data-insertor-excluded=\"1\">Chronique d&rsquo;une liaison passag\u00e8re<\/em>\u00a0d&rsquo;Emmanuel Mouret<\/li>\n<\/ul>\n<h3>S\u00e9ances sp\u00e9ciales et s\u00e9ances de minuit du Festival de Cannes 2022 :<\/h3>\n<ul>\n<li><em data-insertor-excluded=\"1\">All that breathes<\/em>\u00a0de Shaunak Sen<\/li>\n<li><em data-insertor-excluded=\"1\">The Natural History of destruction<\/em>\u00a0de Sergei Loznitsa<\/li>\n<li><em data-insertor-excluded=\"1\">Jerry Lee Lewis\u00a0: Trouble in mind\u00a0<\/em>d&rsquo;Ethan Coen<\/li>\n<li><em data-insertor-excluded=\"1\">Mi pais imaginario<\/em>\u00a0de Patricio Guzm\u00e1n Chili\u00a0<\/li>\n<li><em data-insertor-excluded=\"1\">The vagabonds<\/em>\u00a0de\u00a0Doroteya Droumeva<\/li>\n<li><em data-insertor-excluded=\"1\">Riposte f\u00e9minine<\/em>\u00a0de Marie Perenn\u00e8s, Simon Depardon<\/li>\n<li><em data-insertor-excluded=\"1\">Restos de Vento<\/em>\u00a0de Tiago Guedes<\/li>\n<li><em data-insertor-excluded=\"1\">Le petit Nicolas\u00a0: qu&rsquo;est-ce qu&rsquo;on attend pour \u00eatre heureux\u00a0?\u00a0<\/em>d&rsquo; Amandine Fredon, Benjamin Massoubre France<\/li>\n<li><em data-insertor-excluded=\"1\">Hunt<\/em>\u00a0de Lee Jung-Jae (s\u00e9ance de minuit)<\/li>\n<li><em data-insertor-excluded=\"1\">Moonage Daydream<\/em>\u00a0de Brett Morgen (s\u00e9ance de minuit)<\/li>\n<li><em data-insertor-excluded=\"1\">Fumer fait tousser<\/em>\u00a0de Quentin Dupieux (s\u00e9ance de minuit)<\/li>\n<li><em data-insertor-excluded=\"1\">Rebel<\/em>\u00a0d&rsquo;Adil El Arbi, Bilall Fallah (s\u00e9ance de minuit)<\/li>\n<\/ul>\n<p>Pour la 61e \u00e9dition de la semaine de la Critique, qui se d\u00e9roule <strong>du 18 au 26 mai<\/strong>, onze films ont \u00e9t\u00e9 s\u00e9lectionn\u00e9s, dont sept sont en comp\u00e9tition. Le jury est pr\u00e9sid\u00e9 par la cin\u00e9aste tunisienne Kaouther Ben Hania, et compos\u00e9 de la r\u00e9alisatrice franco-grecque Ariane Labed, du journaliste sud-cor\u00e9en Huh Moon-Yung, du r\u00e9alisateur islandais Benedikt Erlingsson, et du chef op\u00e9rateur belge Beno\u00eet Debie.\u00a0<\/p>\n<h3>En comp\u00e9tition\u00a0<\/h3>\n<ul>\n<li><em>Aftersun<\/em> de Charlotte Wells<\/li>\n<li><em>Alma Viva <\/em>de Crist\u00e8le Alves Meira<\/li>\n<li><em>Dalva <\/em>d&rsquo;Emmanuelle Nicot<\/li>\n<li><em>La Jaur\u00eda <\/em>d&rsquo;Andr\u00e9s Ram\u00edrez Pulido<\/li>\n<li><em>Nos c\u00e9r\u00e9monies <\/em>de Simon Rieth<\/li>\n<li><em>Tasavor (Imagine) <\/em>d&rsquo;Ali Behrad<\/li>\n<li><em>Metsurin tarina (The Woodcutter Story) <\/em>de Mikko Myllylahti<\/li>\n<\/ul>\n<h3>S\u00e9ances sp\u00e9ciales<\/h3>\n<ul>\n<li><em>When You Finish Saving The World<\/em> de Jesse Eisenberg (film d&rsquo;ouverture)<\/li>\n<li><em>Goutte d&rsquo;Or<\/em> de Cl\u00e9ment Cogitore<\/li>\n<li><em>Tout le monde aime Jeanne<\/em> de C\u00e9line Devaux<\/li>\n<li><em>Da-eum-so-hee <\/em>de Jung July (film de cl\u00f4ture)<\/li>\n<\/ul><\/div>\n<p><script async src=\"http:\/\/platform.twitter.com\/widgets.js\" charset=\"utf-8\"><\/script><br \/>\n<br \/>[ad_2]<br \/>\n<br \/><a href=\"https:\/\/www.journaldesfemmes.fr\/loisirs\/rendez-vous\/2518350-cannes-festival-2022-films-dates-vincent-lindon-jury\/\">Source link <\/a><\/p>\n","protected":false},"excerpt":{"rendered":"<p>[ad_1] Les grandes stars du cin\u00e9ma s&rsquo;appr\u00eatent \u00e0 monter les marches du festival de Cannes. Vincent Lindon officiera comme pr\u00e9sident &hellip; <a href=\"http:\/\/www.affinite.fr\/index.php\/2022\/04\/27\/vincent-lindon-president-tom-cruise-dates-films\/\" class=\"more-link\">Plus <span class=\"screen-reader-text\">Vincent Lindon pr\u00e9sident, Tom Cruise, Dates, Films&#8230;<\/span> <span class=\"meta-nav\">&rarr;<\/span><\/a><\/p>\n","protected":false},"author":1,"featured_media":7748,"comment_status":"","ping_status":"open","sticky":false,"template":"","format":"standard","meta":{"_sitemap_exclude":false,"_sitemap_priority":"","_sitemap_frequency":"","footnotes":""},"categories":[1],"tags":[],"class_list":["post-7747","post","type-post","status-publish","format-standard","has-post-thumbnail","hentry","category-tous"],"_links":{"self":[{"href":"http:\/\/www.affinite.fr\/index.php\/wp-json\/wp\/v2\/posts\/7747"}],"collection":[{"href":"http:\/\/www.affinite.fr\/index.php\/wp-json\/wp\/v2\/posts"}],"about":[{"href":"http:\/\/www.affinite.fr\/index.php\/wp-json\/wp\/v2\/types\/post"}],"author":[{"embeddable":true,"href":"http:\/\/www.affinite.fr\/index.php\/wp-json\/wp\/v2\/users\/1"}],"replies":[{"embeddable":true,"href":"http:\/\/www.affinite.fr\/index.php\/wp-json\/wp\/v2\/comments?post=7747"}],"version-history":[{"count":0,"href":"http:\/\/www.affinite.fr\/index.php\/wp-json\/wp\/v2\/posts\/7747\/revisions"}],"wp:featuredmedia":[{"embeddable":true,"href":"http:\/\/www.affinite.fr\/index.php\/wp-json\/wp\/v2\/media\/7748"}],"wp:attachment":[{"href":"http:\/\/www.affinite.fr\/index.php\/wp-json\/wp\/v2\/media?parent=7747"}],"wp:term":[{"taxonomy":"category","embeddable":true,"href":"http:\/\/www.affinite.fr\/index.php\/wp-json\/wp\/v2\/categories?post=7747"},{"taxonomy":"post_tag","embeddable":true,"href":"http:\/\/www.affinite.fr\/index.php\/wp-json\/wp\/v2\/tags?post=7747"}],"curies":[{"name":"wp","href":"https:\/\/api.w.org\/{rel}","templated":true}]}}