{"id":7739,"date":"2022-04-26T23:07:29","date_gmt":"2022-04-26T23:07:29","guid":{"rendered":"https:\/\/www.affinite.fr\/index.php\/2022\/04\/26\/vincent-lindon-president-du-jury-tom-cruise-dates-films\/"},"modified":"2022-04-26T23:07:29","modified_gmt":"2022-04-26T23:07:29","slug":"vincent-lindon-president-du-jury-tom-cruise-dates-films","status":"publish","type":"post","link":"http:\/\/www.affinite.fr\/index.php\/2022\/04\/26\/vincent-lindon-president-du-jury-tom-cruise-dates-films\/","title":{"rendered":"Vincent Lindon pr\u00e9sident du jury, Tom Cruise, Dates, Films&#8230;"},"content":{"rendered":"<p> [ad_1]<br \/>\n<br \/><img decoding=\"async\" src=\"https:\/\/img-3.journaldesfemmes.fr\/Zv0BbVCEFTAqvskejRmgXT6P8ZA=\/1280x\/smart\/c9e76db9d0614aa7aa9ccd4ea7b901a7\/ccmcms-jdf\/33879227.jpg\" \/><\/p>\n<p>\n                Les grandes stars du cin\u00e9ma s&rsquo;appr\u00eatent \u00e0 monter les marches du festival de Cannes. Vincent Lindon officiera comme pr\u00e9sident du jury, Tom Cruise est attendu sur la croisette, et la liste des films pr\u00e9sent\u00e9s \u00e0 \u00e9t\u00e9 d\u00e9voil\u00e9e. Tout ce qu&rsquo;il faut savoir sur la 75e \u00e9dition de l&rsquo;\u00e9v\u00e8nement tant attendu du septi\u00e8me art&#8230;            <\/p>\n<div>\n<aside class=\"ccmsummary marqueur_module ccmcss_cms_summary ccmcss_cms_summary--right\">\n<p>Sommaire<\/p>\n<\/aside>\n<p>Bient\u00f4t, le lancement du rendez-vous le plus glamour de France! La <strong>75e \u00e9dition du Festival de Cannes<\/strong>, qui se tiendra du 17\u00a0au 28\u00a0mai\u00a0<span style=\"font-size: 1rem;\">2022, s&rsquo;appr\u00eate \u00e0 d\u00e9rouler son tapis rouge, son grand cru de films et sa panoplie de stars nationales et internationales. Le nom du pr\u00e9sident du jury a d&rsquo;ores et d\u00e9j\u00e0 \u00e9t\u00e9 annonc\u00e9. Il s&rsquo;agit de <\/span><strong style=\"font-size: 1rem;\"><a href=\"https:\/\/www.journaldesfemmes.fr\/people\/vincent-lindon\/\" title=\"Vincent Lindon\">Vincent Lindon<\/a><\/strong><span style=\"font-size: 1rem;\">. Habitu\u00e9 du festival de Cannes, l&rsquo;acteur de 62 ans y a d\u00e9j\u00e0 re\u00e7u le prix d&rsquo;interpr\u00e9tation masculine pour sa prestation dans <\/span><em style=\"font-size: 1rem;\">La Loi du march\u00e9<\/em><span style=\"font-size: 1rem;\"> de St\u00e9phane Briz\u00e9, en 2015.<\/span><\/p>\n<h2 id=\"quelle-est-laffiche-du-festival-de-cannes-2022-\">Quelle est l&rsquo;affiche du Festival de Cannes 2022 ?<\/h2>\n<p>Cette ann\u00e9e, <strong>l&rsquo;affiche du festival de Cannes<\/strong> rend hommage au <strong><em>Truman Show<\/em><\/strong>, de Peter Weir. \u00ab\u00a0<em>Comme l&rsquo;inoubliable Truman incarn\u00e9 par Jim Carrey qui fr\u00f4le du bout des doigts son horizon, le Festival de Cannes prend acte de l&rsquo;extr\u00e9mit\u00e9 d&rsquo;un monde pour l&rsquo;appr\u00e9hender \u00e0 nouveau. Crise climatique, catastrophes humanitaires, conflits arm\u00e9s\u00a0: les motifs d&rsquo;inqui\u00e9tude sont nombreux<\/em>\u00ab\u00a0, lit-on dans le communiqu\u00e9 publi\u00e9 par les organisateurs.<\/p>\n<div class=\"ccminsert\">\n<blockquote class=\"twitter-tweet\">\n<p dir=\"ltr\" lang=\"fr\">L&rsquo;affiche du 75\u00e8me Festival de Cannes rend hommage \u00e0 la s\u00e9quence finale de The Truman Show, de Peter Weir, o\u00f9 Jim Carrey touchait les murs d&rsquo;un monde factice et acqu\u00e9rait enfin sa libert\u00e9. Voil\u00e0 qui promet. Rendez-vous au <a href=\"https:\/\/twitter.com\/Festival_Cannes?ref_src=twsrc%5Etfw\">@Festival_Cannes<\/a> dans 4 semaines ! <a href=\"https:\/\/twitter.com\/damien_leblanc\/status\/1516470666039599113\/photo\/1\">pic.twitter.com\/tDIyQOh7WB<\/a><\/p>\n<p>\u2014 Damien Leblanc (@damien_leblanc) <a href=\"https:\/\/twitter.com\/damien_leblanc\/status\/1516470666039599113?ref_src=twsrc%5Etfw\">April 19, 2022<\/a><\/p><\/blockquote>\n<\/div>\n<h2 id=\"tom-cruise-attendu-au-festival-de-cannes-2022\">Tom Cruise, attendu au Festival de Cannes 2022<\/h2>\n<p><strong><a href=\"https:\/\/www.journaldesfemmes.fr\/people\/tom-cruise\/\" title=\"Tom Cruse\">Tom Cruise<\/a><\/strong> sera pr\u00e9sent sur la croisette, le 18\u00a0mai, pour assister \u00e0 la projection de<strong><em> Top Gun: Maverick<\/em><\/strong>, qui sort en salles le 25\u00a0mai en France. Un <strong>hommage <\/strong>sera d&rsquo;ailleurs rendu \u00e0 l&rsquo;immense star du septi\u00e8me art.<\/p>\n<p>\u00ab\u00a0<em>Le <strong>Festival de Cannes lui rendra un hommage exceptionnel pour l&rsquo;ensemble de sa carri\u00e8re<\/strong>. Lors de cette journ\u00e9e sp\u00e9ciale, Tom Cruise se livrera dans l&rsquo;apr\u00e8s-midi \u00e0 l&rsquo;exercice d&rsquo;une conversation avec le journaliste Didier Allouch et montera les marches le soir m\u00eame \u00e0 l&rsquo;occasion de la projection de Top Gun\u00a0: Maverick, r\u00e9alis\u00e9 par Joseph Kosinski<\/em>\u00ab\u00a0, apprend-on sur le site officiel de l&rsquo;\u00e9v\u00e8nement.<\/p>\n<h2 id=\"quand-a-lieu-le-festival-de-cannes-\">Quand a lieu le Festival de Cannes ?<\/h2>\n<p>Cette ann\u00e9e, la 75e \u00e9dition du Festival de Cannes se d\u00e9roule <strong>du\u00a017\u00a0au 28\u00a0mai 2022.<\/strong><\/p>\n<h2 id=\"quels-films-sont-presentes-au-festival-de-cannes-2022-\">Quels films sont pr\u00e9sent\u00e9s au Festival de Cannes 2022 ?<\/h2>\n<h3>Films en comp\u00e9tition\u00a0:<\/h3>\n<p><em data-insertor-excluded=\"1\">Holy Spider\u00a0<\/em>d&rsquo;Ali Abbasi<\/p>\n<p><em data-insertor-excluded=\"1\">Les Amandiers\u00a0<\/em>de Val\u00e9ria Bruni-Tedeschi<\/p>\n<p><em data-insertor-excluded=\"1\">Les crimes du futur<\/em>\u00a0de David Cronenberg<\/p>\n<p><em data-insertor-excluded=\"1\">Tori et Lokita\u00a0<\/em>\u00a0de Jean-Pierre et Luc Dardenne<\/p>\n<p><em data-insertor-excluded=\"1\">Stars at noon<\/em>\u00a0de Claire Denis<\/p>\n<p><i data-insertor-excluded=\"1\">Fr\u00e8re\u00a0et\u00a0s\u0153ur<\/i>\u00a0d&rsquo;Arnaud Desplechin<\/p>\n<p><em data-insertor-excluded=\"1\">Close<\/em>\u00a0de Lukas Dhont<\/p>\n<p><em data-insertor-excluded=\"1\">Armageddon Time\u00a0<\/em>de James Gray<\/p>\n<p><em data-insertor-excluded=\"1\">Broker<\/em>\u00a0d&rsquo;Hirokazu Kore-Eda<\/p>\n<p><em data-insertor-excluded=\"1\">Nostalgia<\/em>\u00a0de Mario Martone<\/p>\n<p><em data-insertor-excluded=\"1\">Rmn<\/em>\u00a0de Cristian Mungiu<\/p>\n<p><em data-insertor-excluded=\"1\">Le triangle de la tristesse<\/em>\u00a0de Ruben \u00d6stlund<\/p>\n<p><em data-insertor-excluded=\"1\">Decision to leave\u00a0<\/em>de Park Chan-Wook<\/p>\n<p><em data-insertor-excluded=\"1\">Showing up\u00a0<\/em>de Kelly Reichardt<\/p>\n<p><em data-insertor-excluded=\"1\">Leila&rsquo;s brothers\u00a0<\/em>de Saeed Roustaee<\/p>\n<p><em data-insertor-excluded=\"1\">Boy from Heaven<\/em>\u00a0de Tarik Saleh<\/p>\n<p><em data-insertor-excluded=\"1\">La femme de Tcha\u00efkovski<\/em>\u00a0de Kirill Serebrennikov<\/p>\n<p><i data-insertor-excluded=\"1\">Eo<\/i>\u00a0de Jerzy Skolimowski<\/p>\n<p><em data-insertor-excluded=\"1\">Le Otto Montagne\u00a0<\/em>de\u00a0Charlotte Vandermeersch, Felix Van Groeningen<\/p>\n<p><em data-insertor-excluded=\"1\">Un petit fr\u00e8re<\/em>\u00a0de\u00a0L\u00e9onor Serraille<\/p>\n<p><em data-insertor-excluded=\"1\">Tourment sur les \u00eeles<\/em>\u00a0d&rsquo;Albert Serra<\/p>\n<h3>Films hors comp\u00e9tition\u00a0:<\/h3>\n<p><em data-insertor-excluded=\"1\">Top Gun\u00a02\u00a0: Maverick<\/em>\u00a0de\u00a0Joseph Kosinski<\/p>\n<p><em data-insertor-excluded=\"1\">Elvis<\/em>\u00a0de Baz Luhrmann<\/p>\n<p><em data-insertor-excluded=\"1\">Novembre<\/em>\u00a0de C\u00e9dric Jimenez<\/p>\n<p><em data-insertor-excluded=\"1\">Three thousand years of longing\u00a0<\/em>(Trois mille ans \u00e0 t&rsquo;attendre)\u00a0de George Miller<\/p>\n<p><em data-insertor-excluded=\"1\">Mascarade\u00a0<\/em>de Nicolas Bedos<\/p>\n<p><em data-insertor-excluded=\"1\">L&rsquo;innocent<\/em>\u00a0de Louis Garrel<\/p>\n<h3>Films de la s\u00e9lection Un Certain Regard\u00a0:<\/h3>\n<p><em data-insertor-excluded=\"1\">Les Pires<\/em>\u00a0de Lisa Akoka et Romane Gueret<\/p>\n<p><em data-insertor-excluded=\"1\">Metronom<\/em>\u00a0d&rsquo;Alexandru Belc<\/p>\n<p><em data-insertor-excluded=\"1\">Retour \u00e0 Seoul\u00a0<\/em>de Davy Chou<\/p>\n<p><em data-insertor-excluded=\"1\">Sick of myself\u00a0<\/em>de Kristoffer Borgli<\/p>\n<p><em data-insertor-excluded=\"1\">Domingo y la niebla<\/em>\u00a0(Domingo et la brume) d&rsquo;Ariel Escalante\u00a0Meza<\/p>\n<p><em data-insertor-excluded=\"1\">Plan 75<\/em>\u00a0de Chie Hayakawa<\/p>\n<p><em data-insertor-excluded=\"1\">Beast<\/em>\u00a0de Riley Keough et Gina Gammell<\/p>\n<p><em data-insertor-excluded=\"1\">Corsage\u00a0<\/em>de Marie Kreutzer<\/p>\n<p><em data-insertor-excluded=\"1\">Butterfly vision\u00a0<\/em>de Maksim Nakonechnyi<\/p>\n<p><em data-insertor-excluded=\"1\">Godland<\/em>\u00a0d&rsquo;Hlynur Palmason<\/p>\n<p><em data-insertor-excluded=\"1\">Rod\u00e9o<\/em>\u00a0de Lola Quivoron<\/p>\n<p><em data-insertor-excluded=\"1\">Joyland<\/em>\u00a0de Saim Sadiq<\/p>\n<p><em data-insertor-excluded=\"1\">The Stranger<\/em>\u00a0de Thomas Wright<\/p>\n<p><em data-insertor-excluded=\"1\">Silent Twins<\/em>\u00a0d&rsquo;Agnieszka Smocynska<\/p>\n<p><em data-insertor-excluded=\"1\">Plus que jamais<\/em>\u00a0d&rsquo;Emily Atef\u00a0<\/p>\n<p><em data-insertor-excluded=\"1\">Mediterranean Fever<\/em>\u00a0de\u00a0Maha Haj\u00a0<\/p>\n<p><em data-insertor-excluded=\"1\">Le bleu du Caftan<\/em>\u00a0de Maryam Touzani\u00a0<\/p>\n<p><em data-insertor-excluded=\"1\">Harka<\/em>\u00a0de Lotfy Nathan<\/p>\n<h3>S\u00e9lection Cannes Premi\u00e8re\u00a0:<\/h3>\n<p><em data-insertor-excluded=\"1\">Nos frangins\u00a0<\/em>de Rachid Bouchareb<\/p>\n<p><em data-insertor-excluded=\"1\">Esterno Notte<\/em>\u00a0(Nightfall)\u00a0de Marco Bellocchio<\/p>\n<p><em data-insertor-excluded=\"1\">Dodo<\/em>\u00a0de Panos H.\u00a0Koutras<\/p>\n<p><i data-insertor-excluded=\"1\">Irma Vep<\/i>\u00a0d&rsquo;Olivier Assayas<\/p>\n<p><em data-insertor-excluded=\"1\">Don Juan<\/em>\u00a0de Serge Bozon\u00a0<\/p>\n<p><em data-insertor-excluded=\"1\">La nuit du 12\u00a0<\/em>de\u00a0Dominik Moll<\/p>\n<p><em data-insertor-excluded=\"1\">Chronique d&rsquo;une liaison passag\u00e8re<\/em>\u00a0d&rsquo;Emmanuel Mouret<\/p>\n<h3>S\u00e9ances sp\u00e9ciales et s\u00e9ances de minuit du Festival de Cannes 2022<\/h3>\n<p><em data-insertor-excluded=\"1\">All that breathes<\/em>\u00a0de Shaunak Sen<\/p>\n<p><em data-insertor-excluded=\"1\">The Natural History of destruction<\/em>\u00a0de Sergei Loznitsa<\/p>\n<p><em data-insertor-excluded=\"1\">Jerry Lee Lewis\u00a0: Trouble in mind\u00a0<\/em>d&rsquo;Ethan Coen<\/p>\n<p><em data-insertor-excluded=\"1\">Mi pais imaginario<\/em>\u00a0de Patricio Guzm\u00e1n Chili\u00a0<\/p>\n<p><em data-insertor-excluded=\"1\">The vagabonds<\/em>\u00a0de\u00a0Doroteya Droumeva<\/p>\n<p><em data-insertor-excluded=\"1\">Riposte f\u00e9minine<\/em>\u00a0de Marie Perenn\u00e8s, Simon Depardon<\/p>\n<p><em data-insertor-excluded=\"1\">Restos de Vento<\/em>\u00a0de Tiago Guedes<\/p>\n<p><em data-insertor-excluded=\"1\">Le petit Nicolas\u00a0: qu&rsquo;est-ce qu&rsquo;on attend pour \u00eatre heureux\u00a0?\u00a0<\/em>d&rsquo; Amandine Fredon, Benjamin Massoubre France<\/p>\n<p><em data-insertor-excluded=\"1\">Hunt<\/em>\u00a0de Lee Jung-Jae (s\u00e9ance de minuit)<\/p>\n<p><em data-insertor-excluded=\"1\">Moonage Daydream<\/em>\u00a0de Brett Morgen (s\u00e9ance de minuit)<\/p>\n<p><em data-insertor-excluded=\"1\">Fumer fait tousser<\/em>\u00a0de Quentin Dupieux (s\u00e9ance de minuit)<\/p>\n<p><em data-insertor-excluded=\"1\">Rebel<\/em>\u00a0d&rsquo;Adil El Arbi, Bilall Fallah (s\u00e9ance de minuit)<\/p>\n<\/p><\/div>\n<p><script async src=\"http:\/\/platform.twitter.com\/widgets.js\" charset=\"utf-8\"><\/script><br \/>\n<br \/>[ad_2]<br \/>\n<br \/><a href=\"https:\/\/www.journaldesfemmes.fr\/loisirs\/rendez-vous\/2518350-cannes-festival-2022-films-dates-vincent-lindon\/\">Source link <\/a><\/p>\n","protected":false},"excerpt":{"rendered":"<p>[ad_1] Les grandes stars du cin\u00e9ma s&rsquo;appr\u00eatent \u00e0 monter les marches du festival de Cannes. Vincent Lindon officiera comme pr\u00e9sident &hellip; <a href=\"http:\/\/www.affinite.fr\/index.php\/2022\/04\/26\/vincent-lindon-president-du-jury-tom-cruise-dates-films\/\" class=\"more-link\">Plus <span class=\"screen-reader-text\">Vincent Lindon pr\u00e9sident du jury, Tom Cruise, Dates, Films&#8230;<\/span> <span class=\"meta-nav\">&rarr;<\/span><\/a><\/p>\n","protected":false},"author":1,"featured_media":7740,"comment_status":"","ping_status":"open","sticky":false,"template":"","format":"standard","meta":{"_sitemap_exclude":false,"_sitemap_priority":"","_sitemap_frequency":"","footnotes":""},"categories":[1],"tags":[],"class_list":["post-7739","post","type-post","status-publish","format-standard","has-post-thumbnail","hentry","category-tous"],"_links":{"self":[{"href":"http:\/\/www.affinite.fr\/index.php\/wp-json\/wp\/v2\/posts\/7739"}],"collection":[{"href":"http:\/\/www.affinite.fr\/index.php\/wp-json\/wp\/v2\/posts"}],"about":[{"href":"http:\/\/www.affinite.fr\/index.php\/wp-json\/wp\/v2\/types\/post"}],"author":[{"embeddable":true,"href":"http:\/\/www.affinite.fr\/index.php\/wp-json\/wp\/v2\/users\/1"}],"replies":[{"embeddable":true,"href":"http:\/\/www.affinite.fr\/index.php\/wp-json\/wp\/v2\/comments?post=7739"}],"version-history":[{"count":0,"href":"http:\/\/www.affinite.fr\/index.php\/wp-json\/wp\/v2\/posts\/7739\/revisions"}],"wp:featuredmedia":[{"embeddable":true,"href":"http:\/\/www.affinite.fr\/index.php\/wp-json\/wp\/v2\/media\/7740"}],"wp:attachment":[{"href":"http:\/\/www.affinite.fr\/index.php\/wp-json\/wp\/v2\/media?parent=7739"}],"wp:term":[{"taxonomy":"category","embeddable":true,"href":"http:\/\/www.affinite.fr\/index.php\/wp-json\/wp\/v2\/categories?post=7739"},{"taxonomy":"post_tag","embeddable":true,"href":"http:\/\/www.affinite.fr\/index.php\/wp-json\/wp\/v2\/tags?post=7739"}],"curies":[{"name":"wp","href":"https:\/\/api.w.org\/{rel}","templated":true}]}}