{"id":7731,"date":"2022-04-25T07:47:28","date_gmt":"2022-04-25T07:47:28","guid":{"rendered":"https:\/\/www.affinite.fr\/index.php\/2022\/04\/25\/un-si-grand-soleil-france-2-deprogramme-a-nouveau-le-feuilleton-ce-lundi-25-avril-news-series-a-la-tv\/"},"modified":"2022-04-25T07:47:28","modified_gmt":"2022-04-25T07:47:28","slug":"un-si-grand-soleil-france-2-deprogramme-a-nouveau-le-feuilleton-ce-lundi-25-avril-news-series-a-la-tv","status":"publish","type":"post","link":"http:\/\/www.affinite.fr\/index.php\/2022\/04\/25\/un-si-grand-soleil-france-2-deprogramme-a-nouveau-le-feuilleton-ce-lundi-25-avril-news-series-a-la-tv\/","title":{"rendered":"Un Si Grand Soleil : France 2 d\u00e9programme \u00e0 nouveau le feuilleton ce lundi 25 avril &#8211; News S\u00e9ries \u00e0 la TV"},"content":{"rendered":"<p> [ad_1]<br \/>\n<\/p>\n<p>Les \u00e9lections ont beau \u00eatre termin\u00e9es, c&rsquo;est encore une fois en raison de la campagne pr\u00e9sidentielle que la s\u00e9rie quotidienne ne sera pas diffus\u00e9e ce soir, pour laisser la place \u00e0 une \u00e9dition sp\u00e9ciale du journal de 20h.<\/p>\n<div id=\"article-content\">\n<figure class=\"article-figure article-main-figure\">\n<img loading=\"lazy\" decoding=\"async\" class=\"article-figure-img\" width=\"654\" height=\"368\" src=\"https:\/\/fr.web.img2.acsta.net\/r_654_368\/newsv7\/22\/04\/25\/08\/48\/4749975.jpg\"\/><figcaption class=\"article-figcaption-copy\">Fabien Malot\/FTV<\/figcaption><\/figure>\n<p>Les \u00e9lections pr\u00e9sidentielles d\u00e9sormais termin\u00e9es, vous pensiez pouvoir retrouver votre feuilleton\u00a0<a title=\"Un Si Grand Soleil (France) (Soap,Drame)\" href=\"http:\/\/www.allocine.fr\/series\/ficheserie_gen_cserie=23331.html\">Un Si Grand Soleil<\/a> au rythme de diffusion habituel, chaque soir \u00e0 20h45 sur France 2. Encore rat\u00e9 ! Apr\u00e8s une nouvelle d\u00e9programmation le mercredi 20 avril dernier, la s\u00e9rie quotidienne fait encore les frais de l&rsquo;agenda politique.<\/p>\n<p>En raison de la diffusion d&rsquo;une \u00e9dition sp\u00e9ciale du journal de 20h sur France 2 consacr\u00e9e au r\u00e9sultat du second tour, la cha\u00eene met \u00e0 nouveau en pause le feuilleton ce lundi 25 avril. L&rsquo;\u00e9pisode in\u00e9dit de ce soir sera ainsi d\u00e9cal\u00e9 au mardi 26 avril.<\/p>\n<p>Et comme de coutume, si vous ne voulez pas attendre de d\u00e9couvrir si Alex va accepter de collaborer avec Ga\u00eblle, d\u00e9sormais indic pour la police, et si le nouveau client de L Cosm\u00e9tiques pourrait bien donner lieu \u00e0 une belle rencontre avec Myriam, l&rsquo;\u00e9pisode in\u00e9dit est d&rsquo;ores et d\u00e9j\u00e0 disponible sur la plateforme SALTO. Vous pouvez \u00e9galement d\u00e9couvrir <a href=\"\/\/www.allocine.fr\/article\/fichearticle_gen_carticle=18709074.html\">le r\u00e9sum\u00e9 en avance de l&rsquo;\u00e9pisode du mardi 26 avril<\/a> d\u00e8s aujourd&rsquo;hui sur Allocin\u00e9.<\/p>\n<\/div>\n<p>[ad_2]<br \/>\n<br \/><a href=\"http:\/\/www.allocine.fr\/article\/fichearticle_gen_carticle=18709086.html\">Source link <\/a><\/p>\n","protected":false},"excerpt":{"rendered":"<p>[ad_1] Les \u00e9lections ont beau \u00eatre termin\u00e9es, c&rsquo;est encore une fois en raison de la campagne pr\u00e9sidentielle que la s\u00e9rie &hellip; <a href=\"http:\/\/www.affinite.fr\/index.php\/2022\/04\/25\/un-si-grand-soleil-france-2-deprogramme-a-nouveau-le-feuilleton-ce-lundi-25-avril-news-series-a-la-tv\/\" class=\"more-link\">Plus <span class=\"screen-reader-text\">Un Si Grand Soleil : France 2 d\u00e9programme \u00e0 nouveau le feuilleton ce lundi 25 avril &#8211; News S\u00e9ries \u00e0 la TV<\/span> <span class=\"meta-nav\">&rarr;<\/span><\/a><\/p>\n","protected":false},"author":1,"featured_media":7732,"comment_status":"","ping_status":"open","sticky":false,"template":"","format":"standard","meta":{"_sitemap_exclude":false,"_sitemap_priority":"","_sitemap_frequency":"","footnotes":""},"categories":[1],"tags":[],"class_list":["post-7731","post","type-post","status-publish","format-standard","has-post-thumbnail","hentry","category-tous"],"_links":{"self":[{"href":"http:\/\/www.affinite.fr\/index.php\/wp-json\/wp\/v2\/posts\/7731"}],"collection":[{"href":"http:\/\/www.affinite.fr\/index.php\/wp-json\/wp\/v2\/posts"}],"about":[{"href":"http:\/\/www.affinite.fr\/index.php\/wp-json\/wp\/v2\/types\/post"}],"author":[{"embeddable":true,"href":"http:\/\/www.affinite.fr\/index.php\/wp-json\/wp\/v2\/users\/1"}],"replies":[{"embeddable":true,"href":"http:\/\/www.affinite.fr\/index.php\/wp-json\/wp\/v2\/comments?post=7731"}],"version-history":[{"count":0,"href":"http:\/\/www.affinite.fr\/index.php\/wp-json\/wp\/v2\/posts\/7731\/revisions"}],"wp:featuredmedia":[{"embeddable":true,"href":"http:\/\/www.affinite.fr\/index.php\/wp-json\/wp\/v2\/media\/7732"}],"wp:attachment":[{"href":"http:\/\/www.affinite.fr\/index.php\/wp-json\/wp\/v2\/media?parent=7731"}],"wp:term":[{"taxonomy":"category","embeddable":true,"href":"http:\/\/www.affinite.fr\/index.php\/wp-json\/wp\/v2\/categories?post=7731"},{"taxonomy":"post_tag","embeddable":true,"href":"http:\/\/www.affinite.fr\/index.php\/wp-json\/wp\/v2\/tags?post=7731"}],"curies":[{"name":"wp","href":"https:\/\/api.w.org\/{rel}","templated":true}]}}