{"id":7716,"date":"2022-04-20T22:59:24","date_gmt":"2022-04-20T22:59:24","guid":{"rendered":"https:\/\/www.affinite.fr\/index.php\/2022\/04\/20\/ma-soeur-en-est-morte-il-y-a-13-ans\/"},"modified":"2022-04-20T22:59:24","modified_gmt":"2022-04-20T22:59:24","slug":"ma-soeur-en-est-morte-il-y-a-13-ans","status":"publish","type":"post","link":"http:\/\/www.affinite.fr\/index.php\/2022\/04\/20\/ma-soeur-en-est-morte-il-y-a-13-ans\/","title":{"rendered":"\u00ab\u00a0Ma s\u0153ur en est morte, il y a 13\u00a0ans\u00a0\u00bb"},"content":{"rendered":"<p> [ad_1]<br \/>\n<br \/><img decoding=\"async\" src=\"https:\/\/img-3.journaldesfemmes.fr\/D4zETQ4eu3Lwe8eZoc85gmW07UE=\/1280x\/smart\/83e32e89e75c41b292aa174d7bd400ff\/ccmcms-jdf\/33685205.jpg\" \/><\/p>\n<p>\n                Anny Duperey, qui a \u00e9t\u00e9 s\u00e9par\u00e9e tr\u00e8s t\u00f4t de sa petite s\u0153ur Patricia\u00a0Legras, s&rsquo;est confi\u00e9e sur ce drame terrible aupr\u00e8s de Public S\u00e9nat. L&rsquo;actrice de 74\u00a0ans se voit \u00e9galement comme le \u00ab\u00a0doudou\u00a0\u00bb des Fran\u00e7ais&#8230;            <\/p>\n<div>\n<p><strong>Anny Duperey <\/strong>a v\u00e9cu une terrible \u00e9preuve \u00e9tant enfant, dont elle garde encore les s\u00e9quelles aujourd&rsquo;hui. <strong>En novembre 1955, alors qu&rsquo;elle n&rsquo;a que 9 ans, ses parents meurent,<\/strong> <strong>asphyxi\u00e9s dans leur salle de bain<\/strong> \u00e0 cause d&rsquo;un chauffe-eau d\u00e9fectueux. Le drame est atroce, mais la douleur est d&rsquo;autant plus lancinante que, dans les jours qui suivent, la petite fille est s\u00e9par\u00e9e de sa s\u0153ur, qui est encore un b\u00e9b\u00e9 \u00e0 l&rsquo;\u00e9poque.\u00a0\u00ab\u00a0<em>Chaque famille a pris un enfant. <strong>Ma s\u0153ur \u00e9tait tr\u00e8s jeune \u00e0 l&rsquo;\u00e9poque<\/strong>, <strong>5\u00a0mois<\/strong>, et \u00e7a a \u00e9t\u00e9 une catastrophe. Je pense tr\u00e8s sinc\u00e8rement que de cette histoire, ma s\u0153ur en est morte, il y a 13\u00a0ans<\/em>\u00ab\u00a0, a confi\u00e9 la com\u00e9dienne \u00e0 <em>Public S\u00e9nat<\/em>.<\/p>\n<h2>Anny Duperey : ce qui a \u00ab\u00a0emport\u00e9\u00a0\u00bb sa s\u0153ur<\/h2>\n<p>\u00ab\u00a0<em>Elle a <strong>v\u00e9cu le c\u0153ur serr\u00e9 toute sa vie<\/strong> et \u00e7a a fini par l&#8217;emporter<\/em>\u00ab\u00a0, a expliqu\u00e9 Anny Duperey au sujet de sa s\u0153ur <strong>Patricia\u00a0Legras<\/strong>, morte en 2009. \u00ab\u00a0<em><strong>On m&rsquo;a retir\u00e9 mon b\u00e9b\u00e9<\/strong>, moi qui \u00e9tais si contente d&rsquo;avoir une petite s\u0153ur. (&#8230;) Je sais \u00e0 quel point c&rsquo;est dur, irr\u00e9parable m\u00eame, lorsqu&rsquo;on a d\u00e9j\u00e0 v\u00e9cu le <strong><a href=\"https:\/\/sante.journaldesfemmes.fr\/fiches-sante-du-quotidien\/2707422-traumatisme-definition-psychologique-physique-signe-guerir-cause\/\" title=\"Traumatismes\">traumatisme<\/a> de perdre ses parents<\/strong>. Si l&rsquo;on a pas une enfance commune, on ne se conna\u00eet pas<\/em>\u00ab\u00a0, avait-elle d\u00e9j\u00e0 confi\u00e9 \u00e0 <em>TV Magazine<\/em>.<\/p>\n<h2>Anny Duperey, un \u00ab\u00a0doudou\u00a0\u00bb pour les Fran\u00e7ais ?<\/h2>\n<p>Malgr\u00e9 ce drame personnel, Anny Duperey est ravie de faire partie de la vie des Fran\u00e7ais \u00e0 travers sa carri\u00e8re prolifique sur le petit et grand \u00e9cran.\u00a0Pendant le <a href=\"https:\/\/www.journaldesfemmes.fr\/societe\/actu\/2670599-confinement-nouvelle-vague-corvid-mesures-sanitaires-vaccin-couvre-feu-attal-veran-macron\/\" title=\"Confin\u00e9\">confinement<\/a> par exemple, les chaines de t\u00e9l\u00e9vision avaient rediffus\u00e9 plusieurs fois <em><strong>Un \u00e9l\u00e9phant, \u00e7a trompe \u00e9norm\u00e9ment<\/strong>, <\/em>d&rsquo;Yves Robert, dans lequel elle joue le r\u00f4le de Charlotte.<em>\u00a0<\/em>\u00ab\u00a0<em><strong>Avec Jean Rochefort, nous sommes les doudous du cin\u00e9ma fran\u00e7ais<\/strong>, d\u00e8s qu&rsquo;il arrive quelque chose de tr\u00e8s d\u00e9sagr\u00e9able\u2026 Paf, on nous colle sur le petit \u00e9cran<\/em>\u00ab\u00a0, s&rsquo;est-elle r\u00e9jouie face aux cam\u00e9ras de <a href=\"https:\/\/www.publicsenat.fr\/article\/societe\/anny-duperey-avec-jean-rochefort-nous-sommes-les-doudous-du-cinema-francais-202841\" target=\"_blank\" rel=\"noopener\"><em>Public S\u00e9nat<\/em><\/a>.<\/p>\n<p>Fi\u00e8re de son parcours, la m\u00e8re de Sara Giraudeau ne se r\u00eavait pourtant pas com\u00e9dienne. Elle avait commenc\u00e9 ses \u00e9tudes en prenant des cours aux Beaux-Arts de Rouen, avant de se diriger vers le th\u00e9\u00e2tre.\u00a0\u00ab\u00a0<em>Je ne dirais pas que je suis devenue com\u00e9dienne par hasard mais plut\u00f4t <strong>sans l&rsquo;avoir r\u00eav\u00e9<\/strong>.\u00a0C&rsquo;est tr\u00e8s pratique, parce qu&rsquo;on <strong>n&rsquo;est pas jaloux<\/strong>, les choses vous viennent et si \u00e7a n&rsquo;arrive plus ou si c&rsquo;est moins bien, on n&rsquo;est pas d\u00e9\u00e7u<\/em>\u00ab\u00a0, a-t-elle expliqu\u00e9.<\/p>\n<\/p><\/div>\n<p>[ad_2]<br \/>\n<br \/><a href=\"https:\/\/www.journaldesfemmes.fr\/people\/actus\/2807021-anny-duperey-mort-parents-soeur-age-patricia-legras-jean-rochefort\/\">Source link <\/a><\/p>\n","protected":false},"excerpt":{"rendered":"<p>[ad_1] Anny Duperey, qui a \u00e9t\u00e9 s\u00e9par\u00e9e tr\u00e8s t\u00f4t de sa petite s\u0153ur Patricia\u00a0Legras, s&rsquo;est confi\u00e9e sur ce drame terrible &hellip; <a href=\"http:\/\/www.affinite.fr\/index.php\/2022\/04\/20\/ma-soeur-en-est-morte-il-y-a-13-ans\/\" class=\"more-link\">Plus <span class=\"screen-reader-text\">\u00ab\u00a0Ma s\u0153ur en est morte, il y a 13\u00a0ans\u00a0\u00bb<\/span> <span class=\"meta-nav\">&rarr;<\/span><\/a><\/p>\n","protected":false},"author":1,"featured_media":7717,"comment_status":"","ping_status":"open","sticky":false,"template":"","format":"standard","meta":{"_sitemap_exclude":false,"_sitemap_priority":"","_sitemap_frequency":"","footnotes":""},"categories":[1],"tags":[],"class_list":["post-7716","post","type-post","status-publish","format-standard","has-post-thumbnail","hentry","category-tous"],"_links":{"self":[{"href":"http:\/\/www.affinite.fr\/index.php\/wp-json\/wp\/v2\/posts\/7716"}],"collection":[{"href":"http:\/\/www.affinite.fr\/index.php\/wp-json\/wp\/v2\/posts"}],"about":[{"href":"http:\/\/www.affinite.fr\/index.php\/wp-json\/wp\/v2\/types\/post"}],"author":[{"embeddable":true,"href":"http:\/\/www.affinite.fr\/index.php\/wp-json\/wp\/v2\/users\/1"}],"replies":[{"embeddable":true,"href":"http:\/\/www.affinite.fr\/index.php\/wp-json\/wp\/v2\/comments?post=7716"}],"version-history":[{"count":0,"href":"http:\/\/www.affinite.fr\/index.php\/wp-json\/wp\/v2\/posts\/7716\/revisions"}],"wp:featuredmedia":[{"embeddable":true,"href":"http:\/\/www.affinite.fr\/index.php\/wp-json\/wp\/v2\/media\/7717"}],"wp:attachment":[{"href":"http:\/\/www.affinite.fr\/index.php\/wp-json\/wp\/v2\/media?parent=7716"}],"wp:term":[{"taxonomy":"category","embeddable":true,"href":"http:\/\/www.affinite.fr\/index.php\/wp-json\/wp\/v2\/categories?post=7716"},{"taxonomy":"post_tag","embeddable":true,"href":"http:\/\/www.affinite.fr\/index.php\/wp-json\/wp\/v2\/tags?post=7716"}],"curies":[{"name":"wp","href":"https:\/\/api.w.org\/{rel}","templated":true}]}}