{"id":7710,"date":"2022-04-20T07:44:56","date_gmt":"2022-04-20T07:44:56","guid":{"rendered":"https:\/\/www.affinite.fr\/index.php\/2022\/04\/20\/le-seigneur-des-anneaux-deux-personnages-inedits-devoiles-pour-la-serie-amazon-news-series\/"},"modified":"2022-04-20T07:44:56","modified_gmt":"2022-04-20T07:44:56","slug":"le-seigneur-des-anneaux-deux-personnages-inedits-devoiles-pour-la-serie-amazon-news-series","status":"publish","type":"post","link":"http:\/\/www.affinite.fr\/index.php\/2022\/04\/20\/le-seigneur-des-anneaux-deux-personnages-inedits-devoiles-pour-la-serie-amazon-news-series\/","title":{"rendered":"Le Seigneur des Anneaux : deux personnages in\u00e9dits d\u00e9voil\u00e9s pour la s\u00e9rie Amazon &#8211; News S\u00e9ries"},"content":{"rendered":"<p> [ad_1]<br \/>\n<br \/><img decoding=\"async\" src=\"http:\/\/fr.web.img4.acsta.net\/newsv7\/22\/04\/20\/09\/10\/2208814.jpg\" \/><\/p>\n<p>La plateforme Amazon Prime Video a d\u00e9voil\u00e9 deux nouveaux personnages attendus dans sa s\u00e9rie \u00ab\u00a0Le Seigneur des Anneaux\u00a0\u00bb, intitul\u00e9e \u00ab\u00a0Les Anneaux de Pouvoir\u00a0\u00bb.<\/p>\n<div id=\"article-content\">\n<figure class=\"player player-auto-play js-player\" data-model=\"{&quot;videos&quot;:[{&quot;id&quot;:19595675,&quot;sources&quot;:{&quot;high&quot;:&quot;https:\/\/fr.vid.web.acsta.net\/nmedia\/33\/22\/02\/14\/03\/19595675_hd_013.mp4&quot;,&quot;low&quot;:&quot;https:\/\/fr.vid.web.acsta.net\/nmedia\/33\/22\/02\/14\/03\/19595675_l_013.mp4&quot;,&quot;medium&quot;:&quot;https:\/\/fr.vid.web.acsta.net\/nmedia\/33\/22\/02\/14\/03\/19595675_m_013.mp4&quot;,&quot;standard&quot;:&quot;https:\/\/fr.vid.web.acsta.net\/nmedia\/33\/22\/02\/14\/03\/19595675_sd_013.mp4&quot;},&quot;image&quot;:&quot;\/videothumbnails\/22\/02\/14\/03\/01\/2197085.jpg&quot;,&quot;title&quot;:&quot;Le Seigneur des Anneaux : Les Anneaux de Pouvoir Bande-annonce VO&quot;,&quot;trackingIdentifier&quot;:&quot;19595675-le_seigneur_des_anneaux_les_anneaux_de_pouvoir_bande_annonce_vo&quot;,&quot;embedUrl&quot;:&quot;ACraHRACr0cHM6Ly9wbGF5ZXIuYWxsb2NpbmUuZnIvMTk1OTU2NzUuaHRtbA==&quot;,&quot;file_type&quot;:&quot;TRAILER&quot;,&quot;description&quot;:&quot;Le Seigneur des Anneaux : Les Anneaux de Pouvoir Bande-annonce VO&quot;,&quot;duration&quot;:60,&quot;view_count&quot;:38596,&quot;added_at&quot;:{&quot;date&quot;:&quot;2022-02-14 03:00:00.000000&quot;,&quot;timezone_type&quot;:3,&quot;timezone&quot;:&quot;Europe\/Paris&quot;},&quot;metas&quot;:{&quot;id_main_show&quot;:null,&quot;name_main_show&quot;:null,&quot;image_main_show&quot;:null,&quot;id_main_movie&quot;:null,&quot;name_main_movie&quot;:null,&quot;image_main_movie&quot;:null,&quot;id_main_series&quot;:22940,&quot;name_main_series&quot;:&quot;Le Seigneur des Anneaux : Les Anneaux de Pouvoir&quot;,&quot;image_main_series&quot;:&quot;\/pictures\/22\/02\/03\/16\/28\/1554715.jpg&quot;,&quot;id_main_season&quot;:null,&quot;name_main_season&quot;:null,&quot;image_main_season&quot;:null,&quot;main_season_number&quot;:null,&quot;id_main_person&quot;:null,&quot;name_main_person&quot;:null,&quot;image_main_person&quot;:null,&quot;use_portal&quot;:null,&quot;release_date_main_movie&quot;:null,&quot;nb_days_release_main_movie&quot;:null,&quot;id_meta_category&quot;:null,&quot;name_meta_category&quot;:null,&quot;localized_file_type&quot;:null,&quot;trans_file_type&quot;:null,&quot;main_movie_type&quot;:null,&quot;main_season_rating&quot;:null,&quot;main_series_rating&quot;:null,&quot;main_season_user_note_count&quot;:null,&quot;genre_main_movie&quot;:null,&quot;genre_main_series&quot;:null,&quot;release_status_movie&quot;:null,&quot;release_status_series&quot;:null},&quot;relatedEntityType&quot;:&quot;series&quot;,&quot;relatedEntityId&quot;:22940,&quot;relatedEntityTitle&quot;:&quot;Le Seigneur des Anneaux : Les Anneaux de Pouvoir&quot;,&quot;entityStatus&quot;:&quot;to_come&quot;,&quot;relatedEntityTrackingIdentifier&quot;:&quot;22940-le_seigneur_des_anneaux_les_anneaux_de_pouvoir&quot;}],&quot;disablePreroll&quot;:false,&quot;disablePostroll&quot;:false,&quot;endScreen&quot;:true,&quot;context&quot;:&quot;newspage_news&quot;,&quot;launch&quot;:&quot;auto-play&quot;,&quot;followScroll&quot;:true,&quot;editorialContent&quot;:&quot;18708930-le_seigneur_des_anneaux_deux_personnages_inedits_devoiles_pour_la_serie_amazon&quot;,&quot;disableAutoPause&quot;:true,&quot;player_position&quot;:&quot;playertop&quot;}\" data-thumb=\"https:\/\/fr.web.img4.acsta.net\/r_640_360\/videothumbnails\/22\/02\/14\/03\/01\/2197085.jpg\">\n<\/figure>\n<p>Deux nouvelles images de la s\u00e9rie <a title=\"Le Seigneur des Anneaux : Les Anneaux de Pouvoir (U.S.A.) (Fantastique,Drame,Aventure)\" href=\"http:\/\/www.allocine.fr\/series\/ficheserie_gen_cserie=22940.html\">Les Anneaux de Pouvoir<\/a>, adapt\u00e9e des romans Le Seigneur des Anneaux, ont \u00e9t\u00e9 d\u00e9voil\u00e9es cette nuit par la plateforme Amazon Prime Video. L\u2019occasion d\u2019y d\u00e9couvrir de nouveaux personnages, cr\u00e9\u00e9s pour les besoins du programme puisque n\u2019apparaissant dans aucun des ouvrages de <a title=\"J.R.R. Tolkien (Grande-Bretagne) (D'apr\u00e8s l'oeuvre de)\" href=\"http:\/\/www.allocine.fr\/personne\/fichepersonne_gen_cpersonne=68209.html\">J.R.R. Tolkien<\/a>.<\/p>\n<p>Arm\u00e9 d\u2019une sorte d\u2019\u00e9p\u00e9e bris\u00e9e (pourrait-il s\u2019agir de Narsil, l\u2019\u00e9p\u00e9e d\u2019Isildur bris\u00e9e par Sauron lors de la Guerre de la Derni\u00e8re Alliance des Elfes et des Hommes ?), nous d\u00e9couvrons Theo, incarn\u00e9 par le jeune acteur australien\u00a0<a title=\"Tyroe Muhafidin (U.S.A.) (Acteur)\" href=\"http:\/\/www.allocine.fr\/personne\/fichepersonne_gen_cpersonne=896343.html\">Tyroe Muhafidin<\/a>\u00a0dont il s\u2019agit de la premi\u00e8re apparition dans une production de cette importance.<\/p>\n<p>Nous ne disposons pas davantage d\u2019information sur Bronwyn, membre semble-t-il de la race des elfes, interpr\u00e9t\u00e9e par <a title=\"Nazanin Boniadi (Iran,Grande-Bretagne) (Acteur)\" href=\"http:\/\/www.allocine.fr\/personne\/fichepersonne_gen_cpersonne=208065.html\">Nazanin Boniadi<\/a>. La com\u00e9dienne britannico-iranienne est notamment apparue dans\u00a0<a title=\"Iron Man (U.S.A.) - 2008 (Action,Science fiction)\" href=\"http:\/\/www.allocine.fr\/film\/fichefilm_gen_cfilm=53751.html\">Iron Man<\/a> (dans un r\u00f4le tr\u00e8s secondaire), mais \u00e9galement dans les s\u00e9ries\u00a0<a title=\"Homeland (U.S.A.) (Thriller,Drame,Policier)\" href=\"http:\/\/www.allocine.fr\/series\/ficheserie_gen_cserie=9285.html\">Homeland<\/a> et\u00a0<a title=\"How I Met Your Mother (U.S.A.) (Com\u00e9die)\" href=\"http:\/\/www.allocine.fr\/series\/ficheserie_gen_cserie=446.html\">How I Met Your Mother<\/a> (dans le r\u00f4le de Nora, une ex de Barney).<\/p>\n<div class=\"js-async-embed\" data-type=\"tw-embed\">\n<blockquote class=\"twitter-tweet\">\n<p dir=\"ltr\" lang=\"fr\">D\u00e9couvrez un nouvel aper\u00e7u du Seigneur des Anneaux : Les Anneaux de Pouvoir. <span class=\"ACraHRACr0cHM6Ly90d2l0dGVyLmNvbS9oYXNodGFnL0xlU2VpZ25ldXJEZXNBbm5lYXV4P3NyYz1oYXNoJnJlZl9zcmM9dHdzcmMlNUV0Znc=\">#LeSeigneurDesAnneaux<\/span> <span class=\"ACraHRACr0cHM6Ly90d2l0dGVyLmNvbS9oYXNodGFnL0xlc0FubmVhdXhEZVBvdXZvaXI\/c3JjPWhhc2gmcmVmX3NyYz10d3NyYyU1RXRmdw==\">#LesAnneauxDePouvoir<\/span> <span class=\"ACraHRACr0cHM6Ly90LmNvL1U2ODJLWE9scTU=\">pic.twitter.com\/U682KXOlq5<\/span><\/p>\n<p>\u2014 Prime Video France (@PrimeVideoFR) <span class=\"ACraHRACr0cHM6Ly90d2l0dGVyLmNvbS9QcmltZVZpZGVvRlIvc3RhdHVzLzE1MTY0NjAxMDI4ODYzMDU3OTI\/cmVmX3NyYz10d3NyYyU1RXRmdw==\">April 19, 2022<\/span><\/p><\/blockquote>\n<\/div>\n<p>Pour rappel, les trois \u00e9pisodes de la s\u00e9rie <i>Le Seigneur des Anneaux\u00a0: Les Anneaux de Pouvoir<\/i> seront diffus\u00e9s en exclusivit\u00e9 sur Amazon Prime Video le 2 septembre prochain.<\/p>\n<\/div>\n<p><script async src=\"http:\/\/platform.twitter.com\/widgets.js\" charset=\"utf-8\"><\/script><br \/>\n<br \/>[ad_2]<br \/>\n<br \/><a href=\"http:\/\/www.allocine.fr\/article\/fichearticle_gen_carticle=18708930.html\">Source link <\/a><\/p>\n","protected":false},"excerpt":{"rendered":"<p>[ad_1] La plateforme Amazon Prime Video a d\u00e9voil\u00e9 deux nouveaux personnages attendus dans sa s\u00e9rie \u00ab\u00a0Le Seigneur des Anneaux\u00a0\u00bb, intitul\u00e9e &hellip; <a href=\"http:\/\/www.affinite.fr\/index.php\/2022\/04\/20\/le-seigneur-des-anneaux-deux-personnages-inedits-devoiles-pour-la-serie-amazon-news-series\/\" class=\"more-link\">Plus <span class=\"screen-reader-text\">Le Seigneur des Anneaux : deux personnages in\u00e9dits d\u00e9voil\u00e9s pour la s\u00e9rie Amazon &#8211; News S\u00e9ries<\/span> <span class=\"meta-nav\">&rarr;<\/span><\/a><\/p>\n","protected":false},"author":1,"featured_media":7711,"comment_status":"","ping_status":"open","sticky":false,"template":"","format":"standard","meta":{"_sitemap_exclude":false,"_sitemap_priority":"","_sitemap_frequency":"","footnotes":""},"categories":[1],"tags":[],"class_list":["post-7710","post","type-post","status-publish","format-standard","has-post-thumbnail","hentry","category-tous"],"_links":{"self":[{"href":"http:\/\/www.affinite.fr\/index.php\/wp-json\/wp\/v2\/posts\/7710"}],"collection":[{"href":"http:\/\/www.affinite.fr\/index.php\/wp-json\/wp\/v2\/posts"}],"about":[{"href":"http:\/\/www.affinite.fr\/index.php\/wp-json\/wp\/v2\/types\/post"}],"author":[{"embeddable":true,"href":"http:\/\/www.affinite.fr\/index.php\/wp-json\/wp\/v2\/users\/1"}],"replies":[{"embeddable":true,"href":"http:\/\/www.affinite.fr\/index.php\/wp-json\/wp\/v2\/comments?post=7710"}],"version-history":[{"count":0,"href":"http:\/\/www.affinite.fr\/index.php\/wp-json\/wp\/v2\/posts\/7710\/revisions"}],"wp:featuredmedia":[{"embeddable":true,"href":"http:\/\/www.affinite.fr\/index.php\/wp-json\/wp\/v2\/media\/7711"}],"wp:attachment":[{"href":"http:\/\/www.affinite.fr\/index.php\/wp-json\/wp\/v2\/media?parent=7710"}],"wp:term":[{"taxonomy":"category","embeddable":true,"href":"http:\/\/www.affinite.fr\/index.php\/wp-json\/wp\/v2\/categories?post=7710"},{"taxonomy":"post_tag","embeddable":true,"href":"http:\/\/www.affinite.fr\/index.php\/wp-json\/wp\/v2\/tags?post=7710"}],"curies":[{"name":"wp","href":"https:\/\/api.w.org\/{rel}","templated":true}]}}