{"id":7708,"date":"2022-04-19T22:55:40","date_gmt":"2022-04-19T22:55:40","guid":{"rendered":"https:\/\/www.affinite.fr\/index.php\/2022\/04\/19\/son-poids-son-physique-atypique-et-une-queue-de-dragon-sur-la-gueule\/"},"modified":"2022-04-19T22:55:40","modified_gmt":"2022-04-19T22:55:40","slug":"son-poids-son-physique-atypique-et-une-queue-de-dragon-sur-la-gueule","status":"publish","type":"post","link":"http:\/\/www.affinite.fr\/index.php\/2022\/04\/19\/son-poids-son-physique-atypique-et-une-queue-de-dragon-sur-la-gueule\/","title":{"rendered":"Son poids, Son \u00ab\u00a0physique atypique\u00a0\u00bb (et une \u00ab\u00a0queue de dragon sur la gueule\u00a0\u00bb?)"},"content":{"rendered":"<p> [ad_1]<br \/>\n<br \/><img decoding=\"async\" src=\"https:\/\/img-3.journaldesfemmes.fr\/bOqBa3905hdlvvYaLw0mF2urPAY=\/1280x\/smart\/1e6af551aea94979bf082f35786a3b97\/ccmcms-jdf\/33655865.jpg\" \/><\/p>\n<p>\n                Sans cesse jug\u00e9e sur sa silhouette, Val\u00e9rie Damidot, 57\u00a0ans, en a soup\u00e9 des commentaires grossophobes. Amincie et bien dans sa peau, la star de la D\u00e9co s&rsquo;est confi\u00e9e sur comment elle avait pris \u00ab\u00a030\u00a0kilos\u00a0\u00bb, les r\u00e9gimes, le mariage avec R\u00e9gis, ses enfants Norman et Roxane&#8230;            <\/p>\n<div>\n<p><strong><a href=\"https:\/\/www.journaldesfemmes.fr\/people\/valerie-damidot\/\" title=\"Val\u00e9rie Damidot\">Val\u00e9rie Damidot<\/a> a perdu 14 kilos\u00a0en un an<\/strong> gr\u00e2ce \u00e0\u00a0<em><strong>Weight Watchers,<\/strong><\/em><em>\u00a0<\/em>dont elle est devenue l&rsquo;ambassadrice: \u00ab\u00a0<em>Je suis super contente. \u00c0 mon \u00e2ge, avec mes soucis de sant\u00e9 et la <a href=\"https:\/\/sante.journaldesfemmes.fr\/fiches-sexo-gyneco\/2504370-menopause-definition-age-premiers-symptomes-traitements\/\" title=\"M\u00e9nopause\">m\u00e9nopause<\/a>&#8230;\u00a0\u00bb, avait-elle confi\u00e9 en mars \u00e0 Public. <\/em>Car la p\u00e9tulante blonde\u00a0a subi de nombreuses <strong>critiques sur son poids<\/strong> depuis le d\u00e9but de sa carri\u00e8re. \u00ab\u00a0<em><strong>On m&rsquo;en a bien mis dans la gueule.<\/strong> Quand j&rsquo;ai d\u00e9marr\u00e9 en t\u00e9l\u00e9, j&rsquo;ai eu des journalistes aux questions exceptionnelles qu&rsquo;on ne poserait plus aujourd&rsquo;hui. J&rsquo;ai eu par exemple, un mec qui m&rsquo;a dit: &lsquo;\u00c7a fait quoi de faire un prime t\u00e9l\u00e9 avec un<strong> physique de radio<\/strong>?<\/em>&lsquo;\u00a0\u00bb, a-t-elle confi\u00e9 dans une interview \u00e0 <a href=\"https:\/\/www.gala.fr\/l_actu\/news_de_stars\/interview-valerie-damidot-tu-nas-pas-le-droit-detre-grosse-a-la-tele_491849\" target=\"_blank\" rel=\"noopener\"><em>Gala<\/em><\/a>. \u00ab\u00a0<em>D\u00e9j\u00e0 que je n&rsquo;ai pas commenc\u00e9 la t\u00e9l\u00e9 tr\u00e8s jeune, dans ce milieu o\u00f9 le jeunisme est fort, mais en plus<strong> j&rsquo;\u00e9tais en <a href=\"https:\/\/sante.journaldesfemmes.fr\/fiches-maladies\/2605101-surpoids-comment-savoir-que-faire\/\" title=\"Surcharge pond\u00e9rale\">surpoids<\/a>.<\/strong> Donc j&rsquo;avais ce truc de: &lsquo;La meuf cartonne, <strong>elle est grosse et elle est un peu \u00e2g\u00e9e<\/strong>&lsquo;. On m&rsquo;a dit: &lsquo;Vous brisez les codes<\/em>&lsquo;\u00a0\u00bb, s&rsquo;est-elle rem\u00e9mor\u00e9e.<\/p>\n<h2>Val\u00e9rie Damidot tr\u00e8s ronde&#8230; et\u00a0embauch\u00e9e chez M6 gr\u00e2ce \u00e0 ses mensurations XXL ?\u00a0\u00a0?<\/h2>\n<p>En 2006, Val\u00e9rie Damidot s&rsquo;est fait conna\u00eetre du grand public gr\u00e2ce \u00e0 son \u00e9mission <strong><em>D&amp;Co<\/em> sur M6<\/strong>. Mais les intentions de la cha\u00eene n&rsquo;\u00e9taient, au d\u00e9part, pas des plus honorables:\u00a0<em>\u00ab\u00a0M6\u00a0m&rsquo;a embauch\u00e9e parce qu&rsquo;ils \u00e9taient \u00e0 la recherche, je cite: &lsquo;<strong>Une Marianne James de la d\u00e9co<\/strong>&lsquo;.\u00a0En gros, <strong>une petite grosse sympathique<\/strong> parce qu&rsquo;\u00e0 l&rsquo;\u00e9poque Marianne James faisait La Nouvelle Star et qu&rsquo;elle plaisait beaucoup. Moi, j&rsquo;\u00e9tais la bonne pote,<strong> j&rsquo;\u00e9tais en salopette d\u00e9gueulasse avec de la peinture<\/strong>, j&rsquo;apprenais \u00e0 bricoler (rires)\u00a0\u00bb.<\/em><\/p>\n<h2>Val\u00e9rie Damidot : + 30kg apr\u00e8s la naissance de son fils<\/h2>\n<p>C&rsquo;est apr\u00e8s la <strong>naissance de son fils Norman<\/strong>, il y a plus de 26 ans, que Val\u00e9rie Damidot a connu une prise de poids significative. \u00ab\u00a0<em><strong>J&rsquo;ai pris 30\u00a0kilos <\/strong>et on ne peut pas faire autrement qu&rsquo;accepter, mais il y a un truc g\u00e9nial quand tu grossis, c&rsquo;est qu&rsquo;on pense toujours que <strong>les gros bouffent, que ce sont des gros porcs.<\/strong> On ne pense jamais \u00e0 un <strong>probl\u00e8me hormonal, \u00e0 une maladie, \u00e0 un dysfonctionnement<\/strong><\/em>\u00ab\u00a0, a-t-elle expliqu\u00e9 \u00e0 <em>Gala<\/em>.<\/p>\n<p>Or, Val\u00e9rie Damidot a un<strong> probl\u00e8me d&rsquo;hypothyro\u00efdie<\/strong>: \u00ab\u00a0<em>J&rsquo;ai essay\u00e9 <strong>de r\u00e9guler tout \u00e7a, de faire des <a href=\"https:\/\/www.journaldesfemmes.fr\/beaute\/conseils-forme-et-minceur\/2542594-regime-guide-complet-pour-perdre-du-poids\/\" title=\"R\u00e9gime\">r\u00e9gimes<\/a><\/strong>, mais le probl\u00e8me avec l&rsquo;hypothyro\u00efdie, c&rsquo;est que c&rsquo;est compliqu\u00e9 et bien souvent, on fait un r\u00e9gime pour pas grand-chose. Je faisais mal le truc, parce que moi c&rsquo;\u00e9tait tout l&rsquo;un ou tout l&rsquo;autre, donc je n&rsquo;avais pas une super image des r\u00e9gimes<\/em>\u00ab\u00a0.<\/p>\n<h2>Val\u00e9rie Damidot parle de son physique \u00ab\u00a0atypique\u00a0\u00bb<\/h2>\n<p>Face au regard des autres, l&rsquo;animatrice s&rsquo;est m\u00eame remise en question. <em>\u00ab\u00a0<strong>J&rsquo;avais toujours fait un 38-40<\/strong>\u00a0et d&rsquo;un seul coup, je suis pass\u00e9e au <strong>46<\/strong>. Et l\u00e0, les autres te font te demander si tu es normale ou pas. Au d\u00e9but, c&rsquo;\u00e9tait un peu dur. Et puis toutes les questions des journalistes qui faisaient des d\u00e9tours sur mon <strong>physique \u00ab\u00a0atypique\u00a0\u00bb. <\/strong>J&rsquo;ai eu ce mot alors que je n&rsquo;ai pas non plus une queue de dragon sur la gueule. Mais de quoi parle-t-on?<\/em>\u00ab\u00a0, s&rsquo;est-elle interrog\u00e9e, toujours dans <em>Gala<\/em>.<\/p>\n<p>Mais malgr\u00e9 tous les d\u00e9tracteurs, la pro de la d\u00e9co, <strong>\u00e2g\u00e9e de 57\u00a0ans<\/strong>, n&rsquo;a pas perdu confiance en elle.\u00a0\u00ab\u00a0<em>Je n&rsquo;ai pas ce truc de me sentir moche dans mon corps. Je vais \u00e0 la plage, je vais \u00e0 la piscine. <strong>J&rsquo;ai accept\u00e9 mon corps et je l&rsquo;aime<\/strong><\/em>\u00ab\u00a0, a assur\u00e9 l&rsquo;animatrice, bien dans ses baskets.<\/p>\n<h2>Val\u00e9rie Damidot : Couple et Mariage<\/h2>\n<p>Val\u00e9rie Damidot nage dans le bonheur avec <strong>R\u00e9gis Viogeat<\/strong>, ing\u00e9nieur du son, son <strong>compagnon depuis plus de 20 ans<\/strong>.\u00a0\u00ab\u00a0<em>Mon mec quand il m&rsquo;a rencontr\u00e9e, <strong>j&rsquo;\u00e9tais en surpoids, il m&rsquo;a aim\u00e9e<\/strong><\/em>\u00ab\u00a0, a-t-elle fait remarquer, avant d&rsquo;expliquer qu&rsquo;il avait \u00ab\u00a0<em>pris le package<\/em>\u00ab\u00a0.<\/p>\n<p>Malgr\u00e9 tout, l&rsquo;animatrice de 57 ans ne compte pas se marier avec celui qu&rsquo;elle aime.\u00a0\u00ab\u00a0<em>Parce que l&rsquo;organisation est dingue! Et le bl\u00e9 que \u00e7a co\u00fbte, c&rsquo;est fou! <strong>Je pr\u00e9f\u00e8re mettre mon argent ailleurs<\/strong> et<strong> faire un m\u00e9choui dans mon jardin avec mes amis<\/strong><\/em>\u00ab\u00a0, a-t-elle expliqu\u00e9.\u00a0D&rsquo;autant que Val\u00e9rie Damidot n&rsquo;a gu\u00e8re besoin d&rsquo;un contrat pour <strong>sceller son amour avec son ing\u00e9nieur du son<\/strong>. Ses enfants, Norman, 26\u00a0ans et Roxane, 28\u00a0ans, qu&rsquo;elle a eus avec un ancien amour, ont grandi avec R\u00e9gis Viogeat.\u00a0\u00ab\u00a0<em>Pour eux, <strong>R\u00e9gis est leur p\u00e8re<\/strong><\/em>\u00ab\u00a0, a-t-elle confi\u00e9.\u00a0<\/p>\n<h2>Val\u00e9rie Damidot se confie sur ses enfants Norman et Roxane<\/h2>\n<p>Tout comme Val\u00e9rie Damidot,\u00a0sa fille <strong>Roxane\u00a0<\/strong>est d&rsquo;ailleurs totalement bien dans sa peau: \u00ab\u00a0<em>Ma fille Roxane a toujours eu sa personnalit\u00e9, elle <strong>assume sa f\u00e9minit\u00e9<\/strong>. Elle est avec un mec depuis six ans<strong> qui l&rsquo;aime avec ses rondeurs<\/strong>. On dirait un Botticelli. Elle a une taille super fine, une peau claire, des formes. Elle assume totalement. Elle est nature et elle s&rsquo;\u00e9coute vachement. Elle n&rsquo;est pas sur l&rsquo;apparence<\/em>\u00ab\u00a0.<\/p>\n<p>Quant \u00e0 son fils, il est \u00ab\u00a0<strong><em>tr\u00e8s attentionn\u00e9 avec les femmes<\/em><\/strong>\u00ab\u00a0. Et d&rsquo;ajouter dans Gala: \u00ab\u00a0<em>Il a toujours eu des petites amies diff\u00e9rentes, des rondes, des moins rondes. Mais en m\u00eame temps, on a une famille tol\u00e9rante<\/em>\u00ab\u00a0.<\/p>\n<\/p><\/div>\n<p>[ad_2]<br \/>\n<br \/><a href=\"https:\/\/www.journaldesfemmes.fr\/people\/actus\/2806395-valerie-damidot-poids-enfants-regis-viogeat-couple-mariage-age\/\">Source link <\/a><\/p>\n","protected":false},"excerpt":{"rendered":"<p>[ad_1] Sans cesse jug\u00e9e sur sa silhouette, Val\u00e9rie Damidot, 57\u00a0ans, en a soup\u00e9 des commentaires grossophobes. Amincie et bien dans &hellip; <a href=\"http:\/\/www.affinite.fr\/index.php\/2022\/04\/19\/son-poids-son-physique-atypique-et-une-queue-de-dragon-sur-la-gueule\/\" class=\"more-link\">Plus <span class=\"screen-reader-text\">Son poids, Son \u00ab\u00a0physique atypique\u00a0\u00bb (et une \u00ab\u00a0queue de dragon sur la gueule\u00a0\u00bb?)<\/span> <span class=\"meta-nav\">&rarr;<\/span><\/a><\/p>\n","protected":false},"author":1,"featured_media":7709,"comment_status":"","ping_status":"open","sticky":false,"template":"","format":"standard","meta":{"_sitemap_exclude":false,"_sitemap_priority":"","_sitemap_frequency":"","footnotes":""},"categories":[1],"tags":[],"class_list":["post-7708","post","type-post","status-publish","format-standard","has-post-thumbnail","hentry","category-tous"],"_links":{"self":[{"href":"http:\/\/www.affinite.fr\/index.php\/wp-json\/wp\/v2\/posts\/7708"}],"collection":[{"href":"http:\/\/www.affinite.fr\/index.php\/wp-json\/wp\/v2\/posts"}],"about":[{"href":"http:\/\/www.affinite.fr\/index.php\/wp-json\/wp\/v2\/types\/post"}],"author":[{"embeddable":true,"href":"http:\/\/www.affinite.fr\/index.php\/wp-json\/wp\/v2\/users\/1"}],"replies":[{"embeddable":true,"href":"http:\/\/www.affinite.fr\/index.php\/wp-json\/wp\/v2\/comments?post=7708"}],"version-history":[{"count":0,"href":"http:\/\/www.affinite.fr\/index.php\/wp-json\/wp\/v2\/posts\/7708\/revisions"}],"wp:featuredmedia":[{"embeddable":true,"href":"http:\/\/www.affinite.fr\/index.php\/wp-json\/wp\/v2\/media\/7709"}],"wp:attachment":[{"href":"http:\/\/www.affinite.fr\/index.php\/wp-json\/wp\/v2\/media?parent=7708"}],"wp:term":[{"taxonomy":"category","embeddable":true,"href":"http:\/\/www.affinite.fr\/index.php\/wp-json\/wp\/v2\/categories?post=7708"},{"taxonomy":"post_tag","embeddable":true,"href":"http:\/\/www.affinite.fr\/index.php\/wp-json\/wp\/v2\/tags?post=7708"}],"curies":[{"name":"wp","href":"https:\/\/api.w.org\/{rel}","templated":true}]}}