{"id":7682,"date":"2022-04-12T19:39:41","date_gmt":"2022-04-12T19:39:41","guid":{"rendered":"https:\/\/www.affinite.fr\/index.php\/2022\/04\/12\/plus-belle-la-vie-en-avance-resume-de-lepisode-du-mercredi-13-avril-2022-spoilers-news-series-a-la-tv\/"},"modified":"2022-04-12T19:39:41","modified_gmt":"2022-04-12T19:39:41","slug":"plus-belle-la-vie-en-avance-resume-de-lepisode-du-mercredi-13-avril-2022-spoilers-news-series-a-la-tv","status":"publish","type":"post","link":"http:\/\/www.affinite.fr\/index.php\/2022\/04\/12\/plus-belle-la-vie-en-avance-resume-de-lepisode-du-mercredi-13-avril-2022-spoilers-news-series-a-la-tv\/","title":{"rendered":"Plus belle la vie en avance : r\u00e9sum\u00e9 de l&rsquo;\u00e9pisode du mercredi 13 avril 2022 [SPOILERS] &#8211; News S\u00e9ries \u00e0 la TV"},"content":{"rendered":"<p> [ad_1]<br \/>\n<\/p>\n<p>Dans le prochain \u00e9pisode de \u00ab\u00a0Plus belle la vie\u00a0\u00bb&#8230; Alors qu\u2019un cauchemar ressurgit pour Ariane, Delphine sort de prison mais Th\u00e9o reste \u00e0 l\u2019h\u00f4pital. Riva ne peut s\u2019emp\u00eacher d\u2019\u00eatre m\u00e9decin.<\/p>\n<div id=\"article-content\">\n<figure class=\"article-figure article-main-figure\">\n<img loading=\"lazy\" decoding=\"async\" class=\"article-figure-img\" width=\"654\" height=\"368\" src=\"https:\/\/fr.web.img6.acsta.net\/r_654_368\/newsv7\/22\/04\/11\/14\/42\/4751553.png\"\/><figcaption class=\"article-figcaption-copy\">Capture d&rsquo;\u00e9cran\/FTV<\/figcaption><\/figure>\n<p><strong>Attention, les paragraphes qui suivent contiennent des spoilers sur l&rsquo;\u00e9pisode de\u00a0<\/strong><a title=\"Plus belle la vie (France) (Drame,Soap)\" href=\"http:\/\/www.allocine.fr\/series\/ficheserie_gen_cserie=322.html\">Plus belle la vie<\/a><strong>\u00a0diffus\u00e9 demain soir sur France 3 !<\/strong><\/p>\n<p>Th\u00e9o prend une grande d\u00e9cision<\/p>\n<p>Franck rend visite \u00e0 Th\u00e9o pour l\u2019informer qu\u2019il sera innocent\u00e9 et que sa m\u00e8re va \u00eatre lib\u00e9r\u00e9e. Bien qu\u2019il se sente mieux gr\u00e2ce \u00e0 un traitement adapt\u00e9, Th\u00e9o est toujours en deuil de Coralie. Il est incapable de r\u00e9pondre \u00e0 Franck lorsque ce dernier lui propose de revenir vivre avec sa m\u00e8re et lui.<\/p>\n<p>Alors que Revel f\u00e9licite ses \u00e9quipes pour avoir boucl\u00e9 l\u2019enqu\u00eate sur le meurtre de Coralie, Franck retrouve C\u00e9line, Blanche et No\u00e9 au Marci. Ensemble, ils c\u00e9l\u00e8brent leur victoire. Derri\u00e8re le comptoir, Fanny surprend leur conversation. D\u00e9go\u00fbt\u00e9e, elle d\u00e9cide de prendre sa journ\u00e9e. \u00c0 la coloc, elle se confie \u00e0 Romain avant de d\u00e9cliner sa proposition de sortir se changer les id\u00e9es.<\/p>\n<p>Plus tard, Franck attend Delphine \u00e0 sa sortie de prison. Ils envisagent de vivre \u00e0 nouveau sous le m\u00eame toit avec Th\u00e9o. Franck assure d\u2019ailleurs \u00e0 sa compagne qu\u2019il est pr\u00eat \u00e0 l\u2019aider \u00e0 s\u2019occuper de son fils malgr\u00e9 sa bipolarit\u00e9.<\/p>\n<p>Mais quand Delphine va chercher son fils, celui-ci d\u00e9cide de rester en h\u00f4pital psychiatrique pour continuer de se faire soigner. Il ne se sent pas encore pr\u00eat \u00e0 affronter le monde ext\u00e9rieur sans Coralie. \u00c9mue, Delphine soutient sa d\u00e9cision.<\/p>\n<p><iframe loading=\"lazy\" src=\"http:\/\/embedftv-a.akamaihd.net\/781e13a55fed82f361004dd1339a1729\" width=\"560\" height=\"315\" frameborder=\"0\" allowfullscreen=\"\" scrolling=\"no\"><\/iframe><\/p>\n<p>\u00a0<\/p>\n<p>Gabriel d\u00e9couvre la r\u00e9alit\u00e9 du terrain<\/p>\n<p>En recevant son planning pour la journ\u00e9e, Gabriel juge C\u00e9dric incomp\u00e9tent et fain\u00e9ant. Il l\u2019appelle pour lui signaler des erreurs dans l\u2019emploi du temps et se rend compte que ce ne sont pas des erreurs. En effet, leur journ\u00e9e est tellement intense qu\u2019ils devront se passer d\u2019une pause d\u00e9jeuner.<\/p>\n<p>Plus tard, Gabriel prend sur lui face \u00e0 une patiente qu\u2019il doit transf\u00e9rer \u00e0 l\u2019h\u00f4pital et qui prend son temps \u00e0 lui raconter tous ses probl\u00e8mes. Gabriel remarque alors que ses sympt\u00f4mes sont d\u00fbs \u00e0 une interaction m\u00e9dicamenteuse. Il lui conseille de changer son traitement pour aller mieux. \u00c0 l\u2019h\u00f4pital, il est n\u00e9anmoins rappel\u00e9 \u00e0 l\u2019ordre par le m\u00e9decin de cette patiente, qui lui sugg\u00e8re de rester \u00e0 sa place de brancardier.<\/p>\n<p>\u00c0 la fin de la journ\u00e9e, Gabriel se d\u00e9tend autour d\u2019un verre avec Thomas et C\u00e9line. Celle-ci annonce qu\u2019il va devoir continuer son stage, mais que ses efforts commencent \u00e0 payer puisqu\u2019il a bient\u00f4t rendez-vous avec Jeanne et l\u2019un des m\u00e9decins du conseil de l\u2019ordre.<br \/><strong\/><\/p>\n<p>Ariane est confront\u00e9e \u00e0 son traumatisme<\/p>\n<p>Au commissariat, Revel nomme Jean-Paul comme rempla\u00e7ant de Ciss\u00e9, qui a \u00e9t\u00e9 mut\u00e9 \u00e0 Paris. Malgr\u00e9 sa d\u00e9ception, Ariane n\u2019est pas rancuni\u00e8re envers son ex.<\/p>\n<p>Alors que ce dernier s\u2019est absent\u00e9, Ariane rencontre Lombard, le lieutenant du commissariat de Cannes, qui tient express\u00e9ment \u00e0 s\u2019entretenir avec Jean-Paul. Ayant pris la mouche, Ariane ne se g\u00eane pas pour s\u2019incruster dans leur discussion. Elle d\u00e9couvre alors que la police de Cannes a retrouv\u00e9 un jeune homme mort dans le local abandonn\u00e9 d\u2019un cimeti\u00e8re. Si Lombard trouve des similitudes avec le mode op\u00e9ratoire de Jacob, Jean-Paul pense au contraire qu\u2019il s\u2019agit d\u2019un copycat. Perturb\u00e9e, Ariane pr\u00e9tend qu\u2019elle ne se souvient de rien.<\/p>\n<p>Plus tard, Ariane glane des informations aupr\u00e8s de Jean-Paul. Ce dernier s\u2019est mis d\u2019accord avec Lombard pour envoyer quelqu\u2019un sur place afin d\u2019\u00e9tudier les diff\u00e9rences avec le mode op\u00e9ratoire de Jacob. Alors que Jean-Paul compte envoyer \u00c9ric, Ariane le convainc de l\u2019envoyer \u00e0 titre officieux.<\/p>\n<p>Ariane se rend ensuite au stand de tir pour reprendre le contr\u00f4le de ses \u00e9motions. Mais elle est rattrap\u00e9e par son traumatisme, se rem\u00e9morant avoir \u00e9t\u00e9 attach\u00e9e et emmur\u00e9e par Jacob. Incapable de tirer, Ariane fond en larmes\u2026<\/p>\n<\/div>\n<p>[ad_2]<br \/>\n<br \/><a href=\"http:\/\/www.allocine.fr\/article\/fichearticle_gen_carticle=18708154.html\">Source link <\/a><\/p>\n","protected":false},"excerpt":{"rendered":"<p>[ad_1] Dans le prochain \u00e9pisode de \u00ab\u00a0Plus belle la vie\u00a0\u00bb&#8230; Alors qu\u2019un cauchemar ressurgit pour Ariane, Delphine sort de prison &hellip; <a href=\"http:\/\/www.affinite.fr\/index.php\/2022\/04\/12\/plus-belle-la-vie-en-avance-resume-de-lepisode-du-mercredi-13-avril-2022-spoilers-news-series-a-la-tv\/\" class=\"more-link\">Plus <span class=\"screen-reader-text\">Plus belle la vie en avance : r\u00e9sum\u00e9 de l&rsquo;\u00e9pisode du mercredi 13 avril 2022 [SPOILERS] &#8211; News S\u00e9ries \u00e0 la TV<\/span> <span class=\"meta-nav\">&rarr;<\/span><\/a><\/p>\n","protected":false},"author":1,"featured_media":7683,"comment_status":"","ping_status":"open","sticky":false,"template":"","format":"standard","meta":{"_sitemap_exclude":false,"_sitemap_priority":"","_sitemap_frequency":"","footnotes":""},"categories":[1],"tags":[],"class_list":["post-7682","post","type-post","status-publish","format-standard","has-post-thumbnail","hentry","category-tous"],"_links":{"self":[{"href":"http:\/\/www.affinite.fr\/index.php\/wp-json\/wp\/v2\/posts\/7682"}],"collection":[{"href":"http:\/\/www.affinite.fr\/index.php\/wp-json\/wp\/v2\/posts"}],"about":[{"href":"http:\/\/www.affinite.fr\/index.php\/wp-json\/wp\/v2\/types\/post"}],"author":[{"embeddable":true,"href":"http:\/\/www.affinite.fr\/index.php\/wp-json\/wp\/v2\/users\/1"}],"replies":[{"embeddable":true,"href":"http:\/\/www.affinite.fr\/index.php\/wp-json\/wp\/v2\/comments?post=7682"}],"version-history":[{"count":0,"href":"http:\/\/www.affinite.fr\/index.php\/wp-json\/wp\/v2\/posts\/7682\/revisions"}],"wp:featuredmedia":[{"embeddable":true,"href":"http:\/\/www.affinite.fr\/index.php\/wp-json\/wp\/v2\/media\/7683"}],"wp:attachment":[{"href":"http:\/\/www.affinite.fr\/index.php\/wp-json\/wp\/v2\/media?parent=7682"}],"wp:term":[{"taxonomy":"category","embeddable":true,"href":"http:\/\/www.affinite.fr\/index.php\/wp-json\/wp\/v2\/categories?post=7682"},{"taxonomy":"post_tag","embeddable":true,"href":"http:\/\/www.affinite.fr\/index.php\/wp-json\/wp\/v2\/tags?post=7682"}],"curies":[{"name":"wp","href":"https:\/\/api.w.org\/{rel}","templated":true}]}}