{"id":7680,"date":"2022-04-11T22:47:48","date_gmt":"2022-04-11T22:47:48","guid":{"rendered":"https:\/\/www.affinite.fr\/index.php\/2022\/04\/11\/le-30-montaigne-rend-hommage-aux-parfums-et-a-lunivers-dior\/"},"modified":"2022-04-11T22:47:48","modified_gmt":"2022-04-11T22:47:48","slug":"le-30-montaigne-rend-hommage-aux-parfums-et-a-lunivers-dior","status":"publish","type":"post","link":"http:\/\/www.affinite.fr\/index.php\/2022\/04\/11\/le-30-montaigne-rend-hommage-aux-parfums-et-a-lunivers-dior\/","title":{"rendered":"Le 30\u00a0Montaigne rend hommage aux parfums et \u00e0 l&rsquo;univers Dior"},"content":{"rendered":"<p> [ad_1]<br \/>\n<\/p>\n<p>\n                Restaurant, jardin, boutique ou encore salon, le 30\u00a0Montaigne ajoute une corde \u00e0 son arc avec la cr\u00e9ation d&rsquo;un univers floral in\u00e9dit. Un hommage aux parfums, et \u00e0 l&rsquo;univers de Dior qui r\u00e9sonne entre les murs du lieu le plus embl\u00e9matique de la maison de mode.            <\/p>\n<div>\n<p>Avec \u00e0 \u00a010 000\u00a0m2\u00a0de surface et des centaines de cr\u00e9ations signature\u00a0mises\u00a0\u00e0 disposition du grand public depuis son ouverture en mars dernier, difficile de penser que le nouveau <strong>temple du luxe<\/strong> aurait pu pousser l&rsquo;imaginaire de <strong><a href=\"https:\/\/www.journaldesfemmes.fr\/mode\/conseils-mode\/2738055-dior-cruise-2023-collection-croisiere-seville-16-juin-2022\/\" title=\"Christian Dior\">Dior<\/a><\/strong> encore plus loin.\u00a0Pourtant, c&rsquo;est chose faite.\u00a0Comme tout droit tir\u00e9 des pens\u00e9es du couturier en personne, c&rsquo;est un <strong>univers floral et sensoriel <\/strong>que propose le <strong>30 Montaigne<\/strong>\u00a0pour la\u00a0remasterisation\u00a0de son antre, bas\u00e9 sur l&rsquo;univers du parfum.\u00a0<\/p>\n<div style=\"text-align:center\">\n<figure class=\"image\" style=\"display:inline-block\"><img decoding=\"async\" alt=\"dior-boutique\" src=\"https:\/\/img-3.journaldesfemmes.fr\/boKzKRalzJfUZ7BlcVafuU4_MAc=\/450x\/smart\/df9815bddab44ed792d776b93850f32a\/ccmcms-jdf\/33443173.jpg\"\/><figcaption data-credit=\"Dior Beaut\u00e9\"><small>\u00a9\u00a0Dior Beaut\u00e9<\/small><\/figcaption><\/figure>\n<\/div>\n<p>Au programme, un d\u00e9cor agr\u00e9ment\u00e9 d&rsquo;<strong>\u0153uvres\u00a0florales<\/strong>\u00a0r\u00e9alis\u00e9es\u00a0par l&rsquo;artiste\u00a0Azuma\u00a0Makoto\u00a0en hommage \u00e0 la passion du couturier pour les jardins, mais aussi un ensemble de <strong>rouges \u00e0 l\u00e8vres<\/strong>, <strong>soins signature, accessoires et fragrances iconiques de la maison<\/strong>.\u00a0De quoi se replonger dans l&rsquo;univers si propre\u00a0au modiste, entre les murs qui ont fa\u00e7onn\u00e9 son histoire 76\u00a0ans plus t\u00f4t.<\/p>\n<div class=\"ccminsert\">\n<div class=\"ccminsert\">\n<aside class=\"jSNSTagCard sns-tag-card\">\n<div class=\"sns-tag-card__first-ct\"><img decoding=\"async\" class=\"sns-tag-card__picto\" src=\"https:\/\/img-3.journaldesfemmes.fr\/DwVaQ33M9ri0EzDxmP1AO0UcYik=\/500x500\/smart\/148da284c56d455fbf569111d2458ce9\/ccmcms-jdf\/33441914.jpg\" alt=\"Christian Dior\"\/><\/div>\n<\/aside>\n<\/div>\n<\/div>\n<h2>Des fragrances in\u00e9dites \u00e0 disposition<\/h2>\n<p>Si la maison de luxe a d\u00e9cid\u00e9 de mettre \u00e0 l&rsquo;honneur le parfum, elle ne l&rsquo;a pas fait de la plus ordinaire des mani\u00e8res.\u00a0En effet, \u00e0 cette occasion, la griffe a non seulement r\u00e9v\u00e9l\u00e9 la<strong> collection de parfums personnelle du couturier<\/strong>, mais aussi r\u00e9invent\u00e9 l&rsquo;\u00e9crin de ses <strong>fragrances iconiques<\/strong>.\u00a0Parmi elles, l&rsquo;eau de<strong> parfum <em>Miss Dior<\/em><\/strong>, r\u00e9appropri\u00e9e en une version mode\u00a0:\u00a0le n\u0153ud gris qui l&rsquo;ornait autrefois\u00a0a laiss\u00e9\u00a0la place \u00e0 un n\u0153ud imagin\u00e9 par la directrice artistique de la maison Maria Grazia\u00a0Chiuri.\u00a0Au m\u00eame titre que l&rsquo;iconique\u00a0<em>J&rsquo;adore<\/em>, d\u00e9clin\u00e9 en une \u00e9dition in\u00e9dite sign\u00e9e India Mahdavi, une<strong> fragrance<\/strong> disponible en seulement 1000\u00a0exemplaires \u00e0 travers le monde.\u00a0Un savant alliage entre l&rsquo;art et la beaut\u00e9 donc, que la griffe ma\u00eetrise comme personne !\u00a0<\/p>\n<div style=\"text-align:center\">\n<figure class=\"image\" style=\"display:inline-block\"><img decoding=\"async\" alt=\"parfum-miss-dior\" src=\"https:\/\/img-3.journaldesfemmes.fr\/BnS3SSNY_cLIoSjxFXBRvoUsoLU=\/450x\/smart\/70297feae5ed4303aeea96a69227e8f3\/ccmcms-jdf\/33443175.jpg\"\/><figcaption data-credit=\"Dior Beaut\u00e9\"><small>\u00a9\u00a0Dior Beaut\u00e9<\/small><\/figcaption><\/figure>\n<\/div>\n<h2>30\u00a0Montaigne propose une exp\u00e9rience sensorielle<\/h2>\n<p>Un d\u00e9cor somptueux, des pi\u00e8ces iconiques et in\u00e9dites\u2026\u00a0L&rsquo;exp\u00e9rience <strong>Dior<\/strong> ne se pr\u00eate\u00a0pas qu&rsquo;en surface\u00a0au\u00a030\u00a0Montaigne.\u00a0Car \u00e0 la boutique, au mus\u00e9e, et au restaurant d\u00e9j\u00e0 pr\u00e9sents s&rsquo;ajoute un<strong> salon priv\u00e9 de bien-\u00eatre<\/strong>.\u00a0<strong>Massages, soins signature<\/strong>\u00a0et <strong>maquillages\u00a0personnalis\u00e9s<\/strong>\u00a0par un\u00a0makeup\u00a0artist, tout est permis pour s&rsquo;offrir un moment <strong>Dior <\/strong>le temps d&rsquo;une\u00a0heure.\u00a0\u00a0Il n&rsquo;y a plus qu&rsquo;\u00e0 tenter\u00a0!\u00a0<\/p>\n<\/p><\/div>\n<p>[ad_2]<br \/>\n<br \/><a href=\"https:\/\/www.journaldesfemmes.fr\/beaute\/parfum\/2804277-le-30-montaigne-rend-hommage-aux-parfums-et-a-l-univers-dior\/\">Source link <\/a><\/p>\n","protected":false},"excerpt":{"rendered":"<p>[ad_1] Restaurant, jardin, boutique ou encore salon, le 30\u00a0Montaigne ajoute une corde \u00e0 son arc avec la cr\u00e9ation d&rsquo;un univers &hellip; <a href=\"http:\/\/www.affinite.fr\/index.php\/2022\/04\/11\/le-30-montaigne-rend-hommage-aux-parfums-et-a-lunivers-dior\/\" class=\"more-link\">Plus <span class=\"screen-reader-text\">Le 30\u00a0Montaigne rend hommage aux parfums et \u00e0 l&rsquo;univers Dior<\/span> <span class=\"meta-nav\">&rarr;<\/span><\/a><\/p>\n","protected":false},"author":1,"featured_media":7681,"comment_status":"","ping_status":"open","sticky":false,"template":"","format":"standard","meta":{"_sitemap_exclude":false,"_sitemap_priority":"","_sitemap_frequency":"","footnotes":""},"categories":[1],"tags":[],"class_list":["post-7680","post","type-post","status-publish","format-standard","has-post-thumbnail","hentry","category-tous"],"_links":{"self":[{"href":"http:\/\/www.affinite.fr\/index.php\/wp-json\/wp\/v2\/posts\/7680"}],"collection":[{"href":"http:\/\/www.affinite.fr\/index.php\/wp-json\/wp\/v2\/posts"}],"about":[{"href":"http:\/\/www.affinite.fr\/index.php\/wp-json\/wp\/v2\/types\/post"}],"author":[{"embeddable":true,"href":"http:\/\/www.affinite.fr\/index.php\/wp-json\/wp\/v2\/users\/1"}],"replies":[{"embeddable":true,"href":"http:\/\/www.affinite.fr\/index.php\/wp-json\/wp\/v2\/comments?post=7680"}],"version-history":[{"count":0,"href":"http:\/\/www.affinite.fr\/index.php\/wp-json\/wp\/v2\/posts\/7680\/revisions"}],"wp:featuredmedia":[{"embeddable":true,"href":"http:\/\/www.affinite.fr\/index.php\/wp-json\/wp\/v2\/media\/7681"}],"wp:attachment":[{"href":"http:\/\/www.affinite.fr\/index.php\/wp-json\/wp\/v2\/media?parent=7680"}],"wp:term":[{"taxonomy":"category","embeddable":true,"href":"http:\/\/www.affinite.fr\/index.php\/wp-json\/wp\/v2\/categories?post=7680"},{"taxonomy":"post_tag","embeddable":true,"href":"http:\/\/www.affinite.fr\/index.php\/wp-json\/wp\/v2\/tags?post=7680"}],"curies":[{"name":"wp","href":"https:\/\/api.w.org\/{rel}","templated":true}]}}