{"id":768,"date":"2020-03-17T23:15:44","date_gmt":"2020-03-17T23:15:44","guid":{"rendered":"https:\/\/www.affinite.fr\/index.php\/2020\/03\/17\/liphone-12-devrait-enfin-integrer-une-camera-3d-pour-grandement-ameliorer-photo-et-realite-augmentee\/"},"modified":"2020-03-17T23:15:44","modified_gmt":"2020-03-17T23:15:44","slug":"liphone-12-devrait-enfin-integrer-une-camera-3d-pour-grandement-ameliorer-photo-et-realite-augmentee","status":"publish","type":"post","link":"http:\/\/www.affinite.fr\/index.php\/2020\/03\/17\/liphone-12-devrait-enfin-integrer-une-camera-3d-pour-grandement-ameliorer-photo-et-realite-augmentee\/","title":{"rendered":"L\u2019iPhone 12 devrait enfin int\u00e9grer une cam\u00e9ra 3D pour grandement \u00a0am\u00e9liorer photo et r\u00e9alit\u00e9 augment\u00e9e"},"content":{"rendered":"<p> [ad_1]<br \/>\n<br \/><img decoding=\"async\" src=\"https:\/\/img.bfmtv.com\/i\/0\/0\/1cd\/8bafc3e41d987d3c14cec626e7fbe.jpg\" \/><\/p>\n<div itemprop=\"articleBody\">\n<p>Il devrait \u00eatre l\u2019un des composants importants du prochain iPhone. Un syst\u00e8me de cam\u00e9ra 3D pourrait \u00eatre enfin incorpor\u00e9 \u00e0 l&rsquo;offre optique arri\u00e8re de\u00a0la prochaine g\u00e9n\u00e9ration de smartphones d\u2019Apple.<br \/>Ce nouveau module, appel\u00e9 ToF, pour <em>Time of Flight<\/em>,\u00a0mesure le temps que prend un faisceau\u00a0laser parti de l&rsquo;appareil pour y revenir. C&rsquo;est un moyen \u00a0pr\u00e9cis de mesurer\u00a0les distances, les profondeurs dans un espace 3D. Cela permet d\u2019isoler les sujets de leur environnement\u00a0pour, par exemple, y appliquer un effet de bokeh en mode portrait.<\/p>\n<p>Ce syst\u00e8me d\u2019\u00e9valuation des profondeurs est d\u00e9j\u00e0 utilis\u00e9 par Apple pour son capteur TrueDepth en fa\u00e7ade de ses iPhone \u00e9quip\u00e9s de Face ID. Il permet de reconna\u00eetre de mani\u00e8re plus pr\u00e9cise le propri\u00e9taire de l\u2019iPhone pour d\u00e9verrouiller l&rsquo;appareil.<br \/>D\u2019apr\u00e8s <em>Fast Company,<\/em>\u00a0qui a obtenu l\u2019information d\u2019une source qui souhaite rester anonyme, c\u2019est d\u2019ailleurs Lumentum, qui fournit d\u00e9j\u00e0 Apple pour Face ID, qui devrait \u00e9galement fournir ce nouveau syst\u00e8me.<\/p>\n<h3 style=\"color:#333; font-family:arial,helvetica,sans-serif; font-size:23px; font-weight:700\">Un pas suppl\u00e9mentaire vers la r\u00e9alit\u00e9 augment\u00e9e<\/h3>\n<p>En int\u00e9grant ce syst\u00e8me de \u00ab\u00a0cam\u00e9ra temps de vol \u00bb\u00a0au module photo principal de son prochain iPhone, Apple pourrait l\u2019utiliser non seulement pour la photo, mais surtout pour la r\u00e9alit\u00e9 augment\u00e9e.<br \/>On sait qu\u2019une application d\u00e9di\u00e9e (<a href=\"https:\/\/www.01net.com\/actualites\/iphone-9-nouvel-ipad-pro-airtag-ios-14-continue-de-reveler-les-futures-nouveautes-d-apple-1872672.html\" target=\"_blank\" rel=\"noopener noreferrer\">nom de code \u00ab\u00a0Gobi\u00a0\u00bb<\/a>) est pr\u00e9vue dans iOS 14. Elle permettrait notamment en boutique de pointer son iPhone vers un produit et de voir appara\u00eetre ses caract\u00e9ristiques autour de lui.<\/p>\n<aside class=\"bg-color-0 padding-inside-all-s bloc border-s\">\n<h4 class=\"box-txt-normal\">\n<p><strong>A d\u00e9couvrir aussi en vid\u00e9o<\/strong><\/p>\n<\/h4>\n<\/aside>\n<p>Apple ne serait pas la premi\u00e8re marque \u00e0 int\u00e9grer une cam\u00e9ra 3D \u00e0 ses smartphones. Samsung l\u2019a par exemple d\u00e9j\u00e0 fait sur des <a href=\"https:\/\/www.01net.com\/tests\/test-du-samsung-galaxy-note-10-plus-un-ecran-colossal-pour-un-smartphone-de-competition-6280.html\" target=\"_blank\" rel=\"noopener noreferrer\">Galaxy Note 10+<\/a>, <a href=\"https:\/\/www.01net.com\/tests\/samsung-galaxy-s20-fiche-technique-60786.html\" target=\"_blank\" rel=\"noopener noreferrer\">S20+<\/a> et <a href=\"https:\/\/www.01net.com\/tests\/test-du-samsung-galaxy-s20-ultra-le-smartphone-de-la-demesure-6422.html\" target=\"_blank\" rel=\"noopener noreferrer\">S20 Ultra<\/a>.<br \/>Elle permet entre autres de r\u00e9gler l\u2019intensit\u00e9 du flou d\u2019arri\u00e8re plan sur les photos et les vid\u00e9os, mais aussi de mesurer la taille et le volume d\u2019objets. On sait qu\u2019<a href=\"https:\/\/www.01net.com\/actualites\/pour-le-patron-d-apple-la-realite-augmentee-sera-aussi-revolutionnaire-que-les-smartphones-1102234.html\" target=\"_blank\" rel=\"noopener noreferrer\">Apple croit beaucoup \u00e0 la r\u00e9alit\u00e9 augment\u00e9e<\/a>, les nombreuses d\u00e9clarations de Tim Cook \u00e0 ce sujet en t\u00e9moignent. Ce composant permettrait de donner \u00e0 ses smartphones les moyens de ses ambitions.<\/p>\n<p><strong>Source : <a href=\"https:\/\/www.fastcompany.com\/90474966\/the-next-iphone-will-get-a-world-facing-3d-camera\" target=\"_blank\" rel=\"noopener noreferrer\">Fast Company<\/a><\/strong><\/p>\n<\/p><\/div>\n<p><script>\n         !function(f,b,e,v,n,t,s){if(f.fbq)return;n=f.fbq=function()\n         {n.callMethod? n.callMethod.apply(n,arguments):n.queue.push(arguments)}\n         ;if(!f._fbq)f._fbq=n;\n             n.push=n;n.loaded=!0;n.version='2.0';n.queue=[];t=b.createElement(e);t.async=!0;\n             t.src=v;s=b.getElementsByTagName(e)[0];s.parentNode.insertBefore(t,s)}(window,\n                 document,'script','https:\/\/connect.facebook.net\/en_US\/fbevents.js');\n         fbq('init', '1065890633454496');\n         fbq('track', 'PageView');\n     <\/script><br \/>\n<br \/>[ad_2]<br \/>\n<br \/><a href=\"https:\/\/www.01net.com\/actualites\/l-iphone-12-devrait-enfin-integrer-une-camera-3d-pour-grandement-ameliorer-photo-et-realite-augmentee-1873594.html\">Source link <\/a><\/p>\n","protected":false},"excerpt":{"rendered":"<p>[ad_1] Il devrait \u00eatre l\u2019un des composants importants du prochain iPhone. Un syst\u00e8me de cam\u00e9ra 3D pourrait \u00eatre enfin incorpor\u00e9 &hellip; <a href=\"http:\/\/www.affinite.fr\/index.php\/2020\/03\/17\/liphone-12-devrait-enfin-integrer-une-camera-3d-pour-grandement-ameliorer-photo-et-realite-augmentee\/\" class=\"more-link\">Plus <span class=\"screen-reader-text\">L\u2019iPhone 12 devrait enfin int\u00e9grer une cam\u00e9ra 3D pour grandement \u00a0am\u00e9liorer photo et r\u00e9alit\u00e9 augment\u00e9e<\/span> <span class=\"meta-nav\">&rarr;<\/span><\/a><\/p>\n","protected":false},"author":1,"featured_media":769,"comment_status":"open","ping_status":"open","sticky":false,"template":"","format":"standard","meta":{"_sitemap_exclude":false,"_sitemap_priority":"","_sitemap_frequency":"","footnotes":""},"categories":[1],"tags":[],"class_list":["post-768","post","type-post","status-publish","format-standard","has-post-thumbnail","hentry","category-tous"],"_links":{"self":[{"href":"http:\/\/www.affinite.fr\/index.php\/wp-json\/wp\/v2\/posts\/768"}],"collection":[{"href":"http:\/\/www.affinite.fr\/index.php\/wp-json\/wp\/v2\/posts"}],"about":[{"href":"http:\/\/www.affinite.fr\/index.php\/wp-json\/wp\/v2\/types\/post"}],"author":[{"embeddable":true,"href":"http:\/\/www.affinite.fr\/index.php\/wp-json\/wp\/v2\/users\/1"}],"replies":[{"embeddable":true,"href":"http:\/\/www.affinite.fr\/index.php\/wp-json\/wp\/v2\/comments?post=768"}],"version-history":[{"count":0,"href":"http:\/\/www.affinite.fr\/index.php\/wp-json\/wp\/v2\/posts\/768\/revisions"}],"wp:featuredmedia":[{"embeddable":true,"href":"http:\/\/www.affinite.fr\/index.php\/wp-json\/wp\/v2\/media\/769"}],"wp:attachment":[{"href":"http:\/\/www.affinite.fr\/index.php\/wp-json\/wp\/v2\/media?parent=768"}],"wp:term":[{"taxonomy":"category","embeddable":true,"href":"http:\/\/www.affinite.fr\/index.php\/wp-json\/wp\/v2\/categories?post=768"},{"taxonomy":"post_tag","embeddable":true,"href":"http:\/\/www.affinite.fr\/index.php\/wp-json\/wp\/v2\/tags?post=768"}],"curies":[{"name":"wp","href":"https:\/\/api.w.org\/{rel}","templated":true}]}}