{"id":7662,"date":"2022-04-07T19:37:02","date_gmt":"2022-04-07T19:37:02","guid":{"rendered":"https:\/\/www.affinite.fr\/index.php\/2022\/04\/07\/balthazar-sur-tf1-le-final-inattendu-de-la-saison-4-le-bebe-de-maya-la-creatrice-nous-dit-tout-news-series\/"},"modified":"2022-04-07T19:37:02","modified_gmt":"2022-04-07T19:37:02","slug":"balthazar-sur-tf1-le-final-inattendu-de-la-saison-4-le-bebe-de-maya-la-creatrice-nous-dit-tout-news-series","status":"publish","type":"post","link":"http:\/\/www.affinite.fr\/index.php\/2022\/04\/07\/balthazar-sur-tf1-le-final-inattendu-de-la-saison-4-le-bebe-de-maya-la-creatrice-nous-dit-tout-news-series\/","title":{"rendered":"Balthazar sur TF1 : le final inattendu de la saison 4, le b\u00e9b\u00e9 de Maya&#8230; La cr\u00e9atrice nous dit tout &#8211; News S\u00e9ries"},"content":{"rendered":"<p> [ad_1]<br \/>\n<\/p>\n<p>Alors que TF1 diffuse ce soir l&rsquo;avant-dernier \u00e9pisode de la saison 4 de \u00ab\u00a0Balthazar\u00a0\u00bb, la cr\u00e9atrice de la s\u00e9rie r\u00e9pond \u00e0 nos questions sur cette quatri\u00e8me fourn\u00e9e et nous tease la fin de saison qui explore l&rsquo;enfance du h\u00e9ros jou\u00e9 par Tomer Sisley.<\/p>\n<div id=\"article-content\">\n<figure class=\"player player-auto-play js-player\" data-model=\"{&quot;videos&quot;:[{&quot;id&quot;:19595779,&quot;sources&quot;:{&quot;high&quot;:&quot;https:\/\/fr.vid.web.acsta.net\/nmedia\/33\/22\/02\/23\/11\/19595779_hd_013.mp4&quot;,&quot;low&quot;:&quot;https:\/\/fr.vid.web.acsta.net\/nmedia\/33\/22\/02\/23\/11\/19595779_l_013.mp4&quot;,&quot;medium&quot;:&quot;https:\/\/fr.vid.web.acsta.net\/nmedia\/33\/22\/02\/23\/11\/19595779_m_013.mp4&quot;,&quot;standard&quot;:&quot;https:\/\/fr.vid.web.acsta.net\/nmedia\/33\/22\/02\/23\/11\/19595779_sd_013.mp4&quot;},&quot;image&quot;:&quot;\/videothumbnails\/22\/02\/23\/11\/50\/0131034.jpg&quot;,&quot;title&quot;:&quot;Balthazar - saison 4 Teaser VF&quot;,&quot;trackingIdentifier&quot;:&quot;19595779-balthazar_saison_4_teaser_vf&quot;,&quot;embedUrl&quot;:&quot;ACraHRACr0cHM6Ly9wbGF5ZXIuYWxsb2NpbmUuZnIvMTk1OTU3NzkuaHRtbA==&quot;,&quot;file_type&quot;:&quot;TEASER&quot;,&quot;description&quot;:&quot;Balthazar - saison 4 Teaser VF&quot;,&quot;duration&quot;:38,&quot;view_count&quot;:84036,&quot;added_at&quot;:{&quot;date&quot;:&quot;2022-02-23 11:49:00.000000&quot;,&quot;timezone_type&quot;:3,&quot;timezone&quot;:&quot;Europe\/Paris&quot;},&quot;metas&quot;:{&quot;id_main_show&quot;:null,&quot;name_main_show&quot;:null,&quot;image_main_show&quot;:null,&quot;id_main_movie&quot;:null,&quot;name_main_movie&quot;:null,&quot;image_main_movie&quot;:null,&quot;id_main_series&quot;:23123,&quot;name_main_series&quot;:&quot;Balthazar&quot;,&quot;image_main_series&quot;:null,&quot;id_main_season&quot;:40670,&quot;name_main_season&quot;:null,&quot;image_main_season&quot;:null,&quot;main_season_number&quot;:4,&quot;id_main_person&quot;:null,&quot;name_main_person&quot;:null,&quot;image_main_person&quot;:null,&quot;use_portal&quot;:null,&quot;release_date_main_movie&quot;:null,&quot;nb_days_release_main_movie&quot;:null,&quot;id_meta_category&quot;:null,&quot;name_meta_category&quot;:null,&quot;localized_file_type&quot;:null,&quot;trans_file_type&quot;:null,&quot;main_movie_type&quot;:null,&quot;main_season_rating&quot;:null,&quot;main_series_rating&quot;:null,&quot;main_season_user_note_count&quot;:null,&quot;genre_main_movie&quot;:null,&quot;genre_main_series&quot;:null,&quot;release_status_movie&quot;:null,&quot;release_status_series&quot;:null},&quot;relatedEntityType&quot;:&quot;series&quot;,&quot;relatedEntityId&quot;:23123,&quot;relatedEntityTitle&quot;:&quot;Balthazar&quot;,&quot;entityStatus&quot;:&quot;in_progress&quot;,&quot;relatedEntityTrackingIdentifier&quot;:&quot;23123-balthazar&quot;}],&quot;disablePreroll&quot;:false,&quot;disablePostroll&quot;:false,&quot;endScreen&quot;:true,&quot;context&quot;:&quot;newspage_news&quot;,&quot;launch&quot;:&quot;auto-play&quot;,&quot;followScroll&quot;:true,&quot;editorialContent&quot;:&quot;18708589-balthazar_sur_tf1_le_final_inattendu_de_la_saison_4_le_bebe_de_maya_la_creatrice_nous_dit_tout&quot;,&quot;disableAutoPause&quot;:true,&quot;player_position&quot;:&quot;playertop&quot;}\" data-thumb=\"https:\/\/fr.web.img5.acsta.net\/r_640_360\/videothumbnails\/22\/02\/23\/11\/50\/0131034.jpg\">\n<\/figure>\n<p>Apr\u00e8s un \u00e9pisode sp\u00e9cial jeudi dernier durant lequel\u00a0<a title=\"Balthazar (France) (Policier,Thriller)\" href=\"http:\/\/www.allocine.fr\/series\/ficheserie_gen_cserie=23123.html\">Balthazar<\/a> \u00e9tait suivi au sein de l&rsquo;institut m\u00e9dico-l\u00e9gal par l&rsquo;\u00e9quipe d&rsquo;un documentaire vid\u00e9o, la s\u00e9rie polici\u00e8re \u00e0 succ\u00e8s, qui continue de cartonner semaine apr\u00e8s semaine sur TF1, continue ce soir avec la premi\u00e8re partie du double \u00e9pisode final de la saison 4, qui va enfin explorer le pass\u00e9 familial et l&rsquo;enfance du h\u00e9ros.<\/p>\n<p>\u00c0 cette occasion, la productrice et sc\u00e9nariste <a title=\"Clothilde Jamin (France) (Sc\u00e9nariste,Cr\u00e9ateur,Cr\u00e9ateur\/Showrunner)\" href=\"http:\/\/www.allocine.fr\/personne\/fichepersonne_gen_cpersonne=643851.html\">Clothilde Jamin<\/a>, qui a cr\u00e9\u00e9 Balthazar avec <a title=\"Cl\u00e9lia Constantine (France) (Sc\u00e9nariste,Cr\u00e9ateur,Cr\u00e9ateur\/Showrunner)\" href=\"http:\/\/www.allocine.fr\/personne\/fichepersonne_gen_cpersonne=264863.html\">Cl\u00e9lia Constantine<\/a>, revient pour nous sur les \u00e9v\u00e9nements majeurs de la saison 4, et notamment sur les arriv\u00e9es de Camille Costes et d&rsquo;Olivia V\u00e9sinet. Et nous en dit plus sur ce final inattendu, qui voit le l\u00e9giste camp\u00e9 par\u00a0<a title=\"Tomer Sisley (France,Allemagne,Isra\u00ebl) (Acteur,Sc\u00e9nariste,R\u00e9alisateur)\" href=\"http:\/\/www.allocine.fr\/personne\/fichepersonne_gen_cpersonne=91890.html\">Tomer Sisley<\/a> retourner dans son village d&rsquo;enfance pour enqu\u00eater sur une affaire de vaches assassin\u00e9es&#8230; et sur la mort d&rsquo;une de ses plus vieilles amies.<\/p>\n<p><strong>AlloCin\u00e9 : La saison 4 de Baltahzar a \u00e9videmment \u00e9t\u00e9 marqu\u00e9e par l&rsquo;arriv\u00e9e de\u00a0<a title=\"Constance Labb\u00e9 (France) (Acteur)\" href=\"http:\/\/www.allocine.fr\/personne\/fichepersonne_gen_cpersonne=756880.html\">Constance Labb\u00e9<\/a> dans le r\u00f4le de Camille Costes. Comment ce nouveau personnage a-t-il \u00e9t\u00e9 imagin\u00e9 ? Qu\u2019aviez-vous envie de faire avec Camille ?<\/strong><\/p>\n<p><span class=\"ACrL3BACrlcnNvbm5lL2ZpY2hlcGVyc29ubmVfZ2VuX2NwZXJzb25uZT02NDM4NTEuaHRtbA==\" title=\"Clothilde Jamin (France) (Sc\u00e9nariste,Cr\u00e9ateur,Cr\u00e9ateur\/Showrunner)\"><strong>Clothilde Jamin<\/strong><\/span>\u00a0: Notre envie majeure c\u2019\u00e9tait de ne surtout pas refaire H\u00e9l\u00e8ne. Et ce n\u2019\u00e9tait pas \u00e9vident car <a href=\"\/\/www.allocine.fr\/article\/fichearticle_gen_carticle=18708449.html\">H\u00e9l\u00e8ne avait une place hyper importante dans la s\u00e9rie<\/a>, un rapport avec Balthazar qui \u00e9tait bas\u00e9 sur une relation romantique chien-chat. On refusait tout simplement de faire \u00e7a, car on savait que, dans le c\u0153ur des t\u00e9l\u00e9spectateurs, remplacer la relation romantique avec H\u00e9l\u00e8ne par une relation romantique avec un autre personnage, \u00e7a aurait \u00e9t\u00e9 per\u00e7u comme une trahison.<\/p>\n<p>D\u2019embl\u00e9e, on s\u2019est dit \u00ab\u00a0Il faut que le rapport entre les deux soit extr\u00eamement diff\u00e9rent\u00a0\u00bb. On est donc parti sur un rapport de buddy movie, presque fraternel entre Camille et Balthazar. Autant Baltahzar et H\u00e9l\u00e8ne n\u2019avaient rien en commun, et c\u2019est aussi pour \u00e7a qu\u2019il y avait cette alchimie entre eux, autant l\u00e0 on avait envie de cr\u00e9er quelque part un alter ego pour Balthazar, qui soit quasiment son miroir.<\/p>\n<p>Camille est assez solitaire, elle est casse-cou, elle a un c\u00f4t\u00e9 un peu rev\u00eache mais au fond elle a un c\u0153ur tendre. C\u2019est un personnage avec beaucoup d\u2019humour, assez moderne, qu\u2019on a vraiment con\u00e7u comme un miroir du h\u00e9ros.<\/p>\n<p><strong>Et contrairement \u00e0 H\u00e9l\u00e8ne, Camille est elle aussi entour\u00e9e de myst\u00e8re. Vous aviez envie d\u2019un nouveau fil rouge qui ne soit pas centr\u00e9, cette fois-ci, sur Balthazar ?<\/strong><\/p>\n<p>On avait envie d\u2019avoir deux solitudes. Balthazar est quelqu\u2019un qui s\u2019est lui-m\u00eame un peu coffr\u00e9 dans une sorte de solitude. Et on voulait que Camille soit aussi une autre forme de solitude. C\u2019est une sorte de Lucky Luke, elle arrive, on ne sait pas combien de temps elle va rester, ni d\u2019o\u00f9 elle vient.<\/p>\n<p>On comprend qu\u2019il s\u2019est pass\u00e9 quelque chose qui a fait qu\u2019elle s\u2019est coup\u00e9e du reste du monde. Elle se lie tr\u00e8s difficilement. Et on voulait mettre en sc\u00e8ne la rencontre de ces deux solitudes et voir ce que \u00e7a allait donner. C\u2019est un myst\u00e8re qui va se poursuivre en saison 5. On va d\u00e9couvrir pourquoi Camille est Camille.<\/p>\n<div class=\"article-figure-holder\">\n<figure class=\"article-figure mceNonEditable\">\n<img loading=\"lazy\" decoding=\"async\" class=\"article-figure-img\" src=\"data:image\/gif;base64,R0lGODlhAgABAPAAAAAAAAAAACH5BAEAAAAAIf8LSW1hZ2VNYWdpY2sNZ2FtbWE9MC40NTQ1NQAsAAAAAAIAAQAAAgIECgA7\" data-src=\"https:\/\/fr.web.img6.acsta.net\/newsv7\/22\/04\/06\/21\/18\/1639726.jpg\" width=\"640\" height=\"320\"\/><br \/>\n<span class=\"article-figcaption-copy\">TF1<\/span><br \/>\n<\/figure>\n<\/div>\n<p><strong>Balthazar et Camille ont eu une br\u00e8ve aventure il y a quelques ann\u00e9es. Doit-on y voir un signe que quelque chose pourrait tout de m\u00eame \u00e0 nouveau se passer entre eux un jour ? Ou refusez-vous cette \u00e9ventualit\u00e9 avec les auteurs ?<\/strong><\/p>\n<p>En tout cas, ce qu\u2019on ne voulait pas c\u2019est que ce ne soit pas arriv\u00e9. Le fait que ce soit arriv\u00e9, \u00e7a cl\u00f4t quelque part le d\u00e9bat. Et \u00e7a nous faisait beaucoup rire que Balthazar se souvienne d\u2019elle et pas l\u2019inverse. Que pour une fois ce ne soit pas lui qui tienne les r\u00eanes de la s\u00e9duction.<\/p>\n<p>Apr\u00e8s, la suite, je n\u2019ai pas envie d\u2019en parler. C\u2019est \u00e7a aussi qui fait le sel du principe de la s\u00e9rie : le fait de ne pas savoir. On peut \u00eatre tr\u00e8s amis et \u00e7a peut d\u00e9raper, ou au contraire \u00eatre amis et il ne se passe jamais rien. Tout est tr\u00e8s ouvert je pense.<\/p>\n<p><strong>L\u2019autre nouveaut\u00e9 de la saison c\u2019est l\u2019arriv\u00e9e de\u00a0<a title=\"Caterina Murino (Italie) (Acteur)\" href=\"http:\/\/www.allocine.fr\/personne\/fichepersonne_gen_cpersonne=98747.html\">Caterina Murino<\/a> dans le r\u00f4le d\u2019Olivia Vesinet, qui vient \u00e9valuer Balthazar au sein de l\u2019IML. Est-ce que l\u2019introduction de ce personnage vous permettait de pr\u00e9-figurer la \u00ab\u00a0chute\u00a0\u00bb de Balthazar, qui perd de plus en plus pied au fil des \u00e9pisodes de cette saison 4 ?<\/strong><\/p>\n<p>On avait envie de donner un alter ego professionnel \u00e0 Balthazar. Il passe son temps \u00e0 dire qu\u2019il est le roi de la m\u00e9decine l\u00e9gale, qu\u2019il est le plus jeune directeur de l\u2019institut m\u00e9dico-l\u00e9gal de Paris, c\u2019est vraiment le dieu en son royaume. Et on trouvait \u00e7a assez int\u00e9ressant de mettre en face de lui quelqu\u2019un qui repr\u00e9sente l\u2019autorit\u00e9 de l\u2019institution, ce qu\u2019il ne respecte jamais car il a 5 ans d\u2019\u00e2ge mental (rires).<\/p>\n<p>Et en plus c&rsquo;est quelqu\u2019un qui, en termes de profession, est \u00e0 son niveau. Ce n\u2019est pas forc\u00e9ment lui qui gagne face \u00e0 elle. Et la rigidit\u00e9 du personnage et son c\u00f4t\u00e9 protocolaire, c\u2019est g\u00e9nial sur le plan de la com\u00e9die. Il y avait un gros potentiel.<\/p>\n<p><strong>Caterina Murino sera-t-elle toujours pr\u00e9sente dans la s\u00e9rie en saison 5 ?<\/strong><\/p>\n<p>On travaille actuellement sur la saison 5, je ne peux rien dire \u00e0 ce sujet. Il est encore trop t\u00f4t pour en parler.<\/p>\n<div class=\"article-figure-holder\">\n<figure class=\"article-figure mceNonEditable\">\n<img loading=\"lazy\" decoding=\"async\" class=\"article-figure-img\" src=\"data:image\/gif;base64,R0lGODlhAgABAPAAAAAAAAAAACH5BAEAAAAAIf8LSW1hZ2VNYWdpY2sNZ2FtbWE9MC40NTQ1NQAsAAAAAAIAAQAAAgIECgA7\" data-src=\"https:\/\/fr.web.img5.acsta.net\/newsv7\/22\/04\/06\/21\/19\/1692487.jpg\" width=\"640\" height=\"320\"\/><br \/>\n<span class=\"article-figcaption-copy\">Christine Tamalet\/TF1<\/span><br \/>\n<\/figure>\n<\/div>\n<p><strong>Etait-ce compliqu\u00e9 d\u2019arriver \u00e0 trouver une place \u00e0 Lise et \u00e0 Maya dans cette quatri\u00e8me saison, alors que le fil rouge sur la mort de Lise avait \u00e9t\u00e9 r\u00e9solu en saison 3 ?<\/strong><\/p>\n<p>Lise (<a title=\"Pauline Cheviller (France) (Acteur)\" href=\"http:\/\/www.allocine.fr\/personne\/fichepersonne_gen_cpersonne=616140.html\">Pauline Cheviller<\/a>), pour nous, c\u2019est un des piliers de la s\u00e9rie. C\u2019est Balthazar, en r\u00e9alit\u00e9. Mais ce qui \u00e9tait int\u00e9ressant cette ann\u00e9e c\u2019\u00e9tait de twister le personnage de Lise pour le traiter de fa\u00e7on diff\u00e9rente. Dans la mesure o\u00f9 c\u2019est une projection de Balthazar, ce qu\u2019il imagine de Lise \u00e9volue en fonction de son \u00e9tat d\u2019esprit. Et en saison 4 il n\u2019est clairement pas au top de sa forme.<\/p>\n<p>Donc Lise prend une autre forme. On est vraiment sur le bon et le mauvais d\u00e9mons perch\u00e9s sur chaque \u00e9paule. Et on est plut\u00f4t all\u00e9 du mauvais c\u00f4t\u00e9, c\u2019\u00e9tait super int\u00e9ressant.<\/p>\n<p>Quant \u00e0 Maya (<a title=\"Leslie Medina (France) (Acteur)\" href=\"http:\/\/www.allocine.fr\/personne\/fichepersonne_gen_cpersonne=749091.html\">Leslie Medina<\/a>), elle a encore pas mal de choses \u00e0 jouer. La saison 4 le montre. Maya ce n\u2019est pas seulement celle qui a tu\u00e9 Lise, ou bien l\u2019ex-femme de Balthazar. C\u2019est aussi la femme qui porte son enfant. Et lorsqu\u2019on parle de saison du renouveau, le renouveau s\u2019annonce vraiment avec la naissance de cet enfant \u00e0 venir. La notion d\u2019enfant, il va falloir l\u2019affronter \u00e0 un moment donn\u00e9. Et Maya repr\u00e9sente \u00e7a.<\/p>\n<p><strong>La saison 4, comme les pr\u00e9c\u00e9dentes, comporte encore beaucoup d\u2019\u00e9pisodes sp\u00e9ciaux tr\u00e8s forts. On pense \u00e0 l\u2019\u00e9pisode dans l\u2019avion, l\u2019\u00e9pisode de la prise d\u2019otages, ou encore celui durant lequel une \u00e9quipe de documentaire suit Balthazar au sein de l\u2019IML. Est-ce que l\u2019esprit de la s\u00e9rie c\u2019est aussi de revisiter des genres ou des figures impos\u00e9es des fictions polici\u00e8res ou m\u00e9dicales, et de les twister \u00e0 la sauce Balthazar ?<\/strong><\/p>\n<p>L\u2019esprit de la s\u00e9rie c\u2019est vraiment de s\u2019amuser \u00e0 l\u2019\u00e9criture. On est cinq ou six sc\u00e9naristes, on travaille en groupe, on \u00e9crit les \u00e9pisodes ensemble. Et on commence toujours en se disant \u00ab\u00a0Est-ce que cette id\u00e9e nous enthousiasme ?\u00a0\u00bb. Et l\u2019enthousiasme vient effectivement souvent de choses tr\u00e8s fortes, de concepts forts, de dispositifs forts. Et, bien s\u00fbr, ces concepts ont souvent d\u00e9j\u00e0 \u00e9t\u00e9 trait\u00e9s, car il y a \u00e9norm\u00e9ment de s\u00e9ries, tellement d\u2019histoires qui ont \u00e9t\u00e9 racont\u00e9es.<\/p>\n<p>Mais ce qui nous pla\u00eet c\u2019est de mettre nos personnages dans des situations tr\u00e8s fortes et de voir ce qui se passe. Et \u00e7a nous donne des cadres qui sont parfois des d\u00e9fis sc\u00e9naristiques, comme l\u2019\u00e9pisode qui se passe presque enti\u00e8rement dans un avion. La prise d\u2019otages c\u2019\u00e9tait aussi et surtout l\u2019envie de voir Balthazar professeur. Mais il fallait que ce soit int\u00e9gr\u00e9 \u00e0 l\u2019histoire donc il fallait qu\u2019il se passe quelque chose d\u2019assez fort dans ce cadre universitaire pour que le t\u00e9l\u00e9spectateur ait envie de suivre tout l\u2019\u00e9pisode.<\/p>\n<p>Mais, oui, on a envie de jouer avec les genres, avec les codes. Pour un sc\u00e9nariste c\u2019est un terrain de jeu incroyable. D\u2019autant plus que Balthazar est un personnage tout-terrain qui nous permet de l\u2019emmener n\u2019importe o\u00f9. L\u2019\u00e9pisode de l\u2019avion on ne pourrait pas le faire avec n\u2019importe quel personnage de s\u00e9rie. Mais lui, il a ce c\u00f4t\u00e9 presque super-h\u00e9ro\u00efque parfois. On s\u2019amuse beaucoup avec lui.<\/p>\n<div class=\"article-figure-holder\">\n<figure class=\"article-figure mceNonEditable\">\n<img loading=\"lazy\" decoding=\"async\" class=\"article-figure-img\" src=\"data:image\/gif;base64,R0lGODlhAgABAPAAAAAAAAAAACH5BAEAAAAAIf8LSW1hZ2VNYWdpY2sNZ2FtbWE9MC40NTQ1NQAsAAAAAAIAAQAAAgIECgA7\" data-src=\"https:\/\/fr.web.img5.acsta.net\/newsv7\/22\/04\/06\/21\/20\/4856622.jpg\" width=\"640\" height=\"320\"\/><br \/>\n<span class=\"article-figcaption-copy\">Thibault Grabherr\/TF1<\/span><br \/>\n<\/figure>\n<\/div>\n<p><strong>Le double \u00e9pisode final nous emm\u00e8ne dans le village o\u00f9 Balthazar a grandi, on rencontre enfin ses parents. C\u2019est quelque chose que vous aviez envie d\u2019explorer depuis longtemps ?<\/strong><\/p>\n<p>C\u2019est surtout quelque chose dont Tomer nous a parl\u00e9. Bien s\u00fbr, nous, on avait envie d\u2019aller dans le thriller sur cette fin de saison, et d\u2019explorer la psychologie du personnage. Et Tomer nous a dit \u00ab\u00a0Mais au fond, on ne sait pas d\u2019o\u00f9 il vient. Est-ce qu\u2019on ne pourrait pas explorer le pass\u00e9 de Balthazar ?\u00a0\u00bb.<\/p>\n<p>Et c\u2019est ainsi qu\u2019on a eu l\u2019id\u00e9e de ce village, et de ce retour au village, qui nous permettait de d\u00e9couvrir le personnage en profondeur. Il est \u00e9norm\u00e9ment dans le pr\u00e9sent, dans l\u2019image qu\u2019il projette, et on trouvait int\u00e9ressant d\u2019expliquer pourquoi il est comme \u00e7a.\u00a0J\u2019aime beaucoup ce final, car c\u2019est vraiment l\u2019aboutissement de la saison dans tous les sens du terme.\u00a0<\/p>\n<p><strong>Sans trop en dire, les derniers \u00e9pisodes questionnent aussi plus que jamais la sant\u00e9 mentale de Balthazar, qui a connu plusieurs black-out au cours de la saison. Au fond, est-ce que ce n&rsquo;est pas ce que la s\u00e9rie nous dit depuis le d\u00e9but : que Balthazar est sur le fil et que la folie le guette ?<\/strong><\/p>\n<p>Est-ce que la norme existe ? C\u2019est \u00e7a aussi la question qu\u2019on pose avec ce personnage et avec la s\u00e9rie. Tout le monde peut basculer un jour. Et, effectivement, Balthazar va basculer.<\/p>\n<\/div>\n<p>[ad_2]<br \/>\n<br \/><a href=\"http:\/\/www.allocine.fr\/article\/fichearticle_gen_carticle=18708589.html\">Source link <\/a><\/p>\n","protected":false},"excerpt":{"rendered":"<p>[ad_1] Alors que TF1 diffuse ce soir l&rsquo;avant-dernier \u00e9pisode de la saison 4 de \u00ab\u00a0Balthazar\u00a0\u00bb, la cr\u00e9atrice de la s\u00e9rie &hellip; <a href=\"http:\/\/www.affinite.fr\/index.php\/2022\/04\/07\/balthazar-sur-tf1-le-final-inattendu-de-la-saison-4-le-bebe-de-maya-la-creatrice-nous-dit-tout-news-series\/\" class=\"more-link\">Plus <span class=\"screen-reader-text\">Balthazar sur TF1 : le final inattendu de la saison 4, le b\u00e9b\u00e9 de Maya&#8230; La cr\u00e9atrice nous dit tout &#8211; News S\u00e9ries<\/span> <span class=\"meta-nav\">&rarr;<\/span><\/a><\/p>\n","protected":false},"author":1,"featured_media":7663,"comment_status":"","ping_status":"open","sticky":false,"template":"","format":"standard","meta":{"_sitemap_exclude":false,"_sitemap_priority":"","_sitemap_frequency":"","footnotes":""},"categories":[1],"tags":[],"class_list":["post-7662","post","type-post","status-publish","format-standard","has-post-thumbnail","hentry","category-tous"],"_links":{"self":[{"href":"http:\/\/www.affinite.fr\/index.php\/wp-json\/wp\/v2\/posts\/7662"}],"collection":[{"href":"http:\/\/www.affinite.fr\/index.php\/wp-json\/wp\/v2\/posts"}],"about":[{"href":"http:\/\/www.affinite.fr\/index.php\/wp-json\/wp\/v2\/types\/post"}],"author":[{"embeddable":true,"href":"http:\/\/www.affinite.fr\/index.php\/wp-json\/wp\/v2\/users\/1"}],"replies":[{"embeddable":true,"href":"http:\/\/www.affinite.fr\/index.php\/wp-json\/wp\/v2\/comments?post=7662"}],"version-history":[{"count":0,"href":"http:\/\/www.affinite.fr\/index.php\/wp-json\/wp\/v2\/posts\/7662\/revisions"}],"wp:featuredmedia":[{"embeddable":true,"href":"http:\/\/www.affinite.fr\/index.php\/wp-json\/wp\/v2\/media\/7663"}],"wp:attachment":[{"href":"http:\/\/www.affinite.fr\/index.php\/wp-json\/wp\/v2\/media?parent=7662"}],"wp:term":[{"taxonomy":"category","embeddable":true,"href":"http:\/\/www.affinite.fr\/index.php\/wp-json\/wp\/v2\/categories?post=7662"},{"taxonomy":"post_tag","embeddable":true,"href":"http:\/\/www.affinite.fr\/index.php\/wp-json\/wp\/v2\/tags?post=7662"}],"curies":[{"name":"wp","href":"https:\/\/api.w.org\/{rel}","templated":true}]}}