{"id":7627,"date":"2022-03-28T22:22:21","date_gmt":"2022-03-28T22:22:21","guid":{"rendered":"https:\/\/www.affinite.fr\/index.php\/2022\/03\/28\/leur-amour-chaotique-sur-netflix\/"},"modified":"2022-03-28T22:22:21","modified_gmt":"2022-03-28T22:22:21","slug":"leur-amour-chaotique-sur-netflix","status":"publish","type":"post","link":"http:\/\/www.affinite.fr\/index.php\/2022\/03\/28\/leur-amour-chaotique-sur-netflix\/","title":{"rendered":"leur amour chaotique sur NETFLIX"},"content":{"rendered":"<p> [ad_1]<br \/>\n<br \/><img decoding=\"async\" src=\"https:\/\/img-3.journaldesfemmes.fr\/eX1lgKlWyAN1dTMEc6_WNk4oxHA=\/1280x\/smart\/61a677e845e74f8b8bf2db72a671e465\/ccmcms-jdf\/33028710.jpg\" \/><\/p>\n<p>\n                Alors que le documentaire Netflix \u00ab\u00a0Johnny par Johnny\u00a0\u00bb sort le 29\u00a0mars, Adeline Blondieau raconte sa passion destructrice avec le rockeur. A l&rsquo;\u00e9poque de leur amour, tous deux voulaient \u00ab\u00a0mourir ensemble\u00a0\u00bb&#8230;            <\/p>\n<div>\n<p><strong>Adeline Blondieau <\/strong>a v\u00e9cu une passion ravageuse et destructrice avec <strong><a href=\"https:\/\/www.journaldesfemmes.fr\/people\/johnny-hallyday\/\" title=\"Johnny Halliday\">Johnny Hallyday<\/a><\/strong>. Dans le documentaire <em>Johnny par Johnny<\/em>, disponible sur Netflix le 29 mars, l&rsquo;ancienne actrice reconvertie en sophrologue raconte ses ann\u00e9es pass\u00e9es avec le monstre sacr\u00e9, ponctu\u00e9es d&rsquo;amour, de violence et de folie. \u00ab\u00a0<em>Une fois qu&rsquo;on s&rsquo;est <strong>retrouv\u00e9 en tant que mari et femme<\/strong>, il fallait que j&rsquo;accepte beaucoup plus que ce que j&rsquo;aurais pens\u00e9. <strong>J&rsquo;ai perdu une grande, grande partie de ma libert\u00e9<\/strong>. Mon m\u00e9tier, c&rsquo;\u00e9tait Johnny<\/em>\u00ab\u00a0, a confi\u00e9 celle qui a \u00e9t\u00e9 l&rsquo;\u00e9pouse du rockeur de 1990 \u00e0 1992, puis de 1994 \u00e0 1995.<\/p>\n<h2>Johnny a entra\u00een\u00e9 Adeline Blondieau dans l&rsquo;alcool<\/h2>\n<p>Au-del\u00e0 de l&rsquo;image de rockeur rebelle que cultivait Johnny, Adeline Blondieau a surtout connu l&rsquo;homme qu&rsquo;il fallait materner.\u00a0\u00ab\u00a0<em>Ce que j&rsquo;ai v\u00e9cu de lui, c&rsquo;est <strong>le Johnny intime<\/strong>: c&rsquo;est celui qui se r\u00e9veille la nuit pour aller manger sa soupe, et qui a des cauchemars, qui a du mal \u00e0 dormir, \u00e0<strong> qui il faut tenir la main, qu&rsquo;il faut rassurer<\/strong><\/em>\u00ab\u00a0, a expliqu\u00e9 celle qui a \u00e9pous\u00e9 le chanteur \u00e0 18 ans.\u00a0L&rsquo;ancienne actrice de <em>Sous Le Soleil<\/em> a tellement essay\u00e9 d&rsquo;aider l&rsquo;interpr\u00e8te de <em>Noir c&rsquo;est noir<\/em>, qu&rsquo;elle s&rsquo;est laiss\u00e9e entra\u00eener dans les dangers de <strong>l&rsquo;alcool<\/strong>: \u00ab\u00a0<em>Je me suis retrouv\u00e9e \u00e0 boire moi aussi pour comprendre l&rsquo;autre<\/em>\u00ab\u00a0.<\/p>\n<h2>Johnny et Adelin Blondieau voulaient \u00ab\u00a0mourir ensemble\u00a0\u00bb<\/h2>\n<p>Leur passion \u00e9tait vive. Trop vive.\u00a0\u00ab\u00a0<em>Quand \u00e7a allait mal, il fallait qu&rsquo;on meure. <strong>Mais il fallait qu&rsquo;on meure ensemble<\/strong>. Moi je<strong> me suis jet\u00e9e par la fen\u00eatre une fois et il m&rsquo;a rattrap\u00e9e par les cheveux<\/strong>; lui, il s&rsquo;est <strong>jet\u00e9 en arri\u00e8re d&rsquo;un escalier<\/strong> et je le tenais par les bottes&#8230; C&rsquo;\u00e9tait du drama tr\u00e8s, tr\u00e8s souvent<\/em>\u00ab\u00a0, a confi\u00e9\u00a0dans le documentaire la m\u00e8re d&rsquo;<strong>A\u00eftor<\/strong>, 22 ans, fruit de son amour avec le mannequin argentin Sergio Temporelli, et <strong>Wilona<\/strong>, 10 ans, n\u00e9e de son union avec Laurent Hubert.\u00a0<\/p>\n<h2>Adeline Blondieau : pourquoi elle a quitt\u00e9 Johnny<\/h2>\n<p>Finalement, <strong>Adeline Blondieau a quitt\u00e9 Johnny<\/strong>, \u00e9puis\u00e9e par la relation:\u00a0\u00ab\u00a0<em>A force, \u00e7a m&rsquo;a \u00e9puis\u00e9e parce que j&rsquo;avais <strong>l&rsquo;impression de me battre contre un d\u00e9mon qui est \u00e0 l&rsquo;int\u00e9rieur de lui<\/strong>, et j&rsquo;\u00e9tais toute petite en face de lui. Donc je suis partie: l\u00e0, je n&rsquo;en pouvais plus, j&rsquo;\u00e9tais par terre<\/em>\u00ab\u00a0. En 2015, vingt ans apr\u00e8s la fin de leur romance, elle avait <strong>accus\u00e9 le rockeur de l&rsquo;avoir <a href=\"https:\/\/www.journaldesfemmes.fr\/societe\/guide-pratique\/2681991-viol-que-dit-la-loi-comment-porter-plainte-quels-sont-les-chiffres\/\" title=\"Viol\">viol\u00e9e<\/a><\/strong> dans son adolescence, mais les faits pr\u00e9sum\u00e9s \u00e9taient prescrits.<\/p>\n<\/p><\/div>\n<p>[ad_2]<br \/>\n<br \/><a href=\"https:\/\/www.journaldesfemmes.fr\/people\/actus\/2799887-adeline-blondieau-johnny-hallyday-netflix-documentaire-amour-couple-mariage\/\">Source link <\/a><\/p>\n","protected":false},"excerpt":{"rendered":"<p>[ad_1] Alors que le documentaire Netflix \u00ab\u00a0Johnny par Johnny\u00a0\u00bb sort le 29\u00a0mars, Adeline Blondieau raconte sa passion destructrice avec le &hellip; <a href=\"http:\/\/www.affinite.fr\/index.php\/2022\/03\/28\/leur-amour-chaotique-sur-netflix\/\" class=\"more-link\">Plus <span class=\"screen-reader-text\">leur amour chaotique sur NETFLIX<\/span> <span class=\"meta-nav\">&rarr;<\/span><\/a><\/p>\n","protected":false},"author":1,"featured_media":7628,"comment_status":"","ping_status":"open","sticky":false,"template":"","format":"standard","meta":{"_sitemap_exclude":false,"_sitemap_priority":"","_sitemap_frequency":"","footnotes":""},"categories":[1],"tags":[],"class_list":["post-7627","post","type-post","status-publish","format-standard","has-post-thumbnail","hentry","category-tous"],"_links":{"self":[{"href":"http:\/\/www.affinite.fr\/index.php\/wp-json\/wp\/v2\/posts\/7627"}],"collection":[{"href":"http:\/\/www.affinite.fr\/index.php\/wp-json\/wp\/v2\/posts"}],"about":[{"href":"http:\/\/www.affinite.fr\/index.php\/wp-json\/wp\/v2\/types\/post"}],"author":[{"embeddable":true,"href":"http:\/\/www.affinite.fr\/index.php\/wp-json\/wp\/v2\/users\/1"}],"replies":[{"embeddable":true,"href":"http:\/\/www.affinite.fr\/index.php\/wp-json\/wp\/v2\/comments?post=7627"}],"version-history":[{"count":0,"href":"http:\/\/www.affinite.fr\/index.php\/wp-json\/wp\/v2\/posts\/7627\/revisions"}],"wp:featuredmedia":[{"embeddable":true,"href":"http:\/\/www.affinite.fr\/index.php\/wp-json\/wp\/v2\/media\/7628"}],"wp:attachment":[{"href":"http:\/\/www.affinite.fr\/index.php\/wp-json\/wp\/v2\/media?parent=7627"}],"wp:term":[{"taxonomy":"category","embeddable":true,"href":"http:\/\/www.affinite.fr\/index.php\/wp-json\/wp\/v2\/categories?post=7627"},{"taxonomy":"post_tag","embeddable":true,"href":"http:\/\/www.affinite.fr\/index.php\/wp-json\/wp\/v2\/tags?post=7627"}],"curies":[{"name":"wp","href":"https:\/\/api.w.org\/{rel}","templated":true}]}}