{"id":7621,"date":"2022-03-28T19:27:46","date_gmt":"2022-03-28T19:27:46","guid":{"rendered":"https:\/\/www.affinite.fr\/index.php\/2022\/03\/28\/jerome-de-retour-dans-clem-je-nai-pas-voulu-voir-danciens-episodes-avec-benoit-michel-confie-francois-david-cardonnel-news-series\/"},"modified":"2022-03-28T19:27:46","modified_gmt":"2022-03-28T19:27:46","slug":"jerome-de-retour-dans-clem-je-nai-pas-voulu-voir-danciens-episodes-avec-benoit-michel-confie-francois-david-cardonnel-news-series","status":"publish","type":"post","link":"http:\/\/www.affinite.fr\/index.php\/2022\/03\/28\/jerome-de-retour-dans-clem-je-nai-pas-voulu-voir-danciens-episodes-avec-benoit-michel-confie-francois-david-cardonnel-news-series\/","title":{"rendered":"J\u00e9r\u00f4me de retour dans Clem : \u00ab\u00a0Je n&rsquo;ai pas voulu voir d&rsquo;anciens \u00e9pisodes avec Beno\u00eet Michel\u00a0\u00bb confie Fran\u00e7ois-David Cardonnel &#8211; News S\u00e9ries"},"content":{"rendered":"<p> [ad_1]<br \/>\n<\/p>\n<p>La saison 12 de \u00ab\u00a0Clem\u00a0\u00bb d\u00e9bute ce soir sur TF1 avec le grand retour de J\u00e9r\u00f4me, l&rsquo;ex-mari de l&rsquo;h\u00e9ro\u00efne. Fran\u00e7ois-David Cardonnel (\u00ab\u00a0Koh Lanta\u00a0\u00bb), qui succ\u00e8de \u00e0 Beno\u00eet Michel, nous dit tout sur le \u00ab\u00a0nouveau\u00a0\u00bb J\u00e9r\u00f4me et ce qui nous attend dans ces \u00e9pisodes.<\/p>\n<div id=\"article-content\">\n<figure class=\"player player-auto-play js-player\" data-model=\"{&quot;videos&quot;:[{&quot;id&quot;:19596070,&quot;sources&quot;:{&quot;high&quot;:&quot;https:\/\/fr.vid.web.acsta.net\/nmedia\/33\/22\/03\/21\/14\/19596070_hd_013.mp4&quot;,&quot;low&quot;:&quot;https:\/\/fr.vid.web.acsta.net\/nmedia\/33\/22\/03\/21\/14\/19596070_l_013.mp4&quot;,&quot;medium&quot;:&quot;https:\/\/fr.vid.web.acsta.net\/nmedia\/33\/22\/03\/21\/14\/19596070_m_013.mp4&quot;,&quot;standard&quot;:&quot;https:\/\/fr.vid.web.acsta.net\/nmedia\/33\/22\/03\/21\/14\/19596070_sd_013.mp4&quot;},&quot;image&quot;:&quot;\/videothumbnails\/22\/03\/21\/14\/40\/1909929.jpg&quot;,&quot;title&quot;:&quot;Clem - saison 12 Bande-annonce VF&quot;,&quot;trackingIdentifier&quot;:&quot;19596070-clem_saison_12_bande_annonce_vf&quot;,&quot;embedUrl&quot;:&quot;ACraHRACr0cHM6Ly9wbGF5ZXIuYWxsb2NpbmUuZnIvMTk1OTYwNzAuaHRtbA==&quot;,&quot;file_type&quot;:&quot;TRAILER&quot;,&quot;description&quot;:&quot;Clem - saison 12 Bande-annonce VF&quot;,&quot;duration&quot;:35,&quot;view_count&quot;:1729,&quot;added_at&quot;:{&quot;date&quot;:&quot;2022-03-21 14:38:00.000000&quot;,&quot;timezone_type&quot;:3,&quot;timezone&quot;:&quot;Europe\/Paris&quot;},&quot;metas&quot;:{&quot;id_main_show&quot;:null,&quot;name_main_show&quot;:null,&quot;image_main_show&quot;:null,&quot;id_main_movie&quot;:null,&quot;name_main_movie&quot;:null,&quot;image_main_movie&quot;:null,&quot;id_main_series&quot;:8724,&quot;name_main_series&quot;:&quot;Clem&quot;,&quot;image_main_series&quot;:null,&quot;id_main_season&quot;:42932,&quot;name_main_season&quot;:null,&quot;image_main_season&quot;:null,&quot;main_season_number&quot;:12,&quot;id_main_person&quot;:null,&quot;name_main_person&quot;:null,&quot;image_main_person&quot;:null,&quot;use_portal&quot;:null,&quot;release_date_main_movie&quot;:null,&quot;nb_days_release_main_movie&quot;:null,&quot;id_meta_category&quot;:null,&quot;name_meta_category&quot;:null,&quot;localized_file_type&quot;:null,&quot;trans_file_type&quot;:null,&quot;main_movie_type&quot;:null,&quot;main_season_rating&quot;:null,&quot;main_series_rating&quot;:null,&quot;main_season_user_note_count&quot;:null,&quot;genre_main_movie&quot;:null,&quot;genre_main_series&quot;:null,&quot;release_status_movie&quot;:null,&quot;release_status_series&quot;:null},&quot;relatedEntityType&quot;:&quot;series&quot;,&quot;relatedEntityId&quot;:8724,&quot;relatedEntityTitle&quot;:&quot;Clem&quot;,&quot;entityStatus&quot;:&quot;in_progress&quot;,&quot;relatedEntityTrackingIdentifier&quot;:&quot;8724-clem&quot;}],&quot;disablePreroll&quot;:false,&quot;disablePostroll&quot;:false,&quot;endScreen&quot;:true,&quot;context&quot;:&quot;newspage_news&quot;,&quot;launch&quot;:&quot;auto-play&quot;,&quot;followScroll&quot;:true,&quot;editorialContent&quot;:&quot;18708309-jerome_de_retour_dans_clem_je_n_ai_pas_voulu_voir_d_anciens_episodes_avec_benoit_michel_confie_francois_david_cardonnel&quot;,&quot;disableAutoPause&quot;:true,&quot;player_position&quot;:&quot;playertop&quot;}\" data-thumb=\"https:\/\/fr.web.img3.acsta.net\/r_640_360\/videothumbnails\/22\/03\/21\/14\/40\/1909929.jpg\">\n<\/figure>\n<p><strong>AlloCin\u00e9 : Vous rejoignez\u00a0<a title=\"Clem (France) (Com\u00e9die)\" href=\"http:\/\/www.allocine.fr\/series\/ficheserie_gen_cserie=8724.html\">Clem<\/a> en saison 12 dans le r\u00f4le de J\u00e9r\u00f4me, tenu auparavant par le com\u00e9dien <a title=\"Beno\u00eet Michel (France) (Acteur,Mixage)\" href=\"http:\/\/www.allocine.fr\/personne\/fichepersonne_gen_cpersonne=515119.html\">Beno\u00eet Michel<\/a>. Qu&rsquo;est-ce qui vous a plu dans la proposition de TF1 ? Avez-vous h\u00e9sit\u00e9 \u00e0 l&rsquo;id\u00e9e de reprendre un personnage qui avait d\u00e9j\u00e0 \u00e9t\u00e9 incarn\u00e9 par un autre ?<\/strong><\/p>\n<p><a title=\"Fran\u00e7ois-David Cardonnel (France) (Acteur,Cr\u00e9ateur\/Showrunner)\" href=\"http:\/\/www.allocine.fr\/personne\/fichepersonne_gen_cpersonne=458316.html\"><strong>Fran\u00e7ois-David Cardonnel<\/strong><\/a>\u00a0: En fait, on m\u2019a tout de suite dit que c\u2019\u00e9tait un personnage qui existait d\u00e9j\u00e0, qui avait \u00e9t\u00e9 interpr\u00e9t\u00e9 par un autre com\u00e9dien auparavant. Et le challenge m\u2019a plu. Je me disais \u00ab\u00a0Bon, il y a un petit caillou dans la chaussure, il va falloir \u00eatre convaincant, et en tout cas faire aussi bien que l\u2019autre acteur. Et ne pas d\u00e9cevoir les fans\u00a0\u00bb.<\/p>\n<p>Et puis c\u2019\u00e9tait assez confortable d\u2019arriver dans une s\u00e9rie comme Clem, qui est install\u00e9e depuis des ann\u00e9es, car c\u2019est comme une famille. On est sur des rails.<\/p>\n<p><strong>Justement, \u00e9tait-ce facile d\u2019entrer dans cette famille qui se conna\u00eet depuis des ann\u00e9es ? Vous avez \u00e9t\u00e9 bien accueilli par vos partenaires de jeu\u00a0?<\/strong><\/p>\n<p>Oui, \u00e7a s\u2019est fait naturellement.\u00a0<a title=\"Lucie Lucas (France) (Acteur)\" href=\"http:\/\/www.allocine.fr\/personne\/fichepersonne_gen_cpersonne=220017.html\">Lucie Lucas<\/a> a \u00e9t\u00e9 adorable. Elle m\u2019a propos\u00e9 de me parler du personnage, de son histoire. Elle m\u2019a tout de suite mis \u00e0 l\u2019aise. Donc \u00e7a donnait le ton. Car si l\u2019actrice principale est vraiment cool, en g\u00e9n\u00e9ral \u00e7a suit sur tout le reste. Et \u00e7a s\u2019est confirm\u00e9. Le tournage a \u00e9t\u00e9 hyper agr\u00e9able.<\/p>\n<p><strong>Et avec <a title=\"Elina Solomon (France) (Acteur)\" href=\"http:\/\/www.allocine.fr\/personne\/fichepersonne_gen_cpersonne=758208.html\">Elina Solomon<\/a>, qui joue Emma, la fille de J\u00e9r\u00f4me, \u00e7a a \u00e9t\u00e9 \u00e9vident d\u00e8s le d\u00e9part\u00a0? Vous avez facilement cr\u00e9\u00e9 ce lien p\u00e8re-fille\u00a0sur le plateau\u00a0?<\/strong><\/p>\n<p>Elina est hyper talentueuse. On voit qu\u2019elle a envie d\u2019apprendre et qu\u2019elle a \u00e9volu\u00e9 au travers de cette s\u00e9rie. On a surtout essay\u00e9 de cr\u00e9er un lien de \u00ab\u00a0potes\u00a0\u00bb pour \u00eatre proches sur le plateau. Et \u00e7a collait bien au personnage de J\u00e9r\u00f4me qui, dans cette nouvelle saison, se comporte davantage comme un pote avec sa fille que comme un papa.<\/p>\n<div class=\"article-figure-holder\">\n<figure class=\"article-figure mceNonEditable\">\n<img loading=\"lazy\" decoding=\"async\" class=\"article-figure-img\" src=\"data:image\/gif;base64,R0lGODlhAgABAPAAAAAAAAAAACH5BAEAAAAAIf8LSW1hZ2VNYWdpY2sNZ2FtbWE9MC40NTQ1NQAsAAAAAAIAAQAAAgIECgA7\" data-src=\"https:\/\/fr.web.img5.acsta.net\/newsv7\/22\/03\/28\/19\/08\/2397341.jpg\" width=\"640\" height=\"320\"\/><br \/>\n<span class=\"article-figcaption-copy\">Ch. Lartige\/TF1\/Merlin<\/span><br \/>\n<\/figure>\n<\/div>\n<p><strong>Vous \u00eates-vous concert\u00e9s avec les auteurs pour d\u00e9cider de la \u00ab\u00a0couleur\u00a0\u00bb \u00e0 donner \u00e0 J\u00e9r\u00f4me dans ces nouveaux \u00e9pisodes\u00a0? On le sent assez diff\u00e9rent du J\u00e9r\u00f4me qu\u2019on avait laiss\u00e9 en saison 7 interpr\u00e9t\u00e9 par Beno\u00eet Michel. C\u2019\u00e9tait pour coller un peu plus \u00e0 votre \u00e9nergie et \u00e0 votre personnalit\u00e9\u00a0?<\/strong><\/p>\n<p>Non, il n\u2019y a pas eu de discussions. Je pense que c\u2019\u00e9tait une volont\u00e9 des auteurs de ne pas coller au personnage d\u2019origine puisqu\u2019il devait y avoir un changement d\u2019interpr\u00e8te. D\u2019autant plus que les ann\u00e9es sont pass\u00e9es, on peut imaginer que J\u00e9r\u00f4me a v\u00e9cu beaucoup de choses durant cette p\u00e9riode.<\/p>\n<p>Mais c\u2019est certain que j\u2019ai apport\u00e9 ma personnalit\u00e9 au personnage, oui. C\u2019\u00e9tait important.\u00a0Et je n\u2019ai pas voulu voir d\u2019anciens \u00e9pisodes avec Beno\u00eet Michel pour ne pas \u00eatre influenc\u00e9 dans ma mani\u00e8re de jouer. J\u2019ai pr\u00e9f\u00e9r\u00e9 tenter quelque chose de nouveau.<\/p>\n<p><strong>On sait que J\u00e9r\u00f4me revient pour se rapprocher de sa fille. Que pouvez-vous dire sur ce qui nous attend dans cette douzi\u00e8me saison de Clem\u00a0?<\/strong><\/p>\n<p>J\u00e9r\u00f4me veut recr\u00e9er un lien avec Emma, c\u2019est \u00e7a. J\u2019imagine qu\u2019il a eu une autre vie en Afrique du Sud, et maintenant il veut renouer avec le pass\u00e9 et se recentrer sur les choses essentielles. Il ne peut pas faire marche arri\u00e8re, mais il veut r\u00e9ellement cr\u00e9er un lien avec sa fille. Et donc, \u00e9videmment, il d\u00e9barque dans la vie de Clem. Ce qui chamboule pas mal de choses.<\/p>\n<p><strong>Malgr\u00e9 les zones d\u2019ombres que semble dissimuler J\u00e9r\u00f4me dans les premiers \u00e9pisodes de la saison, il est donc sinc\u00e8re dans sa d\u00e9marche vis-\u00e0-vis d\u2019Emma\u00a0?<\/strong><\/p>\n<p>Sa d\u00e9marche est toujours sinc\u00e8re par rapport \u00e0 sa fille. En tout cas, c\u2019est comme \u00e7a que j\u2019ai eu envie de l\u2019interpr\u00e9ter. Je me suis dit qu\u2019un p\u00e8re ne pouvait pas mentir \u00e0 son enfant. Apr\u00e8s, bien s\u00fbr, il trempe dans des affaires un peu louches, il a des histoires, mais c\u2019est autre chose, \u00e7a n\u2019a rien \u00e0 voir avec son retour dans la vie de sa fille.<\/p>\n<p><strong>Son retour va-t-il mener \u00e0 une confrontation avec Clem ?<\/strong><\/p>\n<p>La confrontation avec Clem est in\u00e9vitable car elle s\u2019est tap\u00e9e tout le travail d\u2019\u00e9ducation avec Emma durant toutes ces ann\u00e9es. Lui, il arrive avec ses grands sabots, avec sa fille qui est tellement heureuse qu\u2019elle le voit comme le prince charmant, le sauveur, c\u2019est un peu facile. Donc forc\u00e9ment, pour Clem, \u00e7a ne va pas trop passer.<\/p>\n<p>D\u2019autant plus que le personnage de J\u00e9r\u00f4me, on a parfois envie de le tarter (rires). C\u2019est comme \u00e7a que je l\u2019ai jou\u00e9 aussi et je trouvais \u00e7a tr\u00e8s dr\u00f4le. Le mec est quand m\u00eame hyper gonfl\u00e9 (rires).<\/p>\n<p><strong>J\u00e9r\u00f4me revient dans la vie de Clem lorsque celle-ci file enfin le parfait amour avec Mathieu. Est-ce qu\u2019il prend un malin plaisir \u00e0 faire potentiellement exploser tout \u00e7a\u00a0?<\/strong><\/p>\n<p>J\u2019imagine que quand un papa voit sa fille avec un beau-p\u00e8re, m\u00eame si l\u2019histoire avec Clem est ancienne, il y a toujours une petite rivalit\u00e9 avec le nouveau compagnon.<\/p>\n<div class=\"article-figure-holder\">\n<figure class=\"article-figure mceNonEditable\">\n<img loading=\"lazy\" decoding=\"async\" class=\"article-figure-img\" src=\"data:image\/gif;base64,R0lGODlhAgABAPAAAAAAAAAAACH5BAEAAAAAIf8LSW1hZ2VNYWdpY2sNZ2FtbWE9MC40NTQ1NQAsAAAAAAIAAQAAAgIECgA7\" data-src=\"https:\/\/fr.web.img6.acsta.net\/newsv7\/22\/03\/28\/19\/08\/5580940.jpg\" width=\"640\" height=\"320\"\/><br \/>\n<span class=\"article-figcaption-copy\">Ch. Lartige\/TF1\/Merlin<\/span><br \/>\n<\/figure>\n<\/div>\n<p><strong>Les t\u00e9l\u00e9spectateurs peuvent-ils esp\u00e9rer un retour de flammes entre J\u00e9r\u00f4me et Clem\u00a0?<\/strong><\/p>\n<p>Emma a envie de \u00e7a en tout cas, mais est-ce que c\u2019est ce qui va se passer\u00a0? Je laisserai le soin au public de le d\u00e9couvrir. Mais au d\u00e9part c\u2019est mal parti en tout cas (rires).<\/p>\n<p><strong>Avant Clem, vous avez encha\u00een\u00e9 les r\u00f4les dans des projets plus dramatiques, tels que <a title=\"Le Bazar de la charit\u00e9 (France,Belgique) (Drame,Historique)\" href=\"http:\/\/www.allocine.fr\/series\/ficheserie_gen_cserie=23279.html\">Le Bazar de la charit\u00e9<\/a>, <a title=\"Insoup\u00e7onnable (France) (Thriller,Drame)\" href=\"http:\/\/www.allocine.fr\/series\/ficheserie_gen_cserie=20941.html\">Insoup\u00e7onnable<\/a>, <a title=\"Olivia (France) (Judiciaire,Policier,Drame)\" href=\"http:\/\/www.allocine.fr\/series\/ficheserie_gen_cserie=24758.html\">Olivia<\/a>, et <a title=\"La Traque (France) - 2021 (Drame,Judiciaire,Policier)\" href=\"http:\/\/www.allocine.fr\/film\/fichefilm_gen_cfilm=272952.html\">La Traque<\/a>. Aviez-vous sp\u00e9cifiquement envie de revenir vers la com\u00e9die, un genre que vous aviez notamment explor\u00e9 avec la s\u00e9rie\u00a0<a title=\"Templeton (France) (Com\u00e9die,Western)\" href=\"http:\/\/www.allocine.fr\/series\/ficheserie_gen_cserie=18841.html\">Templeton<\/a> sur OCS ?<\/strong><\/p>\n<p>C\u2019est ce qui me pla\u00eet dans ce m\u00e9tier\u00a0: de pouvoir explorer des personnages et des contextes diff\u00e9rents. Peu importe si c\u2019est de la com\u00e9die ou du drame, le secret c\u2019est d\u2019\u00eatre sinc\u00e8re dans ce qu\u2019on fait. M\u00eame si la com\u00e9die c\u2019est un registre un peu diff\u00e9rent, avec un l\u00e2cher-prise encore plus fort. Mais je prends autant de plaisir dans les deux registres, vraiment.<\/p>\n<p><strong>Avez-vous senti un changement dans votre carri\u00e8re apr\u00e8s Le Bazar de la charit\u00e9\u00a0?<\/strong><\/p>\n<p>Le Bazar de la charit\u00e9, c\u2019\u00e9tait une tr\u00e8s grosse machine, avec un casting de dingue. Je me retrouvais avec <a title=\"Josiane Balasko (France) (Acteur,Sc\u00e9nariste,R\u00e9alisateur)\" href=\"http:\/\/www.allocine.fr\/personne\/fichepersonne_gen_cpersonne=8124.html\">Josiane Balasko<\/a>, <a title=\"Gilbert Melki (France) (Acteur)\" href=\"http:\/\/www.allocine.fr\/personne\/fichepersonne_gen_cpersonne=2173.html\">Gilbert Melki<\/a>, <a title=\"Audrey Fleurot (France) (Acteur)\" href=\"http:\/\/www.allocine.fr\/personne\/fichepersonne_gen_cpersonne=128597.html\">Audrey Fleurot<\/a>. Et peut-\u00eatre que \u00e7a a permis qu\u2019on me fasse davantage confiance sur des formats comme ceux-ci. Et comme il y a eu une grosse exposition, je pense que \u00e7a a forc\u00e9ment d\u00fb m\u2019aider un peu.<\/p>\n<p><strong>Clem n\u2019a pas encore \u00e9t\u00e9 renouvel\u00e9e pour une saison 13. La porte reste-t-elle ouverte \u00e0 un retour de J\u00e9r\u00f4me l\u2019an prochain\u00a0? Avez-vous envie de poursuivre l\u2019aventure\u00a0?<\/strong><\/p>\n<p>On ne sait pas, peut-\u00eatre que J\u00e9r\u00f4me va mourir (rires). Plus s\u00e9rieusement, oui, j\u2019imagine que les choses restent ouvertes. On verra bien en cas de saison 13. Mais en tout cas j\u2019ai pris beaucoup de plaisir \u00e0 tourner cette douzi\u00e8me saison, donc pourquoi pas, tout est possible.<\/p>\n<div class=\"article-figure-holder\">\n<figure class=\"article-figure mceNonEditable\">\n<img loading=\"lazy\" decoding=\"async\" class=\"article-figure-img\" src=\"data:image\/gif;base64,R0lGODlhAgABAPAAAAAAAAAAACH5BAEAAAAAIf8LSW1hZ2VNYWdpY2sNZ2FtbWE9MC40NTQ1NQAsAAAAAAIAAQAAAgIECgA7\" data-src=\"https:\/\/fr.web.img5.acsta.net\/newsv7\/22\/03\/28\/19\/09\/1480690.jpg\" width=\"640\" height=\"320\"\/><br \/>\n<span class=\"article-figcaption-copy\">Ch. Lartige\/TF1\/Merlin<\/span><br \/>\n<\/figure>\n<\/div>\n<p><strong>Une grande partie du public vous a d\u00e9couvert dans Koh Lanta en 2006. Cela reste un bon souvenir pour vous\u00a0?<\/strong><\/p>\n<p>Bien s\u00fbr, c\u2019est un super souvenir. J\u2019ai fait \u00e7a quand j\u2019avais 20 ans. J\u2019en ai 38 aujourd\u2019hui. C\u2019est l\u00e0 qu\u2019on se rend compte que cette \u00e9mission est tr\u00e8s vieille (rires). \u00c7a a \u00e9t\u00e9 une super chose pour moi de participer \u00e0 cette \u00e9mission \u00e0 ce moment-l\u00e0 de ma vie. \u00c0 20 ans, on a un besoin de se d\u00e9couvrir, de d\u00e9fis. J\u2019avais \u00e0 l\u2019\u00e9poque ce besoin-l\u00e0. Aujourd\u2019hui je l\u2019ai beaucoup moins.<\/p>\n<p>C\u2019est pour \u00e7a que je n\u2019ai pas refait l\u2019\u00e9mission. Mais je ne renie pas du tout ce pass\u00e9. C\u2019est une \u00e9mission compl\u00e8tement folle, je me suis r\u00e9gal\u00e9, et \u00e7a m\u2019a appris \u00e9norm\u00e9ment de choses. Mais je pr\u00e9f\u00e8re la regarder en t\u00e9l\u00e9spectateur aujourd\u2019hui.<\/p>\n<p><strong>Vous restez un spectateur assidu de Koh Lanta\u00a0?<\/strong><\/p>\n<p>Bien s\u00fbr, pas le choix (rires). Je suis accro depuis 2007, je suis pris dedans.<\/p>\n<p><strong>On vous verra prochainement sur M6 dans un nouveau format court. Que pouvez-vous dire sur cette nouvelle aventure\u00a0?<\/strong><\/p>\n<p>C\u2019est une s\u00e9rie qui s\u2019appelle La Cour des grands et qui sera diffus\u00e9e prochainement sur M6, c\u2019est \u00e7a. C\u2019est un format court qu\u2019on tourne depuis plusieurs mois, et \u00e7a se passe dans la cour d\u2019\u00e9cole avec les parents, les professeurs. C&rsquo;est un projet plut\u00f4t sympa une fois de plus. C\u2019est de la com\u00e9die. Et tout ce que je peux dire c\u2019est que je ne joue pas un prof.<\/p>\n<\/div>\n<p>[ad_2]<br \/>\n<br \/><a href=\"http:\/\/www.allocine.fr\/article\/fichearticle_gen_carticle=18708309.html\">Source link <\/a><\/p>\n","protected":false},"excerpt":{"rendered":"<p>[ad_1] La saison 12 de \u00ab\u00a0Clem\u00a0\u00bb d\u00e9bute ce soir sur TF1 avec le grand retour de J\u00e9r\u00f4me, l&rsquo;ex-mari de l&rsquo;h\u00e9ro\u00efne. &hellip; <a href=\"http:\/\/www.affinite.fr\/index.php\/2022\/03\/28\/jerome-de-retour-dans-clem-je-nai-pas-voulu-voir-danciens-episodes-avec-benoit-michel-confie-francois-david-cardonnel-news-series\/\" class=\"more-link\">Plus <span class=\"screen-reader-text\">J\u00e9r\u00f4me de retour dans Clem : \u00ab\u00a0Je n&rsquo;ai pas voulu voir d&rsquo;anciens \u00e9pisodes avec Beno\u00eet Michel\u00a0\u00bb confie Fran\u00e7ois-David Cardonnel &#8211; News S\u00e9ries<\/span> <span class=\"meta-nav\">&rarr;<\/span><\/a><\/p>\n","protected":false},"author":1,"featured_media":7622,"comment_status":"","ping_status":"open","sticky":false,"template":"","format":"standard","meta":{"_sitemap_exclude":false,"_sitemap_priority":"","_sitemap_frequency":"","footnotes":""},"categories":[1],"tags":[],"class_list":["post-7621","post","type-post","status-publish","format-standard","has-post-thumbnail","hentry","category-tous"],"_links":{"self":[{"href":"http:\/\/www.affinite.fr\/index.php\/wp-json\/wp\/v2\/posts\/7621"}],"collection":[{"href":"http:\/\/www.affinite.fr\/index.php\/wp-json\/wp\/v2\/posts"}],"about":[{"href":"http:\/\/www.affinite.fr\/index.php\/wp-json\/wp\/v2\/types\/post"}],"author":[{"embeddable":true,"href":"http:\/\/www.affinite.fr\/index.php\/wp-json\/wp\/v2\/users\/1"}],"replies":[{"embeddable":true,"href":"http:\/\/www.affinite.fr\/index.php\/wp-json\/wp\/v2\/comments?post=7621"}],"version-history":[{"count":0,"href":"http:\/\/www.affinite.fr\/index.php\/wp-json\/wp\/v2\/posts\/7621\/revisions"}],"wp:featuredmedia":[{"embeddable":true,"href":"http:\/\/www.affinite.fr\/index.php\/wp-json\/wp\/v2\/media\/7622"}],"wp:attachment":[{"href":"http:\/\/www.affinite.fr\/index.php\/wp-json\/wp\/v2\/media?parent=7621"}],"wp:term":[{"taxonomy":"category","embeddable":true,"href":"http:\/\/www.affinite.fr\/index.php\/wp-json\/wp\/v2\/categories?post=7621"},{"taxonomy":"post_tag","embeddable":true,"href":"http:\/\/www.affinite.fr\/index.php\/wp-json\/wp\/v2\/tags?post=7621"}],"curies":[{"name":"wp","href":"https:\/\/api.w.org\/{rel}","templated":true}]}}