{"id":762,"date":"2020-03-17T20:11:55","date_gmt":"2020-03-17T20:11:55","guid":{"rendered":"https:\/\/www.affinite.fr\/index.php\/2020\/03\/17\/quand-le-design-rend-visite-au-patrimoine\/"},"modified":"2020-03-17T20:11:55","modified_gmt":"2020-03-17T20:11:55","slug":"quand-le-design-rend-visite-au-patrimoine","status":"publish","type":"post","link":"http:\/\/www.affinite.fr\/index.php\/2020\/03\/17\/quand-le-design-rend-visite-au-patrimoine\/","title":{"rendered":"Quand le design rend visite au patrimoine"},"content":{"rendered":"<p> [ad_1]<br \/>\n<br \/><img decoding=\"async\" src=\"https:\/\/maison3.advcdn.net\/images\/medias\/000\/054\/000054259\/200.jpg\" \/><\/p>\n<div itemprop=\"articleBody\">\n<p>\n  Anim\u00e9s par l\u2019envie de faire valoir la r\u00e9gion des <strong>Hauts-de-France<\/strong> au travers d\u2019une collection de <strong>mobilier durable<\/strong> et \u00e9thique, les trois designers industriels du <strong>collectif \u00c6quo<\/strong> &#8211; et maison d\u2019\u00e9dition de <strong>mobilier<\/strong> et <strong>d\u2019accessoires<\/strong> ancr\u00e9e sur son territoire. L&rsquo;exposition se nourrit de restitutions de leurs <strong>ateliers men\u00e9s \u00e0 la Cit\u00e9<\/strong> pendant leur r\u00e9sidence avec les <strong>habitants<\/strong>, permettant d&rsquo;appr\u00e9hender, tant les usages de <strong>l&rsquo;\u00e9poque mini\u00e8re<\/strong> au travers d&rsquo;objets embl\u00e9matiques, que le paysage avant et apr\u00e8s la mine.\n<\/p>\n<p>\n  De cette immersion dans ce site patrimonial et inspirant, ils ont imagin\u00e9 une <strong>ligne d&rsquo;objets<\/strong> qui refl\u00e8tent un usage, une esth\u00e9tique ou une technique pass\u00e9s, tels que : <strong>soliflore<\/strong> ou <strong>luminaire<\/strong> en forme de terrils, <strong>pat\u00e8res<\/strong> reprenant le motif de <strong>briques<\/strong> des corons, <strong>tapisserie<\/strong>, <strong>tatouages<\/strong>\u2026\n<\/p>\n<p>\n  A ces cr\u00e9ations pr\u00e9sent\u00e9es pour la premi\u00e8re fois dans les <strong>espaces d&rsquo;exposition<\/strong> sont associ\u00e9s d\u2019autres <strong>productions de designers locaux ou internationaux<\/strong> afin d\u2019ouvrir une r\u00e9flexion sur la valeur universelle de l&rsquo;histoire et la vie des hommes qui se sont consacr\u00e9s \u00e0 <strong>l&rsquo;extraction charbonni\u00e8re.<\/strong>\n<\/p>\n<p>\n  <strong>La Cit\u00e9 des \u00c9lectriciens<\/strong> est la plus ancienne <strong>cit\u00e9 mini\u00e8re<\/strong> pr\u00e9serv\u00e9e du <strong>Nord de la France,<\/strong> inscrite aux <strong>Monuments Historiques<\/strong> depuis 2009.\u00a0Avec l\u2019inscription du <strong>Bassin minier<\/strong> au <strong>Patrimoine mondial de l\u2019UNESCO<\/strong> au titre de Paysage culturel, \u00e9volutif et vivant le 30 juin 2012, elle est l\u2019un des <strong>cinq grands sites miniers du Nord<\/strong> <strong>et du Pas-de-Calais.<\/strong>\n<\/p>\n<p>\n  Totalement repens\u00e9e dans ses usages et apr\u00e8s avoir fait l&rsquo;objet d&rsquo;un ambitieux programme de r\u00e9novation, avec l&rsquo;intervention de <strong>l&rsquo;Atelier d&rsquo;Architecture Philippe Prost,<\/strong> la <strong>Cit\u00e9 des \u00c9lectriciens<\/strong> est depuis son ouverture au public en mai dernier,\u00a0reconnue comme un lieu de r\u00e9f\u00e9rence dans la d\u00e9couverte du <strong>paysage<\/strong>, de <strong>l\u2019urbanisme<\/strong> et de <strong>l\u2019habitat minier.<\/strong> Dynamique et prospective, elle favorise l&rsquo;interaction entre les habitants du territoire et les artistes, et fait vivre, au travers de la <strong>cr\u00e9ation la plus contemporaine<\/strong>, le riche <strong>patrimoine minier.<\/strong>\n<\/p>\n<p>\n  Un programme tr\u00e8s riche compl\u00e8te l&rsquo;exposition, entre les visites guid\u00e9es suivies du \u00a0\u00bb petit plus \u00ab\u00a0du dimanche, <strong>dans les yeux d&rsquo;Aequo<\/strong> ateliers pour enfants.\n<\/p>\n<p>\n  <strong>Aequo<\/strong> pr\u00e9sente \u00ab\u00a0<strong>Quand le design rend visite au patrimoine\u00a0<\/strong>\u00bb du 8 f\u00e9vrier au 9 ao\u00fbt 2020 \u00e0 <strong>Bruay-La-Bussi\u00e8re<\/strong>\n<\/p>\n<p>\n  <a href=\"http:\/\/www.aequo-edition.com\">www.aequo-edition.com<\/a><br \/><a href=\"http:\/\/citedeselectriciens.fr\">www.citedeselectriciens.fr<\/a><br \/>T\u00e9l. 03 21 01 94 20<br \/><a href=\"http:\/\/https:\/\/www.facebook.com\/CiteDesElectriciens\/\">https:\/\/www.facebook.com\/CiteDesElectriciens\/<\/a><br \/>mail : <a href=\"mailto:%20accueil@cit%C3%A9deselectriciens.fr\">accueil@cit\u00e9deselectriciens.fr<\/a>\n<\/p>\n<p>\n  \u00a0\n<\/p>\n<\/p><\/div>\n<p><script async defer crossorigin=\"anonymous\" src=\"https:\/\/connect.facebook.net\/fr_FR\/sdk.js#xfbml=1&#038;version=v6.0&#038;appId=252025098257546&#038;autoLogAppEvents=1\"><\/script><br \/>\n<br \/>[ad_2]<br \/>\n<br \/><a href=\"http:\/\/feedproxy.google.com\/~r\/maison-actus\/~3\/jTm30SJaCfg\/\">Source link <\/a><\/p>\n","protected":false},"excerpt":{"rendered":"<p>[ad_1] Anim\u00e9s par l\u2019envie de faire valoir la r\u00e9gion des Hauts-de-France au travers d\u2019une collection de mobilier durable et \u00e9thique, &hellip; <a href=\"http:\/\/www.affinite.fr\/index.php\/2020\/03\/17\/quand-le-design-rend-visite-au-patrimoine\/\" class=\"more-link\">Plus <span class=\"screen-reader-text\">Quand le design rend visite au patrimoine<\/span> <span class=\"meta-nav\">&rarr;<\/span><\/a><\/p>\n","protected":false},"author":1,"featured_media":763,"comment_status":"open","ping_status":"open","sticky":false,"template":"","format":"standard","meta":{"_sitemap_exclude":false,"_sitemap_priority":"","_sitemap_frequency":"","footnotes":""},"categories":[1],"tags":[],"class_list":["post-762","post","type-post","status-publish","format-standard","has-post-thumbnail","hentry","category-tous"],"_links":{"self":[{"href":"http:\/\/www.affinite.fr\/index.php\/wp-json\/wp\/v2\/posts\/762"}],"collection":[{"href":"http:\/\/www.affinite.fr\/index.php\/wp-json\/wp\/v2\/posts"}],"about":[{"href":"http:\/\/www.affinite.fr\/index.php\/wp-json\/wp\/v2\/types\/post"}],"author":[{"embeddable":true,"href":"http:\/\/www.affinite.fr\/index.php\/wp-json\/wp\/v2\/users\/1"}],"replies":[{"embeddable":true,"href":"http:\/\/www.affinite.fr\/index.php\/wp-json\/wp\/v2\/comments?post=762"}],"version-history":[{"count":0,"href":"http:\/\/www.affinite.fr\/index.php\/wp-json\/wp\/v2\/posts\/762\/revisions"}],"wp:featuredmedia":[{"embeddable":true,"href":"http:\/\/www.affinite.fr\/index.php\/wp-json\/wp\/v2\/media\/763"}],"wp:attachment":[{"href":"http:\/\/www.affinite.fr\/index.php\/wp-json\/wp\/v2\/media?parent=762"}],"wp:term":[{"taxonomy":"category","embeddable":true,"href":"http:\/\/www.affinite.fr\/index.php\/wp-json\/wp\/v2\/categories?post=762"},{"taxonomy":"post_tag","embeddable":true,"href":"http:\/\/www.affinite.fr\/index.php\/wp-json\/wp\/v2\/tags?post=762"}],"curies":[{"name":"wp","href":"https:\/\/api.w.org\/{rel}","templated":true}]}}