{"id":7600,"date":"2022-03-22T22:10:26","date_gmt":"2022-03-22T22:10:26","guid":{"rendered":"https:\/\/www.affinite.fr\/index.php\/2022\/03\/22\/mesures-covid-france-cas-contact-isolement-nouvelles\/"},"modified":"2022-03-22T22:10:26","modified_gmt":"2022-03-22T22:10:26","slug":"mesures-covid-france-cas-contact-isolement-nouvelles","status":"publish","type":"post","link":"http:\/\/www.affinite.fr\/index.php\/2022\/03\/22\/mesures-covid-france-cas-contact-isolement-nouvelles\/","title":{"rendered":"Mesures Covid\u00a0France\u00a0: cas contact, isolement, nouvelles"},"content":{"rendered":"<p> [ad_1]<br \/>\n<br \/><img decoding=\"async\" src=\"https:\/\/img-3.journaldesfemmes.fr\/CM7wG_1bGrb8_5JJvsbGvWLR0hY=\/1280x\/smart\/57ce40097ff44cad906e5113408e0050\/ccmcms-jdf\/32859215.jpg\" \/><\/p>\n<p>\n                NOUVELLES MESURES. Face \u00e0 la baisse de l&rsquo;\u00e9pid\u00e9mie de Covid en France (m\u00eame si le virus circule toujours), les mesures sont all\u00e9g\u00e9es concernant l&rsquo;isolement des cas contacts depuis le 21\u00a0mars. Elles font suite \u00e0 la fin du pass vaccinal et du masque.            <\/p>\n<div>\n<aside class=\"ccmsummary marqueur_module ccmcss_cms_summary ccmcss_cms_summary--right\">\n<p>Sommaire<\/p>\n<\/aside>\n<p><strong>[Mis \u00e0 jour le 22\u00a0mars 2022 \u00e0 16h29]<\/strong> <strong>L&rsquo;all\u00e8gement des mesures sanitaires<\/strong> se poursuit. Depuis le lundi\u00a0<strong>21 mars<\/strong>, les <strong>personnes non vaccin\u00e9es ne sont plus oblig\u00e9es de s&rsquo;isoler<\/strong> si elles sont consid\u00e9r\u00e9es comme <a href=\"https:\/\/sante.journaldesfemmes.fr\/fiches-maladies\/2661027-cas-contact-covid-regles-21-mars-protocole-definition-isolement-non-vaccine-ecole-que-faire-test\/\" title=\"Cas contact\">cas contacts<\/a>. <strong>Le statut vaccinal n&rsquo;est plus pris en compte <\/strong>pour la r\u00e9alisation d&rsquo;une quarantaine et des tests de d\u00e9pistage.\u00a0N\u00e9anmoins, elles doivent <strong>toujours appliquer de mani\u00e8re stricte les mesures barri\u00e8res<\/strong>, et notamment le port du <a href=\"https:\/\/sante.journaldesfemmes.fr\/fiches-maladies\/2609189-masque-covid-19-coronavirus-transparent-enfant-chirurgical-lavable-tissu-ffp2-achat-afnor-prix\/\" title=\"Masque anti-virus\">masque<\/a> en int\u00e9rieur et en ext\u00e9rieur au contact d&rsquo;autres personnes. Ces all\u00e8gements font suite \u00e0 la premi\u00e8re phase <strong>commenc\u00e9e le 14 mars en France<\/strong> (fin du <a href=\"https:\/\/sante.journaldesfemmes.fr\/fiches-maladies\/2688851-fin-pass-vaccinal-suppression-14-mars-levee-hopital-obligatoire-train-restaurant\/\" title=\"Passeport vaccinal\">pass vaccinal<\/a>, du masque au travail, \u00e0 l&rsquo;\u00e9cole&#8230;). Le point sur les nouvelles mesures.<\/p>\n<h2 id=\"quelles-sont-les-annonces-de-jean-castex-\">Quelles sont les mesures Covid aujourd&rsquo;hui\u00a0?<\/h2>\n<p>Les mesures anti Covid ont \u00e9t\u00e9 all\u00e9g\u00e9es en France depuis le 14 mars 2022.<\/p>\n<table border=\"1\" cellpadding=\"1\" cellspacing=\"1\" style=\"width:100%;\">\n<thead>\n<tr>\n<th scope=\"col\" style=\"width: 342px; text-align: center;\">Port du masque<\/th>\n<th scope=\"col\" style=\"width: 235px; text-align: center;\">Pass vaccinal<\/th>\n<th scope=\"col\" style=\"width: 186px; text-align: center;\">Pass sanitaire<\/th>\n<th scope=\"col\" style=\"width: 210px; text-align: center;\">Ecole<\/th>\n<\/tr>\n<\/thead>\n<tbody>\n<tr>\n<td style=\"width: 342px;\">\n<ul>\n<li>Le port du masque n&rsquo;est <strong>plus obligatoire<\/strong> dans les \u00e9tablissements recevant du public (entreprise, \u00e9cole&#8230;),\u00a0\u00e0 l&rsquo;<strong>exception<\/strong> de l&rsquo;ensemble des <strong>transports <\/strong>en int\u00e9rieur et dans les<strong> lieux de sant\u00e9<\/strong> ou de <strong>soins <\/strong>(notamment les <strong>h\u00f4pitaux<\/strong>, les <strong>pharmacies<\/strong>, chez les\u00a0<strong>m\u00e9decins<\/strong>, ou encore les <strong>laboratoires <\/strong>de biologie m\u00e9dicale) dans lesquels il reste exig\u00e9 pour les soignants, les patients et les visiteurs.<\/li>\n<li>Le port du masque reste<strong>\u00a0recommand\u00e9 pour toutes les personnes \u00e0 risque <\/strong>de d\u00e9velopper une forme grave de la maladie, en particulier dans les lieux d&rsquo;affluence, pour les<strong> cas contacts<\/strong> et les cas symptomatiques.<\/li>\n<\/ul>\n<\/td>\n<td style=\"width: 235px;\">\n<p>Depuis le 14\u00a0mars, le pass vaccinal\u00a0est suspendu jusqu&rsquo;\u00e0 nouvel ordre dans tous les endroits o\u00f9 il \u00e9tait exig\u00e9\u00a0(lieux de loisirs et de culture,\u00a0 activit\u00e9s de restauration commerciales, foires et salons professionnels&#8230;).<\/p>\n<\/td>\n<td style=\"width: 186px;\">\n<p>Le pass sanitaire est toujours en vigueur\u00a0dans les \u00e9tablissements de sant\u00e9 et lieux de soins (h\u00f4pitaux, cliniques, Ehpad&#8230;).<\/p>\n<\/td>\n<td style=\"width: 210px;\">\n<ul>\n<li><a href=\"https:\/\/www.education.gouv.fr\/covid19-mesures-pour-les-ecoles-colleges-et-lycees-modalites-pratiques-continuite-pedagogique-et-305467\" target=\"_blank\" rel=\"noopener\">Protocole de niveau 1<\/a> en vigueur.\u00a0<\/li>\n<li>Fin du port du masque en classe dans les \u00e9coles, coll\u00e8ges et lyc\u00e9es<\/li>\n<li>Epreuves de sp\u00e9cialit\u00e9 du baccalaur\u00e9at, pr\u00e9vues du 14\u00a0au 16\u00a0mars, sont report\u00e9es aux 11, 12\u00a0et 13\u00a0mai<\/li>\n<\/ul>\n<\/td>\n<\/tr>\n<\/tbody>\n<\/table>\n<h2 id=\"quelles-sont-les-mesures-covid-a-paris-\">Quelles sont les mesures Covid \u00e0 Paris ?<\/h2>\n<p>Les mesures \u00e0 Paris sont identiques \u00e0 celles en vigueur sur le reste du territoire national. Le <strong>port du masque n&rsquo;est plus obligatoire en ext\u00e9rieur ni en int\u00e9rieur.<\/strong>\u00a0Comme l&rsquo;indique la <a href=\"https:\/\/www.paris.fr\/pages\/covid-19-confinement-mesures-paris-15598#:~:text=Le%20port%20du%20masque%20n,disposant%20d'un%20certificat%20justificatif.\" target=\"_blank\" rel=\"noopener\">ville de Paris<\/a>, l&rsquo;ensemble des mesures ont pris fin \u00e0 l&rsquo;exception du port du masque obligatoire dans les transports collectifs (train, bus, m\u00e9tro&#8230;) et les \u00e9tablissements de sant\u00e9. Le pass vaccinal est suspendu. Seul le pass sanitaire reste en vigueur pour l&rsquo;acc\u00e8s aux \u00e9tablissements de sant\u00e9 et aux Ehpad.<\/p>\n<h2 id=\"quelles-sont-les-mesures-concernant-la-vaccination-contre-le-covid-\">Quelles sont les mesures concernant la vaccination contre le Covid ?<\/h2>\n<p>La <a href=\"https:\/\/sante.journaldesfemmes.fr\/fiches-maladies\/2688083-rendez-vous-vaccin-covid-3-eme-dose-doctolib-centre-maiia-keldoc-pharmacie-vite-ma-dose\/\" title=\"Vaccination contre la Covid-19\">vaccination contre le Covid<\/a> doit se poursuivre, insistent les scientifiques, m\u00eame si le pass vaccinal n&rsquo;est plus en vigueur. A date, en France :<\/p>\n<ul>\n<li>La<strong> quatri\u00e8me dose de vaccin est ouverte \u00e0 toutes les personnes immunod\u00e9prim\u00e9es<\/strong> et aux plus de 80\u00a0ans ayant re\u00e7u leur dose de rappel depuis plus de trois mois (non obligatoire mais recommand\u00e9e).<\/li>\n<li>Le <strong>d\u00e9lai de la dose de rappel est ramen\u00e9 \u00e0 trois mois\u00a0<\/strong>apr\u00e8s la derni\u00e8re injection ou la derni\u00e8re infection au <a href=\"https:\/\/sante.journaldesfemmes.fr\/fiches-maladies\/2771815-chiffres-covid-france-cas-incidence-vaccination-hospitalisation-infos-21-22-mars-reanimation\/\" title=\"Coronavirus\">Covid-19<\/a>.<\/li>\n<li>Le<strong> rappel vaccinal est ouvert \u00e0 toutes les personnes de 18\u00a0ans et plus,<\/strong> et depuis le 24\u00a0janvier, il l&rsquo;est \u00e0 tous les adolescents de 12\u00a0\u00e0 17\u00a0ans sans obligation.<\/li>\n<li>La <strong>vaccination est ouverte \u00e0 tous les enfants de 5-11\u00a0ans <\/strong>et requiert l&rsquo;accord de l&rsquo;un ou l&rsquo;autre des titulaires de l&rsquo;autorit\u00e9 parentale.<\/li>\n<\/ul>\n<h2 id=\"quelles-nouvelles-mesures-le-28-fevrier-\">Quelles sont les mesures d&rsquo;isolement covid ?<\/h2>\n<p><strong>Depuis le 21 mars<\/strong>, conform\u00e9ment \u00e0 l&rsquo;avis du Haut Conseil de la sant\u00e9 publique (HCSP) du 11\u00a0f\u00e9vrier 20222, les personnes cas contacts<strong>, quel que soit leur statut vaccinal, ne sont plus tenues d&rsquo;observer une quarantaine ou<\/strong> \u00ab\u00a0<strong>isolement<\/strong>\u00ab\u00a0, annonce la <a href=\"https:\/\/solidarites-sante.gouv.fr\/IMG\/pdf\/dgs_u_2022-41_effet_decret_modificatif_du_120322-2.pdf\" target=\"_blank\" rel=\"noopener\">Direction g\u00e9n\u00e9rale de la Sant\u00e9<\/a>.\u00a0N\u00e9anmoins, elles doivent toujours appliquer de mani\u00e8re stricte les mesures barri\u00e8res, et notamment le port du masque en int\u00e9rieur et en ext\u00e9rieur au contact d&rsquo;autres personnes ; limiter leurs contacts, en particulier avec des personnes fragiles ; \u00e9viter tout contact avec des personnes \u00e0 risque de forme grave et t\u00e9l\u00e9travailler dans la mesure du possible.\u00a0<\/p>\n<p><strong>Si vous \u00eates cas positif covid <\/strong>: l&rsquo;isolement est de 10 jours si vous n&rsquo;\u00eates pas vaccin\u00e9 ou 7 jours si vous \u00eates vaccin\u00e9. L&rsquo;isolement peut passer de 10 \u00e0 7 jours ou de 7 \u00e0 5 jours si un test n\u00e9gatif du covid est r\u00e9alis\u00e9.<\/p>\n<p><strong>Si vous \u00eates cas contacts<\/strong> : plus d&rsquo;isolement que vous soyez vaccin\u00e9 ou pas depuis le 21 mars.<\/p>\n<p>Depuis le 21 mars, les r\u00e8gles \u00e0 suivre pour les cas contacts Covid ont chang\u00e9<strong>\u00a0<\/strong>pour les <strong>non vaccin\u00e9s.<\/strong> Comme indiqu\u00e9 par la DGS, ces personnes n&rsquo;ont<strong> plus besoin de s&rsquo;isoler <\/strong>si elles sont cas contacts (comme c&rsquo;est le cas pour les vaccin\u00e9es).\u00a0N\u00e9anmoins, elles doivent toujours appliquer de mani\u00e8re stricte les mesures barri\u00e8res, et notamment le port du masque en int\u00e9rieur et en ext\u00e9rieur au contact d&rsquo;autres personnes ; limiter leurs contacts, en particulier avec des personnes fragiles ; \u00e9viter tout contact avec des personnes \u00e0 risque de forme grave ; t\u00e9l\u00e9travailler dans la mesure du possible.\u00a0Les personnes contacts \u00e0 risque doivent <strong>r\u00e9aliser un test (TAG, RT-PCR ou autotest) \u00e0 J+2\u00a0de la notification du statut de contact. <\/strong>Depuis le 21 mars, <strong>tout r\u00e9sultat positif de test antig\u00e9nique<\/strong> ou d&rsquo;autotest devra faire l&rsquo;objet d&rsquo;une <strong>confirmation par test RT-PCR<\/strong>. Dans l&rsquo;attente du r\u00e9sultat de confirmation, la personne est consid\u00e9r\u00e9e comme cas positif et entame sa p\u00e9riode d&rsquo;isolement. Pour m\u00e9moire, le r\u00e9sultat positif d&rsquo;un test antig\u00e9nique tient lieu de justificatif pour la prise en charge par l&rsquo;Assurance maladie du test RT-PCR de confirmation.<\/p>\n<h2 id=\"quelles-mesures-en-entreprise-le-14-mars-\">Quelles sont les mesures en entreprise le 14 mars ?<\/h2>\n<p>Depuis le 14 mars, le protocole covid en entreprise n&rsquo;existe\u00a0plus. Plus de masque en entreprise, plus de distance obligatoire et plus de restrictions pour se rassembler. En revanche, il restera recommand\u00e9 d&rsquo;appliquer les gestes barri\u00e8res comme le lavage des mains.<\/p>\n<h2 id=\"quels-sont-les-allegements-du15-fevrier-\">Quelles mesures pour le pass sanitaire ?<\/h2>\n<p>Le pass vaccinal est suspendu depuis le\u00a014 mars\u00a0<strong>dans tous les endroits o\u00f9 il \u00e9tait exig\u00e9<\/strong>\u00a0(lieux de loisirs et de culture,\u00a0 activit\u00e9s de restauration commerciales, foires et salons professionnels&#8230;). En revanche le<strong>\u00a0pass sanitaire\u00a0<\/strong>reste<strong> obligatoire, sauf urgence, <\/strong>pour acc\u00e9der aux<strong> h\u00f4pitaux, aux maisons de <a href=\"http:\/\/www.affinite.fr\/index.php\/2023\/07\/29\/changer-de-vie-voyager-complement-de-retraite-devenez-vendeur-de-glace-a-litalienne\/\">retraite<\/a>, <\/strong>ou encore aux<strong> \u00e9tablissements accueillant les adultes en situation de handicap <\/strong>dans un objectif de protection des personnes les plus \u00e0 risque face \u00e0 la COVID-19. Les visites au sein des \u00e9tablissements soumis \u00e0 passe sanitaire sont autoris\u00e9es.<\/p>\n<h2 id=\"quelles-sont-les-mesures-covid-au-cinema-\">Quelles sont les mesures pour le port du masque ?<\/h2>\n<p><strong>Le port du masque est lev\u00e9 en ext\u00e9rieur comme en int\u00e9rieur <\/strong>recevant du public,\u00a0<strong>\u00e0 l&rsquo;exception de l&rsquo;ensemble des transports en int\u00e9rieur et dans les lieux de sant\u00e9 ou de soins (notamment les h\u00f4pitaux, les pharmacies<\/strong>, chez les m\u00e9decins, ou encore les laboratoires de biologie m\u00e9dicale) dans lesquels il reste exig\u00e9 pour les soignants, les patients et les visiteurs.\u00a0Le port du masque est en outre<strong> recommand\u00e9 pour toutes les personnes \u00e0 risque <\/strong>de d\u00e9velopper une forme grave de la maladie, en particulier dans les lieux d&rsquo;affluence.<\/p>\n<h2 id=\"quelles-sont-les-nouvelles-mesures-pour-les-tests-\">Quelles sont les nouvelles mesures Covid pour les voyages ?<\/h2>\n<p>Les r\u00e8gles de voyage sont assouplies depuis le 12\u00a0f\u00e9vrier. La preuve d&rsquo;un sch\u00e9ma vaccinal complet redevient suffisante pour arriver en France, quel que soit le pays de provenance.\u00a0<strong>Pour les voyageurs non vaccin\u00e9s, l&rsquo;obligation de pr\u00e9senter un test n\u00e9gatif pour se rendre en France demeure<\/strong>, mais les mesures \u00e0 l&rsquo;arriv\u00e9e (test, isolement) sont lev\u00e9es lorsqu&rsquo;ils viennent de pays de la liste \u00ab\u00a0verte\u00a0\u00bb\u00a0caract\u00e9ris\u00e9e par une circulation mod\u00e9r\u00e9e du virus.<\/p>\n<h2 id=\"quelles-sont-les-nouvelles-mesures-pour-le-teletravail-\">Quelles sont les nouvelles mesures pour le t\u00e9l\u00e9travail ?<\/h2>\n<p>Depuis le 2\u00a0f\u00e9vrier 2022, <strong>le t\u00e9l\u00e9travail n&rsquo;est plus obligatoire mais recommand\u00e9<\/strong>. \u00ab\u00a0<em>Le recours au t\u00e9l\u00e9travail est recommand\u00e9\u00a0: les employeurs fixent, dans le cadre du dialogue social de proximit\u00e9, les modalit\u00e9s de recours au t\u00e9l\u00e9travail<\/em>\u00ab\u00a0, peut-on lire dans le <a href=\"https:\/\/travail-emploi.gouv.fr\/IMG\/pdf\/protocole-nationale-sante-securite-en-entreprise.pdf\" target=\"_blank\" rel=\"noopener\">protocole sanitaire au travail<\/a> mis \u00e0 jour le 25\u00a0janvier 2022. Le protocole en entreprise est supprim\u00e9 depuis le 14 mars mais il n&rsquo;y a pas eu de nouvelles consignes sur les r\u00e8gles de t\u00e9l\u00e9travail. <strong>A chaque employeur de d\u00e9cider.<\/strong><\/p>\n<h2 id=\"quelles-sont-les-nouvelles-mesures-covid-a-lecole-\">Quelles sont les mesures Covid \u00e0 l&rsquo;\u00e9cole\u00a0?<\/h2>\n<p>Depuis le\u00a014\u00a0mars 2022, le <strong>protocole sanitaire est pass\u00e9\u00a0au niveau 1\u00a0\/ niveau vert <\/strong>pour l&rsquo;ensemble des \u00e9coles et \u00e9tablissements scolaires du territoire national, indique le <a href=\"https:\/\/www.education.gouv.fr\/covid-19-questions-reponses\" target=\"_blank\" rel=\"noopener\">minist\u00e8re de l&rsquo;Education nationale<\/a>. Ce passage au niveau 1\u00a0implique notamment\u00a0:<\/p>\n<ul>\n<li>la fin de l&rsquo;obligation de la limitation du brassage entre groupes d&rsquo;\u00e9l\u00e8ves ;<\/li>\n<li>la fin des restrictions pour la pratique des activit\u00e9s physiques et sportives ;<\/li>\n<li>les mesures relatives au lavage des mains, \u00e0 l&rsquo;a\u00e9ration et \u00e0 la d\u00e9sinfection des surfaces sont quant \u00e0 elles maintenues.<\/li>\n<\/ul><\/div>\n<p>[ad_2]<br \/>\n<br \/><a href=\"https:\/\/sante.journaldesfemmes.fr\/fiches-maladies\/2775059-nouvelles-mesures-covid-france-aujourdhui-cas-contact-isolement\/\">Source link <\/a><\/p>\n","protected":false},"excerpt":{"rendered":"<p>[ad_1] NOUVELLES MESURES. Face \u00e0 la baisse de l&rsquo;\u00e9pid\u00e9mie de Covid en France (m\u00eame si le virus circule toujours), les &hellip; <a href=\"http:\/\/www.affinite.fr\/index.php\/2022\/03\/22\/mesures-covid-france-cas-contact-isolement-nouvelles\/\" class=\"more-link\">Plus <span class=\"screen-reader-text\">Mesures Covid\u00a0France\u00a0: cas contact, isolement, nouvelles<\/span> <span class=\"meta-nav\">&rarr;<\/span><\/a><\/p>\n","protected":false},"author":1,"featured_media":7601,"comment_status":"","ping_status":"open","sticky":false,"template":"","format":"standard","meta":{"_sitemap_exclude":false,"_sitemap_priority":"","_sitemap_frequency":"","footnotes":""},"categories":[1],"tags":[],"class_list":["post-7600","post","type-post","status-publish","format-standard","has-post-thumbnail","hentry","category-tous"],"_links":{"self":[{"href":"http:\/\/www.affinite.fr\/index.php\/wp-json\/wp\/v2\/posts\/7600"}],"collection":[{"href":"http:\/\/www.affinite.fr\/index.php\/wp-json\/wp\/v2\/posts"}],"about":[{"href":"http:\/\/www.affinite.fr\/index.php\/wp-json\/wp\/v2\/types\/post"}],"author":[{"embeddable":true,"href":"http:\/\/www.affinite.fr\/index.php\/wp-json\/wp\/v2\/users\/1"}],"replies":[{"embeddable":true,"href":"http:\/\/www.affinite.fr\/index.php\/wp-json\/wp\/v2\/comments?post=7600"}],"version-history":[{"count":0,"href":"http:\/\/www.affinite.fr\/index.php\/wp-json\/wp\/v2\/posts\/7600\/revisions"}],"wp:featuredmedia":[{"embeddable":true,"href":"http:\/\/www.affinite.fr\/index.php\/wp-json\/wp\/v2\/media\/7601"}],"wp:attachment":[{"href":"http:\/\/www.affinite.fr\/index.php\/wp-json\/wp\/v2\/media?parent=7600"}],"wp:term":[{"taxonomy":"category","embeddable":true,"href":"http:\/\/www.affinite.fr\/index.php\/wp-json\/wp\/v2\/categories?post=7600"},{"taxonomy":"post_tag","embeddable":true,"href":"http:\/\/www.affinite.fr\/index.php\/wp-json\/wp\/v2\/tags?post=7600"}],"curies":[{"name":"wp","href":"https:\/\/api.w.org\/{rel}","templated":true}]}}