{"id":7585,"date":"2022-03-18T22:03:28","date_gmt":"2022-03-18T22:03:28","guid":{"rendered":"https:\/\/www.affinite.fr\/index.php\/2022\/03\/18\/macron-souhaite-mieux-remunerer-les-enseignants-sous-conditions\/"},"modified":"2022-03-18T22:03:28","modified_gmt":"2022-03-18T22:03:28","slug":"macron-souhaite-mieux-remunerer-les-enseignants-sous-conditions","status":"publish","type":"post","link":"http:\/\/www.affinite.fr\/index.php\/2022\/03\/18\/macron-souhaite-mieux-remunerer-les-enseignants-sous-conditions\/","title":{"rendered":"Macron souhaite mieux r\u00e9mun\u00e9rer les enseignants&#8230; sous conditions\u00a0!"},"content":{"rendered":"<p> [ad_1]<br \/>\n<br \/><img decoding=\"async\" src=\"https:\/\/img-3.journaldesfemmes.fr\/7laMiAiuG7iLb3sBhoEMJ6CRDn4=\/1280x\/smart\/5ca453f3c1724b7dab35f976da76c9ca\/ccmcms-jdf\/32753497.jpg\" \/><\/p>\n<p>\n                Ce 17\u00a0mars, le Pr\u00e9sident a confirm\u00e9 qu&rsquo;il souhaitait \u00ab\u00a0mieux r\u00e9mun\u00e9rer\u00a0\u00bb les enseignants, s&rsquo;ils s&rsquo;engageaient \u00e0 remplacer leurs coll\u00e8gues absents, \u00e0 proposer un suivi individualis\u00e9 des \u00e9l\u00e8ves et \u00e0 davantage les accompagner durant la p\u00e9riode p\u00e9riscolaire.            <\/p>\n<div>\n<aside class=\"ccmsummary marqueur_module ccmcss_cms_summary ccmcss_cms_summary--right\">\n<p>Sommaire<\/p>\n<\/aside>\n<h2 id=\"remuneration-des-enseignants--quelles-nouvelles-missions-\">R\u00e9mun\u00e9ration des enseignants : quelles nouvelles missions ?<\/h2>\n<p>Ce 17 mars, lors de la pr\u00e9sentation de son programme pour l&rsquo;\u00e9lection pr\u00e9sidentielle, Emmanuel Macron a donn\u00e9 plus d&rsquo;indications concernant la <strong>revalorisation\u00a0 du salaire des enseignants.<\/strong>\u00a0Plut\u00f4t qu&rsquo;une revalorisation nationale qui \u00ab\u00a0n&rsquo;est pas la mesure la plus efficace\u00a0\u00bb, <strong>Emmanuel Macron propose un \u00ab\u00a0pacte\u00a0\u00bb aux enseignants<\/strong> qui sont d\u00e9j\u00e0 en poste, \u00e0 savoir am\u00e9liorer leur r\u00e9mun\u00e9ration, \u00e0 condition qu&rsquo;ils acceptent de<strong> r\u00e9aliser de nouvelles missions<\/strong>\u00ab\u00a0.\u00a0 Ces nouvelles missions consisteraient \u00e0 <strong>remplacer syst\u00e9matiquement les autres professeurs absents, \u00e0 mettre en place un suivi plus individualis\u00e9 des \u00e9l\u00e8ves et \u00e0 davantage accompagner les \u00e9l\u00e8ves durant la p\u00e9riode p\u00e9riscolaire<\/strong>.\u00a0Le chef de l&rsquo;Etat propose d&rsquo;augmenter la r\u00e9mun\u00e9ration des enseignants en poste \u00ab\u00a0s&rsquo;ils sont pr\u00eats \u00e0 aller vers ces nouvelles missions et s&rsquo;ils sont pr\u00eats \u00e0 changer leur organisation et leurs r\u00e8gles d&rsquo;accompagnement\u00a0\u00bb. Enfin, Emmanuel Macron aimerait que les nouvelles embauches se fassent \u00ab\u00a0sur la base de ce nouveau contrat\u00a0\u00bb.<\/p>\n<p>Dans une interview accord\u00e9e au <a href=\"https:\/\/www.leparisien.fr\/politique\/europe-vaccination-presidentielle-emmanuel-macron-se-livre-a-nos-lecteurs-04-01-2022-2KVQ3ESNSREABMTDWR25OMGWEA.php\" target=\"_blank\" rel=\"noopener\">Parisien<\/a> ce 4 janvier, <strong>Emmanuel Macron avait d\u00e9j\u00e0 abord\u00e9\u00a0le temps de travail des enseignants et leur r\u00e9mun\u00e9ration<\/strong>.\u00a0\u00ab\u00a0<em>Le temps de l&rsquo;enseignement en France n&rsquo;est pas satisfaisant par rapport au nombre d&rsquo;enseignants embauch\u00e9s<\/em>\u00a0\u00bb notait le Pr\u00e9sident, en faisant r\u00e9f\u00e9rence au r\u00e9cent rapport de la Cour des comptes publi\u00e9 en d\u00e9cembre 2021, selon lequel le budget allou\u00e9 \u00e0 l&rsquo;Education nationale <em>\u00ab\u00a0ne produit pas les effets escompt\u00e9s en termes de performance \u00e9ducative<\/em>\u00ab\u00a0. Face \u00e0 ce \u00ab\u00a0syst\u00e8me trop rigide\u00a0\u00bb, Emmanuel Macron estimait qu&rsquo;<strong><em>il faut \u00ab\u00a0revaloriser les salaires, certes, mais surtout repenser la fonction\u00a0\u00bb<\/em><\/strong>. Comme \u00e0 Marseille o\u00f9 une exp\u00e9rimentation est lanc\u00e9e, les directeurs d&rsquo;\u00e9coles pourraient \u00eatre libres de recruter leurs enseignants, sur la base d&rsquo;un projet p\u00e9dagogique.\u00a0Le chef de l&rsquo;Etat souhaitait\u00a0par ailleurs<em> \u00ab\u00a0<strong>mieux r\u00e9mun\u00e9rer ce que font d\u00e9j\u00e0 les enseignants<\/strong>, r\u00e9compenser le bon travail, et distinguer ceux qui font un bon travail de ceux qui font un travail meilleur encore\u00a0\u00bb,<\/em> avait-il d\u00e9clar\u00e9.\u00a0<strong>Les professeurs qui s&rsquo;engagent dans les r\u00e9seaux d&rsquo;<a href=\"https:\/\/www.journaldesfemmes.fr\/maman\/guide-des-parents\/2666343-education-de-l-enfant\/\" title=\"\u00e9ducation\">\u00e9ducation<\/a> prioritaires\u00a0<\/strong>par exemple touchent une prime de 400 euros fixe, ainsi qu&rsquo;une autre prime modulable pouvant atteindre 600 euros nets.\u00a0Selon lui, <strong>les enseignants qui s&rsquo;investissent \u00e0 travers des projets p\u00e9dagogiques innovants, organisent des sorties p\u00e9riscolaires ou maintiennent le lien entre parents et professeurs devraient pouvoir b\u00e9n\u00e9ficier d&rsquo;un compl\u00e9ment de r\u00e9mun\u00e9ration.\u00a0<\/strong><\/p>\n<h2 id=\"les-profs-francais-moins-bien-payes\">Les profs fran\u00e7ais moins bien pay\u00e9s<\/h2>\n<p>Selon le rapport\u00a0<a href=\"https:\/\/read.oecd-ilibrary.org\/view\/?ref=1107_1107391-wd1xaf6171&amp;title=Note-pays-France-Regards-sur-l-education-2021&amp;_ga=2.12873207.1366171317.1631863780-1902586210.1631863780\" target=\"_blank\" rel=\"noopener\">Regards sur l&rsquo;\u00e9ducation publi\u00e9 par l&rsquo;OCDE<\/a> ce 16\u00a0septembre<strong>, les salaires des enseignants en milieu de carri\u00e8re ont stagn\u00e9 en France entre 2010\u00a0et 2020\u00a0et restent largement inf\u00e9rieurs \u00e0 la moyenne des 38\u00a0pays de l&rsquo;OCDE<\/strong>. Ils ont\u00a0 ainsi stagn\u00e9 ou ont augment\u00e9 seulement de 1% entre 2010\u00a0et 2020\u00a0dans l&rsquo;\u00e9l\u00e9mentaire et le secondaire alors qu&rsquo;ils ont augment\u00e9\u00a0de 6\u00a0\u00e0 7% en moyenne dans les pays de l&rsquo;OCDE.\u00a0Un rattrapage a cependant \u00e9t\u00e9 effectu\u00e9 \u00e0 partir de 2015, avec une augmentation de quatre points de pourcentage du salaire statutaire sur la p\u00e9riode 2015-2020.\u00a0L&rsquo;OCDE remarque que la progression salariale est lente en d\u00e9but de carri\u00e8re et que les enseignants en milieu de carri\u00e8re sont \u00ab\u00a0particuli\u00e8rement d\u00e9savantag\u00e9s\u00a0\u00bb. <strong>A la rentr\u00e9e 2019, le salaire des enseignants de l&rsquo;\u00e9l\u00e9mentaire et du secondaire en France apr\u00e8s 10\u00a0ou 15\u00a0ans d&rsquo;anciennet\u00e9 \u00e9tait ainsi au moins 15% inf\u00e9rieur \u00e0 la moyenne des pays de l&rsquo;OCDE<\/strong>. Cette diff\u00e9rence s&rsquo;att\u00e9nue cependant\u00a0en fin de parcours car les salaires fran\u00e7ais en fin de carri\u00e8re sont 76% plus \u00e9lev\u00e9s qu&rsquo;au d\u00e9but, contre 66% pour la moyenne de l&rsquo;OCDE.<\/p>\n<h2 id=\"revalorisation-du-salaire-des-enseignants-combien\">Revalorisation du salaire des enseignants\u00a0: combien\u00a0?<\/h2>\n<p>Le ministre de l&rsquo;Education nationale avait \u00e0 son tour pr\u00e9cis\u00e9 dans le Parisien que l&rsquo;augmentation des professeurs \u00e9tait une mesure d\u00e9j\u00e0 annonc\u00e9e.\u00a0\u00ab\u00a0<em>C&rsquo;est ce que nous avons entam\u00e9. Leur salaire aura bien plus augment\u00e9 entre 2017\u00a0et 2022\u00a0qu&rsquo;entre 2012\u00a0et 2017 (&#8230;)\u00a0Un professeur qui gagnait 1700\u00a0euros auparavant gagne aujourd&rsquo;hui 1869\u00a0euros net. Et d&rsquo;ici deux ou trois ans, aucun nouveau professeur ne commencera sa carri\u00e8re en dessous des 2000\u00a0euros net par mois<\/em>\u00ab\u00a0. Le 25 ao\u00fbt dernier, il avait d\u00e9clar\u00e9 qu&rsquo;une enveloppe de\u00a0245\u00a0millions d&rsquo;euros, destin\u00e9e \u00e0 la revalorisation des professeurs serait pr\u00e9vue dans le budget de 2022<b>.<\/b>\u00a0Le ministre de l&rsquo;Education nationale a indiqu\u00e9 que les\u00a0primes d&rsquo;attractivit\u00e9\u00a0iront de<strong> 57\u00a0euros net par mois pour les enseignants ayant un \u00e0 deux ans de carri\u00e8re, \u00e0 29\u00a0euros pour les enseignants ayant de 14\u00a0\u00e0 22\u00a0ann\u00e9es de carri\u00e8re.<\/strong>\u00a0Cette revalorisation concernera aussi bien\u00a0les professeurs du primaire que du secondaire. Gr\u00e2ce \u00e0 cette mesure,\u00a0pr\u00e8s de 58\u00a0% des enseignants verront leur salaire augmenter en 2022. \u00ab\u00a0C<em>&lsquo;est une volont\u00e9 de <a href=\"http:\/\/www.affinite.fr\/index.php\/2023\/07\/29\/valoriser-ses-invendus-une-demarche-ecologique-et-rentable-pour-les-marchands-de-fruits\/\">valoriser<\/a> les professeurs et les personnels de l&rsquo;Education nationale, parce qu&rsquo;il y avait des rattrapages importants du pouvoir d&rsquo;achat \u00e0 faire, notamment pour les plus jeunes (&#8230;) Notre objectif est de ne plus avoir de professeurs pay\u00e9s en dessous de 2000\u00a0euros nets d&rsquo;ici quelques ann\u00e9es<\/em>\u00ab\u00a0, <a href=\"https:\/\/www.journaldesfemmes.fr\/maman\/magazine\/2738891-jean-michel-blanquer-interview-rentree-covid\/\" target=\"_blank\" rel=\"noopener\">nous a confi\u00e9 Jean-Michel Blanquer<\/a> ce 27 ao\u00fbt.\u00a0Issue du Grenelle de l&rsquo;\u00e9ducation,\u00a0la prime d&rsquo;attractivit\u00e9 est vers\u00e9e depuis le mois de mai aux enseignants en d\u00e9but de carri\u00e8re et qui ont jusqu&rsquo;\u00e0 quinze ans d&rsquo;anciennet\u00e9 et repr\u00e9sente un montant compris entre 41\u00a0et 116\u00a0euros par mois.<\/p>\n<h3><strong>Un d\u00e9cret concernant la revalorisation des professeurs<\/strong><\/h3>\n<p>Le 2 mars dernier, Jean-Michel Blanquer avait d\u00e9j\u00e0 sign\u00e9 un <strong>d\u00e9cret concernant la revalorisation des professeurs d&rsquo;\u00e9cole, des\u00a0conseillers principaux d&rsquo;\u00e9ducation (CPE) ainsi que les psychologues de l&rsquo;Education nationale<\/strong> (PsyEN)\u00a0 en d\u00e9but de carri\u00e8re. <em>\u00ab\u00a0Il y a des augmentations qui ont d\u00e9j\u00e0 eu lieu, et des primes pr\u00e9vues pour les enseignants les plus jeunes\u00a0:<strong> 100\u00a0euros de plus par mois, <\/strong><\/em><strong>(depuis mai, ndlr),<\/strong><em><strong> pour la prime d&rsquo;attractivit\u00e9<\/strong><\/em>\u00a0\u00bb avait annonc\u00e9 Jean-Michel Blanquer sur France Inter.\u00a0<\/p>\n<h2 id=\"prime-dattractivite-100euros-pour-les-professeurs-debutants\">Prime d&rsquo;attractivit\u00e9\u00a0: 100\u00a0euros pour les professeurs d\u00e9butants<\/h2>\n<p>La moiti\u00e9 de l&rsquo;enveloppe globale, c&rsquo;est-\u00e0-dire 200 millions d&rsquo;euros, a \u00e9t\u00e9 consacr\u00e9e \u00e0 attribuer une <strong>prime d&rsquo;attractivit\u00e9 aux professeurs en d\u00e9but de carri\u00e8re<\/strong>. Modulable et d\u00e9gressive, elle concerne l&rsquo;ensemble des corps enseignants et assimil\u00e9s de l&rsquo;enseignement public et de l&rsquo;enseignement priv\u00e9 sous contrat\u00a0(professeurs des \u00e9coles, certifi\u00e9s, agr\u00e9g\u00e9s, psychologues de l&rsquo;\u00e9ducation nationale et CPE en d\u00e9but et milieu de carri\u00e8re). Cette\u00a0prime d&rsquo;attractivit\u00e9 concerne <strong>31\u00a0% de professeurs titulaires<\/strong>, durant leurs\u00a015\u00a0premi\u00e8res ann\u00e9es de carri\u00e8re, puis d\u00e9gressive en fonction de l&rsquo;anciennet\u00e9. Ainsi, <strong>un professeur d\u00e9butant est\u00a0augment\u00e9 de 100\u00a0euros\u00a0nets mensuels.<\/strong> Les contractuels en d\u00e9but de carri\u00e8re gagnent, eux,\u00a054\u00a0euros\u00a0nets suppl\u00e9mentaires\u00a0chaque mois. L&rsquo;objectif de cette prime, qui est entr\u00e9e en vigueur\u00a0\u00e0 partir de\u00a0mai 2021, est de pouvoir proposer une meilleure r\u00e9mun\u00e9ration aux professeurs d\u00e9butants tout en renfor\u00e7ant l&rsquo;attractivit\u00e9 du m\u00e9tier d&rsquo;enseignant.\u00a0Ce budget permet aussi\u00a0de proc\u00e9der \u00e0 de nouveaux recrutements. Enfin, cela contribue\u00a0\u00e0 faciliter l&rsquo;installation dans les nouvelles fonctions d&rsquo;enseignement et le bon d\u00e9roulement des premi\u00e8res ann\u00e9es de carri\u00e8re. A partir de 2022, cette prime sera \u00e9tendue aux professeurs ayant jusqu&rsquo;\u00e0 22\u00a0ans d&rsquo;anciennet\u00e9 et repr\u00e9sentera<strong>\u00a057\u00a0euros nets par mois pour les plus jeunes enseignants, et 29\u00a0euros pour les enseignants en milieu de carri\u00e8re.<\/strong><\/p>\n<h2 id=\"prime-dequipement-informatique-150euros-pour-tous\">Prime d&rsquo;\u00e9quipement informatique\u00a0: 150\u00a0euros pour tous<\/h2>\n<p><span style=\"font-size: 1rem;\"><strong>Depuis le mois de janvier 2021, une prime d&rsquo;\u00e9quipement informatique de 150 euros\u00a0net est\u00a0vers\u00e9e, chaque ann\u00e9e, aux professeurs et psychologues de l&rsquo;Education nationale<\/strong>. Ce montant est fixe et identique que l&rsquo;on soit stagiaire, titulaire, contractuel, en CDI ou CDD, \u00e0 temps plein ou partiel, et que l&rsquo;on exerce dans un \u00e9tablissement public ou priv\u00e9. Une prime qui leur permet d&rsquo;acqu\u00e9rir ou de renouveler en deux ou trois ans leur \u00e9quipement informatique : ordinateur, logiciels, voire imprimante. Le minist\u00e8re souligne via son\u00a0communiqu\u00e9 l&rsquo;importance\u00a0d&rsquo;\u00e9quiper le personnel enseignant <em>\u00ab\u00a0en\u00a0<\/em><\/span><em>ordinateurs et logiciels adapt\u00e9s\u00a0\u00bb.\u00a0\u00ab\u00a0Une n\u00e9cessit\u00e9 qui a \u00e9t\u00e9 renforc\u00e9e pendant la crise sanitaire, avec le d\u00e9veloppement de l&rsquo;enseignement \u00e0 distance\u00a0\u00bb. <\/em>Pourquoi une prime et pas directement du mat\u00e9riel ? <em>\u00ab\u00a0Compte tenu de la diversit\u00e9 des besoins et des \u00e9quipements de chacun, il est pr\u00e9f\u00e9rable que chaque professeur per\u00e7oive une prime qui lui permet d&rsquo;acheter l&rsquo;\u00e9quipement le plus adapt\u00e9 \u00e0 ses besoins\u00a0\u00bb.<\/em><\/p>\n<h2 id=\"directeurs-decoles-une-indemnite-de-450euros\">Directeurs d&rsquo;\u00e9coles\u00a0: une indemnit\u00e9 de 450\u00a0euros<\/h2>\n<p><strong>Une indemnit\u00e9 exceptionnelle de\u00a0450\u00a0euros est accord\u00e9e aux\u00a0directeurs d&rsquo;\u00e9coles depuis le\u00a0mois de novembre 2020<\/strong>.\u00a0Il s&rsquo;agit\u00a0d&rsquo;un versement en une seule fois, destin\u00e9 \u00e0 <em>\u00ab\u00a0reconna\u00eetre leurs attributions et les contraintes particuli\u00e8res qui ont pes\u00e9 sur eux lors de cette <a href=\"https:\/\/www.journaldesfemmes.fr\/maman\/guide-des-parents\/2547720-rentree-scolaire-2022\/\" title=\"Rentr\u00e9e\">rentr\u00e9e scolaire<\/a>\u00ab\u00a0<\/em>. Cette indemnit\u00e9 qui a\u00a0vocation a\u00a0<em>\u00ab\u00a0une augmentation p\u00e9renne\u00a0\u00bb<\/em> des salaires des directeurs, concerne\u00a0les <strong>45\u00a0000\u00a0directeurs d&rsquo;\u00e9coles en fonction<\/strong> au cours du mois de septembre 2020 pour un montant total de pr\u00e8s de\u00a0<span style=\"font-size: 1rem;\">21\u00a0millions d&rsquo;euros. Cette indemnit\u00e9 est <\/span>p\u00e9rennis\u00e9e<span style=\"font-size: 1rem;\">\u00a0pour la rentr\u00e9e 2021.<\/span><\/p>\n<h2 id=\"grenelle-de-leducation-quest-ce-que-cest\">Grenelle de l&rsquo;Education\u00a0: qu&rsquo;est-ce que c&rsquo;est\u00a0?<\/h2>\n<p>Le<strong> Grenelle de l&rsquo;Education<\/strong>\u00a0aborde <strong>l&rsquo;augmentation des salaires des enseignants <\/strong>et vise \u00e0 revaloriser leur m\u00e9tier, \u00e0 une p\u00e9riode d&rsquo;autant plus n\u00e9cessaire apr\u00e8s<strong> l&rsquo;assassinat de Samuel Paty. <\/strong><em>\u00ab\u00a0<strong>Le Grenelle de l&rsquo;\u00e9ducation<\/strong> s&rsquo;ouvre dans des circonstances particuli\u00e8res. \u00c0 travers l&rsquo;assassinat d&rsquo;un professeur d&rsquo;histoire-g\u00e9ographie, c&rsquo;est toute notre institution qui a \u00e9t\u00e9 frapp\u00e9e au c\u0153ur<\/em>\u00ab\u00a0, soulignait\u00a0Jean-Michel Blanquer dans un communiqu\u00e9 du 22\u00a0octobre. <em>\u00ab\u00a0La reconnaissance de nos personnels passe \u00e0 l&rsquo;\u00e9vidence par une<strong> revalorisation des r\u00e9mun\u00e9rations<\/strong><\/em>\u00a0\u00bb avec 500\u00a0millions d&rsquo;euros (sur une ann\u00e9e pleine) pr\u00e9vus dans la loi 2021\u00a0pour<strong> am\u00e9liorer les salaires, en particulier pour les d\u00e9buts de carri\u00e8re. <\/strong>Les enseignants b\u00e9n\u00e9ficieront par ailleurs d&rsquo;un meilleur accompagnement, d&rsquo;une meilleure \u00e9coute, l&rsquo;esprit d&rsquo;\u00e9quipe sera renforc\u00e9 pour lutter contre le sentiment d&rsquo;isolement, pr\u00e9cisait\u00a0le ministre .\u00a0\u00ab\u00a0<em>Cr\u00e9er des passerelles, identifier les talents, encourager les exp\u00e9rimentations, se saisir des possibilit\u00e9s du num\u00e9rique\u00a0: autant de voies de progr\u00e8s pour inscrire l&rsquo;\u00c9ducation nationale dans le XXIe\u00a0si\u00e8cle<\/em>\u00ab\u00a0.\u00a0<\/p>\n<p><strong>L&rsquo;objectif de ce Grenelle de l&rsquo;\u00e9ducation\u00a0?<\/strong> Mettre le professeur au centre de la soci\u00e9t\u00e9. \u00ab\u00a0<em>Aujourd&rsquo;hui, il y a un sujet de protection des professeurs mais aussi de reconnaissance des professeurs. Cette question existait avant et nous devons lui apporter une r\u00e9ponse<\/em>\u00a0\u00bb a d\u00e9clarait\u00a0Jean-Michel Blanquer\u00a0mercredi 21\u00a0octobre au S\u00e9nat.\u00a0Ce Grenelle de l&rsquo;Education <em>\u00ab\u00a0repose sur des mots-cl\u00e9s, celui de la reconnaissance financi\u00e8re, la coop\u00e9ration, c&rsquo;est-\u00e0-dire le travail en \u00e9quipe, la modernisation et la protection<\/em>\u00a0\u00bb avait-il ajout\u00e9.\u00a0Au-del\u00e0 de cette augmentation des salaires des enseignants<em> \u00ab\u00a0qui touchera notamment les plus jeunes, mais qui pourrait toucher aussi l&rsquo;ensemble des professeurs, c&rsquo;est la transformation de notre syst\u00e8me, notamment pour des ressources humaines de proximit\u00e9, autrement dit un syst\u00e8me de l&rsquo;\u00e9ducation nationale beaucoup moins anonyme, beaucoup plus attach\u00e9 \u00e0 ce qui arrive \u00e0 chaque professeur et \u00e0 le suivre dans sa carri\u00e8re, qui manifestera la reconnaissance du pays \u00e0 tous les professeurs et au-del\u00e0 de l&rsquo;ensemble des mesures que nous prendrons\u00a0\u00bb.<\/em><\/p>\n<\/p><\/div>\n<p>[ad_2]<br \/>\n<br \/><a href=\"https:\/\/www.journaldesfemmes.fr\/maman\/magazine\/2663025-salaire-des-enseignants-macron-remplacements\/\">Source link <\/a><\/p>\n","protected":false},"excerpt":{"rendered":"<p>[ad_1] Ce 17\u00a0mars, le Pr\u00e9sident a confirm\u00e9 qu&rsquo;il souhaitait \u00ab\u00a0mieux r\u00e9mun\u00e9rer\u00a0\u00bb les enseignants, s&rsquo;ils s&rsquo;engageaient \u00e0 remplacer leurs coll\u00e8gues absents, &hellip; <a href=\"http:\/\/www.affinite.fr\/index.php\/2022\/03\/18\/macron-souhaite-mieux-remunerer-les-enseignants-sous-conditions\/\" class=\"more-link\">Plus <span class=\"screen-reader-text\">Macron souhaite mieux r\u00e9mun\u00e9rer les enseignants&#8230; sous conditions\u00a0!<\/span> <span class=\"meta-nav\">&rarr;<\/span><\/a><\/p>\n","protected":false},"author":1,"featured_media":7586,"comment_status":"","ping_status":"open","sticky":false,"template":"","format":"standard","meta":{"_sitemap_exclude":false,"_sitemap_priority":"","_sitemap_frequency":"","footnotes":""},"categories":[1],"tags":[],"class_list":["post-7585","post","type-post","status-publish","format-standard","has-post-thumbnail","hentry","category-tous"],"_links":{"self":[{"href":"http:\/\/www.affinite.fr\/index.php\/wp-json\/wp\/v2\/posts\/7585"}],"collection":[{"href":"http:\/\/www.affinite.fr\/index.php\/wp-json\/wp\/v2\/posts"}],"about":[{"href":"http:\/\/www.affinite.fr\/index.php\/wp-json\/wp\/v2\/types\/post"}],"author":[{"embeddable":true,"href":"http:\/\/www.affinite.fr\/index.php\/wp-json\/wp\/v2\/users\/1"}],"replies":[{"embeddable":true,"href":"http:\/\/www.affinite.fr\/index.php\/wp-json\/wp\/v2\/comments?post=7585"}],"version-history":[{"count":0,"href":"http:\/\/www.affinite.fr\/index.php\/wp-json\/wp\/v2\/posts\/7585\/revisions"}],"wp:featuredmedia":[{"embeddable":true,"href":"http:\/\/www.affinite.fr\/index.php\/wp-json\/wp\/v2\/media\/7586"}],"wp:attachment":[{"href":"http:\/\/www.affinite.fr\/index.php\/wp-json\/wp\/v2\/media?parent=7585"}],"wp:term":[{"taxonomy":"category","embeddable":true,"href":"http:\/\/www.affinite.fr\/index.php\/wp-json\/wp\/v2\/categories?post=7585"},{"taxonomy":"post_tag","embeddable":true,"href":"http:\/\/www.affinite.fr\/index.php\/wp-json\/wp\/v2\/tags?post=7585"}],"curies":[{"name":"wp","href":"https:\/\/api.w.org\/{rel}","templated":true}]}}