{"id":7576,"date":"2022-03-17T22:02:16","date_gmt":"2022-03-17T22:02:16","guid":{"rendered":"https:\/\/www.affinite.fr\/index.php\/2022\/03\/17\/histoire-traditions-pourquoi-se-deguise-t-on\/"},"modified":"2022-03-17T22:02:16","modified_gmt":"2022-03-17T22:02:16","slug":"histoire-traditions-pourquoi-se-deguise-t-on","status":"publish","type":"post","link":"http:\/\/www.affinite.fr\/index.php\/2022\/03\/17\/histoire-traditions-pourquoi-se-deguise-t-on\/","title":{"rendered":"histoire, traditions, pourquoi se d\u00e9guise-t-on\u00a0?"},"content":{"rendered":"<p> [ad_1]<br \/>\n<br \/><img decoding=\"async\" src=\"https:\/\/img-3.journaldesfemmes.fr\/B_s1g8iWXBn9t1wBdzsy4_seVjA=\/1280x\/smart\/5ec3e9fc6d5f49b29458daa8b7432bec\/ccmcms-jdf\/32728520.jpg\" \/><\/p>\n<p>\n                POURIM 2022. Chaque ann\u00e9e, petits et grands se d\u00e9guisent pour la f\u00eate de Pourim. Mais connaissez-vous l&rsquo;histoire &#13;<br \/>\n de la reine Esther\u00a0? On vous dit tout sur Pourim qui a lieu ce 17\u00a0mars.            <\/p>\n<div>\n<aside class=\"ccmsummary marqueur_module ccmcss_cms_summary ccmcss_cms_summary--right\">\n<p>Sommaire<\/p>\n<\/aside>\n<p><strong>[Mise \u00e0 jour du 17\u00a0mars \u00e0 19h07].<\/strong> Apr\u00e8s le je\u00fbne d&rsquo;Esther, qui avait\u00a0lieu ce mercredi, <strong>les juifs c\u00e9l\u00e8brent ce jeudi 17 mars la f\u00eate de Pourim.\u00a0<\/strong>Pour l&rsquo;occasion, petits et grands se d\u00e9guisent, \u00e9coutent la lecture de la M\u00e9guila \u00e0 la synagogue (qui raconte l&rsquo;histoire de la f\u00eate), pr\u00e9parent un \u00ab\u00a0festin de Pourim\u00a0\u00bb, d\u00e9gustent et s&rsquo;offrent\u00a0diff\u00e9rents g\u00e2teaux&#8230;\u00a0Mais pourquoi toutes ces coutumes, et <strong>quelle est l&rsquo;histoire de la f\u00eate de Pourim <\/strong>?\u00a0Qui est la <strong>reine Esther <\/strong>et qu&rsquo;a-t-elle fait pour sauver son peuple\u00a0?\u00a0<\/p>\n<h2 id=\"gal-gadot-prepare-les-gateaux-de-pourim-avec-ses-filles\">\u00a0<\/h2>\n<h2 id=\"quels-sont-les-gateaux-de-pourim-\">Quels sont les g\u00e2teaux de Pourim\u00a0?\u00a0<\/h2>\n<p>Pour Pourim, on fait souvent, selon les coutumes et les traditions, des<strong> g\u00e2teaux avec du gla\u00e7age blanc<\/strong>, des <strong>Montecaos<\/strong>, des <strong>cigares et des makrouds\u00a0<\/strong>au miel ou aux dates, des <strong>croquants aux amandes<\/strong>, des boules de coco, et m\u00eame des g\u00e2teaux appel\u00e9s <strong>\u00ab\u00a0oreilles d&rsquo;Aman\u00a0\u00bb.<\/strong>\u00a0On peut \u00e9galement pr\u00e9parer des <strong>croissants de lune, des galettes au s\u00e9same<\/strong>, ou encore des <strong>cornes de gazelle<\/strong>.\u00a0Toutes les<strong> p\u00e2tisseries orientales<\/strong> sont les bienvenues, le tout dans un joli panier, une jolie bo\u00eete, pour offrir \u00e0 ses proches.\u00a0<\/p>\n<h2 id=\"gal-gadot-prepare-les-gateaux-de-pourim-avec-ses-filles\">Gal Gadot pr\u00e9pare les g\u00e2teaux de Pourim avec ses filles<\/h2>\n<p>L&rsquo;actrice isra\u00e9lienne qui incarne Wonder Woman est aussi une wonder maman\u00a0! A la maison, elle aime passer du temps \u00e0 cuisiner avec ses filles et pr\u00e9pare les traditionnels g\u00e2teaux de Pourim.\u00a0\u00ab\u00a0Pourim est l&rsquo;une de mes f\u00eates pr\u00e9f\u00e9r\u00e9es et faire oreilles d&rsquo;Aman avec mes filles est certainement l&rsquo;une de mes choses pr\u00e9f\u00e9r\u00e9es\u00a0\u00bb a d\u00e9clar\u00e9 Gal Gadot sur son compte Instagram. Chacune met la main \u00e0 la p\u00e2te pour ensuite d\u00e9guster ces d\u00e9licieux g\u00e2teaux et les distribuer \u00e0 ses proches.<\/p>\n<h2>Quelles sont les dates de Pourim en 2022 ?<\/h2>\n<p>Cette ann\u00e9e, la f\u00eate de <strong>Pourim\u00a0a lieu le jeudi 17 mars. <\/strong>Dans le calendrier h\u00e9bra\u00efque, elle a lieu le 14<sup>e<\/sup> jour du mois de Adar.\u00a0<\/p>\n<h2 id=\"quand-a-lieu-le-jeune-desther-\">Quand a lieu le je\u00fbne d&rsquo;Esther ?<\/h2>\n<p>Le\u00a0je\u00fbne d&rsquo;Esther d\u00e9bute chaque ann\u00e9e la veille de la f\u00eate de Pourim, Ce je\u00fbne fait r\u00e9f\u00e9rence \u00e0 l&rsquo;histoire de la reine Esther qui avait demand\u00e9 \u00e0 son peuple de je\u00fbner et de prier lorsqu&rsquo;elle r\u00e9v\u00e9la au roi son identit\u00e9, en lui demandant de sauver son peuple.<\/p>\n<h2 id=\"cest-quoi-lhistoire-de-pourim-et-celle-desther-\">C&rsquo;est quoi l&rsquo;histoire de Pourim, et celle d&rsquo;Esther ?<\/h2>\n<p><strong>L&rsquo;histoire de Pourim<\/strong> remonte au IV<sup>e<\/sup> si\u00e8cle avant JC \u00e0 l&rsquo;\u00e9poque de l&rsquo;Empire perse.\u00a0Cette <strong>f\u00eate juive\u00a0fait r\u00e9f\u00e9rence \u00e0 Esther, une femme juive choisie pour \u00e9pouse par le roi Assu\u00e9rus,<\/strong> qui organisa un concours de beaut\u00e9 apr\u00e8s avoir tu\u00e9 sa femme <strong>Vashti<\/strong>, qui lui avait d\u00e9sob\u00e9i.\u00a0Sans d\u00e9voiler son origine, <strong>Esther devint alors reine<\/strong>, tandis qu&rsquo;<strong>Haman<\/strong>\u00a0est nomm\u00e9 premier ministre de l&rsquo;Empire. Mais ce dernier r\u00e9clame aupr\u00e8s du roi l&rsquo;extermination de son peuple, suite au refus de <strong>Mordekha\u00ef <\/strong>(le cousin d&rsquo;Esther et chef des juifs),\u00a0de se prosterner devant lui. Un d\u00e9cret est m\u00eame\u00a0publi\u00e9 pour appliquer sa d\u00e9cision.\u00a0Face \u00e0 cette menace, Mordekha\u00ef convainc alors son peuple de se repentir et de je\u00fbner toute une journ\u00e9e. Pendant ce temps, <strong>Esther organise un festin<\/strong>, o\u00f9 elle convie le roi et Haman en esp\u00e9rant \u00eatre \u00e9cout\u00e9e.\u00a0Elle leur r\u00e9v\u00e8le alors qu&rsquo;elle est de religion juive et d\u00e9voile le complot organis\u00e9 par Haman \u00e0 l&rsquo;encontre de son peuple. Celui-ci est finalement pendu et Esther et les siens c\u00e9l\u00e8brent ce retournement de situation, comme un miracle.<\/p>\n<h2 id=\"quelle-est-la-signification-de-pourim-\">Quelle est la signification de Pourim ?\u00a0<\/h2>\n<p>En perse ancien, l<strong>e terme \u00ab\u00a0Pour\u00a0\u00bb fait r\u00e9f\u00e9rence au hasard, au sort.<\/strong>\u00a0En effet, le d\u00e9cret qu&rsquo;a appliqu\u00e9 Haman pour an\u00e9antir le peuple d&rsquo;Esther a \u00e9t\u00e9 fix\u00e9 de mani\u00e8re al\u00e9atoire, le 13<sup>e<\/sup> jour du douzi\u00e8me mois, soit le mois de Adar. Pourim est donc aussi appel\u00e9 <strong>\u00ab\u00a0la f\u00eate des Sorts\u00a0\u00bb.<\/strong><\/p>\n<h2 id=\"pourquoi-se-deguise-t-on-a-pourim-\">Pourquoi se d\u00e9guise-t-on \u00e0 Pourim\u00a0?\u00a0<\/h2>\n<p>Toujours en r\u00e9f\u00e9rence \u00e0 l&rsquo;histoire de Pourim,<strong> il est coutume de se d\u00e9guiser<\/strong> car la reine Esther a d\u00fb, pour se prot\u00e9ger et pr\u00e9server son peuple<strong>, cacher sa propre identit\u00e9<\/strong>. Et m\u00eame si l&rsquo;histoire de Pourim semble quelque peu difficile \u00e0 aborder pour les petits, cette f\u00eate est devenue au fil des ans et \u00e0 travers les g\u00e9n\u00e9rations, une c\u00e9l\u00e9bration festive.\u00a0<\/p>\n<h2 id=\"en-quoi-se-deguise-t-on-a-pourim-\">En quoi se d\u00e9guise-t-on \u00e0 Pourim\u00a0?\u00a0<\/h2>\n<p>Tous les costumes sont les bienvenus, en premi\u00e8re position bien s\u00fbr, les parents et les enfants optent pour des<strong> d\u00e9guisements de la reine Esther,<\/strong> avec une belle robe, et une toilette royale, une couronne&#8230;\u00a0Ou un<strong> costume de roi <\/strong>pour les gar\u00e7ons.\u00a0Pourquoi ne pas opter pour un<strong> d\u00e9guisement de la Reine des Neiges<\/strong> ou des princesses Disney\u00a0?\u00a0Les costumes de <strong>cow-boys, d&rsquo;animaux, de super-h\u00e9ros<\/strong>, ou encore de <strong>pompiers ou de policiers, de clowns et de personnages de dessins anim\u00e9s<\/strong> sont chaque ann\u00e9e pl\u00e9biscit\u00e9s par les petits et les grands, mais place \u00e0 l&rsquo;imagination et \u00e0 la cr\u00e9ativit\u00e9.\u00a0Les parents n&rsquo;h\u00e9sitent pas \u00e9galement \u00e0 cr\u00e9er les costumes de leurs enfants et \u00e0 les maquiller, un peu comme pour Mardi Gras ou le Carnaval.\u00a0Pour les fabriquer, on vous propose des tutos faciles sur Hugo l&rsquo;escargot\u00a0!<\/p>\n<p>Chaque ann\u00e9e, il est de coutume d<strong>&lsquo;\u00e9couter le livre d&rsquo;Esther (appel\u00e9 la Meguila d&rsquo;Esther<\/strong>) pour se rem\u00e9morer l&rsquo;histoire de Pourim. Selon la tradition, il est \u00e9galement d&rsquo;usage de<strong> faire un don aux personnes pauvres<\/strong>, \u00e0 ceux qui sont dans le besoin (au moins \u00e0 deux personnes).\u00a0Cette f\u00eate fait \u00e9galement r\u00e9f\u00e9rence au festin organis\u00e9 par Esther avec le roi.\u00a0Aussi, <strong>un repas copieux est organis\u00e9 en famille<\/strong> (notamment pour casser le je\u00fbne d&rsquo;Esther qui a lieu la journ\u00e9e), et <strong>on pr\u00e9pare des g\u00e2teaux <\/strong>de toutes sortes, selon les traditions de chacun.\u00a0Pour Pourim, on doit les offrir en cadeaux \u00e0 ses proches, \u00e0 la famille ou \u00e0 ses amis, c&rsquo;est ce que l&rsquo;on appelle\u00a0les \u00ab\u00a0<strong>Michloah Manot\u00a0\u00bb<\/strong>.\u00a0Et ce n&rsquo;est pas tout : <strong>les enfants et m\u00eame les grands se d\u00e9guisent !<\/strong><\/p>\n<p>Enfin, si vous voulez souhaiter une bonne f\u00eate de Pourim \u00e0 votre entourage, il convient de dire \u00ab\u00a0<strong>Pourim Sam\u00e9ah\u00a0\u00bb ou \u00ab\u00a0Hag Sam\u00e9ah\u00a0\u00bb.<\/strong><\/p>\n<\/p><\/div>\n<p>[ad_2]<br \/>\n<br \/><a href=\"https:\/\/www.journaldesfemmes.fr\/maman\/guide-sorties-en-famille\/2698067-pourim-gateaux-gal-gadot-oreilles-d-aman\/\">Source link <\/a><\/p>\n","protected":false},"excerpt":{"rendered":"<p>[ad_1] POURIM 2022. Chaque ann\u00e9e, petits et grands se d\u00e9guisent pour la f\u00eate de Pourim. Mais connaissez-vous l&rsquo;histoire &#13; de &hellip; <a href=\"http:\/\/www.affinite.fr\/index.php\/2022\/03\/17\/histoire-traditions-pourquoi-se-deguise-t-on\/\" class=\"more-link\">Plus <span class=\"screen-reader-text\">histoire, traditions, pourquoi se d\u00e9guise-t-on\u00a0?<\/span> <span class=\"meta-nav\">&rarr;<\/span><\/a><\/p>\n","protected":false},"author":1,"featured_media":7577,"comment_status":"","ping_status":"open","sticky":false,"template":"","format":"standard","meta":{"_sitemap_exclude":false,"_sitemap_priority":"","_sitemap_frequency":"","footnotes":""},"categories":[1],"tags":[],"class_list":["post-7576","post","type-post","status-publish","format-standard","has-post-thumbnail","hentry","category-tous"],"_links":{"self":[{"href":"http:\/\/www.affinite.fr\/index.php\/wp-json\/wp\/v2\/posts\/7576"}],"collection":[{"href":"http:\/\/www.affinite.fr\/index.php\/wp-json\/wp\/v2\/posts"}],"about":[{"href":"http:\/\/www.affinite.fr\/index.php\/wp-json\/wp\/v2\/types\/post"}],"author":[{"embeddable":true,"href":"http:\/\/www.affinite.fr\/index.php\/wp-json\/wp\/v2\/users\/1"}],"replies":[{"embeddable":true,"href":"http:\/\/www.affinite.fr\/index.php\/wp-json\/wp\/v2\/comments?post=7576"}],"version-history":[{"count":0,"href":"http:\/\/www.affinite.fr\/index.php\/wp-json\/wp\/v2\/posts\/7576\/revisions"}],"wp:featuredmedia":[{"embeddable":true,"href":"http:\/\/www.affinite.fr\/index.php\/wp-json\/wp\/v2\/media\/7577"}],"wp:attachment":[{"href":"http:\/\/www.affinite.fr\/index.php\/wp-json\/wp\/v2\/media?parent=7576"}],"wp:term":[{"taxonomy":"category","embeddable":true,"href":"http:\/\/www.affinite.fr\/index.php\/wp-json\/wp\/v2\/categories?post=7576"},{"taxonomy":"post_tag","embeddable":true,"href":"http:\/\/www.affinite.fr\/index.php\/wp-json\/wp\/v2\/tags?post=7576"}],"curies":[{"name":"wp","href":"https:\/\/api.w.org\/{rel}","templated":true}]}}