{"id":7567,"date":"2022-03-15T21:59:46","date_gmt":"2022-03-15T21:59:46","guid":{"rendered":"https:\/\/www.affinite.fr\/index.php\/2022\/03\/15\/anne-sophie-lapix-risque-sa-vie-en-ukraine-pour-le-jt-les-sirenes-ont-retenti\/"},"modified":"2022-03-15T21:59:46","modified_gmt":"2022-03-15T21:59:46","slug":"anne-sophie-lapix-risque-sa-vie-en-ukraine-pour-le-jt-les-sirenes-ont-retenti","status":"publish","type":"post","link":"http:\/\/www.affinite.fr\/index.php\/2022\/03\/15\/anne-sophie-lapix-risque-sa-vie-en-ukraine-pour-le-jt-les-sirenes-ont-retenti\/","title":{"rendered":"Anne-Sophie Lapix risque sa vie en Ukraine pour le JT\u00a0: \u00ab\u00a0Les sir\u00e8nes ont retenti\u00a0\u00bb"},"content":{"rendered":"<p> [ad_1]<br \/>\n<br \/><img decoding=\"async\" src=\"https:\/\/img-3.journaldesfemmes.fr\/OV94BTMaq-8q9GwK4yyVJ3MFcmI=\/1280x\/smart\/87c69fefc3a94ec6ace7ee9554f60c3e\/ccmcms-jdf\/32678324.jpg\" \/><\/p>\n<p>\n                Anne-Sophie Lapix s&rsquo;est rendue en Ukraine, dans le secret, pour y pr\u00e9senter une \u00e9dition sp\u00e9ciale du JT de France 2. La journaliste a risqu\u00e9 sa vie et a v\u00e9cu un instant terrifiant, dans les souterrains de la gare de Lviv&#8230;            <\/p>\n<div>\n<p><strong><a href=\"https:\/\/www.journaldesfemmes.fr\/people\/anne-sophie-lapix\/\" title=\"Anne-Sophie Lapix\">Anne-Sophie Lapix<\/a> <\/strong>a pris des risques consid\u00e9rables pour pr\u00e9senter\u00a0une <strong>\u00e9dition sp\u00e9ciale du JT de 20h de France 2<\/strong>, consacr\u00e9e \u00e0 la <strong><a href=\"https:\/\/www.journaldesfemmes.fr\/societe\/actu\/2794187-guerre-en-ukraine\/\" title=\"Conflit ukrainien\">guerre en Ukraine<\/a><\/strong>, le 14 mars. Les t\u00e9l\u00e9spectateurs n&rsquo;ont pas retrouv\u00e9 la journaliste sur le plateau de t\u00e9l\u00e9vision du JT, comme \u00e0 son habitude, mais <strong>en direct de\u00a0Lviv<\/strong>, en Ukraine, o\u00f9 la guerre fait rage depuis l&rsquo;invasion russe.\u00a0A une\u00a0vingtaine de kilom\u00e8tres de la fronti\u00e8re avec la Pologne, Anne-Sophie Lapix ainsi que son \u00e9quipe \u00e9taient arriv\u00e9s quelques jours plus t\u00f4t \u00ab\u00a0<em>pour rencontrer les autorit\u00e9s et la population<\/em>\u00ab\u00a0, a expliqu\u00e9 Laurent Guimier, directeur de l&rsquo;information de <em>France 2<\/em>, au <a href=\"https:\/\/www.leparisien.fr\/culture-loisirs\/tv\/guerre-en-ukraine-anne-sophie-lapix-va-presenter-le-20-heures-en-direct-de-lviv-14-03-2022-V44NAW5AGNAPFO6VGHOPP6WOCQ.php?ts=1647358789569\" target=\"_blank\" rel=\"noopener\"><em>Parisien<\/em><\/a>.<\/p>\n<h2>Anne-Sophie Lapix risque sa vie en Ukraine : \u00ab\u00a0Les sir\u00e8nes ont retenti\u00a0\u00bb<\/h2>\n<p>\u00ab\u00a0<em>Pour des <strong>raisons \u00e9videntes de s\u00e9curit\u00e9<\/strong><\/em>\u00ab\u00a0, la pr\u00e9sence d&rsquo;Anne-Sophie Lapix et de son \u00e9quipe de journalistes n&rsquo;avait pas \u00e9t\u00e9 d\u00e9voil\u00e9e avant le direct. C&rsquo;est donc d\u00e8s l&rsquo;ouverture du JT que les fid\u00e8les ont pu d\u00e9couvrir, devant leur poste de t\u00e9l\u00e9vision, que l&rsquo;\u00e9pouse du publicitaire Arthur Sadoun se trouvait en <strong>terrain dangereux<\/strong>, o\u00f9 plusieurs journalistes \u00e9trangers ont trouv\u00e9 la mort depuis le d\u00e9but de l&rsquo;invasion russe. Quelques minutes avant le d\u00e9but du direct, Anne-Sophie Lapix a d&rsquo;ailleurs\u00a0\u00e9t\u00e9 confront\u00e9e \u00e0 la r\u00e9alit\u00e9 de la guerre.\u00a0<\/p>\n<div class=\"ccminsert\">\n<blockquote class=\"twitter-tweet\">\n<p dir=\"ltr\" lang=\"fr\">Malgr\u00e9 des r\u00e9serves \u00e9ditoriales sur ce JT en direct en Ukraine de France 2, le dispositif est impressionnant. Anne-Sophie Lapix toujours impeccable \u00e0 la pr\u00e9sentation. Symboliquement, ce n&rsquo;est pas rien&#8230; <a href=\"https:\/\/twitter.com\/paul_denton\/status\/1503448201709432834\/video\/1\">pic.twitter.com\/EOJXyEfPKo<\/a><\/p>\n<p>\u2014 Nils Wilcke (@paul_denton) <a href=\"https:\/\/twitter.com\/paul_denton\/status\/1503448201709432834?ref_src=twsrc%5Etfw\">March 14, 2022<\/a><\/p><\/blockquote>\n<\/div>\n<p>\u00ab\u00a0<em>Nous sommes sur le parvis de la gare de Lviv. Il y a quelques instants, <strong>les sir\u00e8nes ont retenti, nous avons d\u00fb nous r\u00e9fugier dans un des souterrains de la gare.<\/strong> L&rsquo;alerte a \u00e9t\u00e9 lev\u00e9e il y a quelques minutes \u00e0 peine<\/em>\u00ab\u00a0, a-t-elle d\u00e9clar\u00e9 face cam\u00e9ra. Plusieurs reportages ont \u00e9ensuite \u00e9t\u00e9 diffus\u00e9s, tourn\u00e9s dans des villes particuli\u00e8rement menac\u00e9es par les frappes russes, telles qu&rsquo;<strong>Odessa, Marioupol ou\u00a0Mykola\u00efv<\/strong>.<\/p>\n<h2>Anne-Sophie Lapix, en direct du chaos<\/h2>\n<p>Quant \u00e0 Anne-Sophie Lapix, elle s&rsquo;est rendue \u00e0 la gare de Lviv, o\u00f9 des familles tentent de fuir le cauchemar, a rencontr\u00e9 le maire de la ville,\u00a0Andriy Sadovy et a montr\u00e9\u00a0un mus\u00e9e totalement vid\u00e9. A la fin de ce direct exceptionnel, Anne-Sophie Lapix a tenu \u00e0 saluer les \u00e9quipes qui risquent, comme elle, leur vie: \u00ab\u00a0<em>Merci \u00e0 toutes les \u00e9quipes de France T\u00e9l\u00e9visions mobilis\u00e9es en Ukraine, <strong>parfois sur des sites extr\u00eamement dangereux et aupr\u00e8s de populations qui sont bombard\u00e9es<\/strong>, merci aussi \u00e0 nos collaborateurs ukrainiens, nos fixeurs sans qui rien ne serait possible<\/em>\u00ab\u00a0. Puis, la journaliste a rendu l&rsquo;antenne pour laisser place \u00e0 <strong>Karine Baste<\/strong>, rest\u00e9e dans les studios de France 2, qui a poursuivi la pr\u00e9sentation du JT.<\/p>\n<\/p><\/div>\n<p><script async src=\"http:\/\/platform.twitter.com\/widgets.js\" charset=\"utf-8\"><\/script><br \/>\n<br \/>[ad_2]<br \/>\n<br \/><a href=\"https:\/\/www.journaldesfemmes.fr\/societe\/actu\/2796393-anne-sophie-lapix-guerre-ukraine-jt-20h-france-2-lviv\/\">Source link <\/a><\/p>\n","protected":false},"excerpt":{"rendered":"<p>[ad_1] Anne-Sophie Lapix s&rsquo;est rendue en Ukraine, dans le secret, pour y pr\u00e9senter une \u00e9dition sp\u00e9ciale du JT de France &hellip; <a href=\"http:\/\/www.affinite.fr\/index.php\/2022\/03\/15\/anne-sophie-lapix-risque-sa-vie-en-ukraine-pour-le-jt-les-sirenes-ont-retenti\/\" class=\"more-link\">Plus <span class=\"screen-reader-text\">Anne-Sophie Lapix risque sa vie en Ukraine pour le JT\u00a0: \u00ab\u00a0Les sir\u00e8nes ont retenti\u00a0\u00bb<\/span> <span class=\"meta-nav\">&rarr;<\/span><\/a><\/p>\n","protected":false},"author":1,"featured_media":7568,"comment_status":"","ping_status":"open","sticky":false,"template":"","format":"standard","meta":{"_sitemap_exclude":false,"_sitemap_priority":"","_sitemap_frequency":"","footnotes":""},"categories":[1],"tags":[],"class_list":["post-7567","post","type-post","status-publish","format-standard","has-post-thumbnail","hentry","category-tous"],"_links":{"self":[{"href":"http:\/\/www.affinite.fr\/index.php\/wp-json\/wp\/v2\/posts\/7567"}],"collection":[{"href":"http:\/\/www.affinite.fr\/index.php\/wp-json\/wp\/v2\/posts"}],"about":[{"href":"http:\/\/www.affinite.fr\/index.php\/wp-json\/wp\/v2\/types\/post"}],"author":[{"embeddable":true,"href":"http:\/\/www.affinite.fr\/index.php\/wp-json\/wp\/v2\/users\/1"}],"replies":[{"embeddable":true,"href":"http:\/\/www.affinite.fr\/index.php\/wp-json\/wp\/v2\/comments?post=7567"}],"version-history":[{"count":0,"href":"http:\/\/www.affinite.fr\/index.php\/wp-json\/wp\/v2\/posts\/7567\/revisions"}],"wp:featuredmedia":[{"embeddable":true,"href":"http:\/\/www.affinite.fr\/index.php\/wp-json\/wp\/v2\/media\/7568"}],"wp:attachment":[{"href":"http:\/\/www.affinite.fr\/index.php\/wp-json\/wp\/v2\/media?parent=7567"}],"wp:term":[{"taxonomy":"category","embeddable":true,"href":"http:\/\/www.affinite.fr\/index.php\/wp-json\/wp\/v2\/categories?post=7567"},{"taxonomy":"post_tag","embeddable":true,"href":"http:\/\/www.affinite.fr\/index.php\/wp-json\/wp\/v2\/tags?post=7567"}],"curies":[{"name":"wp","href":"https:\/\/api.w.org\/{rel}","templated":true}]}}