{"id":7565,"date":"2022-03-14T21:58:37","date_gmt":"2022-03-14T21:58:37","guid":{"rendered":"https:\/\/www.affinite.fr\/index.php\/2022\/03\/14\/comment-son-fils-la-aidee\/"},"modified":"2022-03-14T21:58:37","modified_gmt":"2022-03-14T21:58:37","slug":"comment-son-fils-la-aidee","status":"publish","type":"post","link":"http:\/\/www.affinite.fr\/index.php\/2022\/03\/14\/comment-son-fils-la-aidee\/","title":{"rendered":"comment son fils l&rsquo;a aid\u00e9e"},"content":{"rendered":"<p> [ad_1]<br \/>\n<br \/><img decoding=\"async\" src=\"https:\/\/img-3.journaldesfemmes.fr\/ML5D_kzCE1ERf2oEM7n1nOBrZtc=\/1280x\/smart\/498fecea1c294cd9bce4642aa7816621\/ccmcms-jdf\/32034079.jpg\" \/><\/p>\n<p>\n                Ariane S\u00e9guillon a longtemps \u00e9t\u00e9 en proie \u00e0 la boulimie. Une maladie qui la d\u00e9vorait tout enti\u00e8re&#8230; Aujourd&rsquo;hui en gu\u00e9rison, la vedette de DNA a \u00e9crit un <a href=\"http:\/\/www.affinite.fr\/index.php\/2023\/08\/24\/lart-de-la-glace-transforme-en-business-la-vision-unique-de-fabien-gris\/\">livre<\/a> pour aider les autres. Elle s&rsquo;est confi\u00e9e sur la fa\u00e7on dont son fils l&rsquo;a aid\u00e9e \u00e0 s&rsquo;en sortir, mais aussi ses douleurs physiques&#8230;            <\/p>\n<div>\n<p>C&rsquo;est avec courage et \u00e9motion qu&rsquo;<strong>Ariane S\u00e9guillon<\/strong> peut se targuer d&rsquo;avoir pris le pas sur le mal qui la ronge. Victime de<strong> <a href=\"https:\/\/sante.journaldesfemmes.fr\/fiches-maladies\/2552546-boulimie-definition-symptomes-cause-crise-que-faire-hyperphagie-adolescent\/\" title=\"Boulimie\">boulimie<\/a><\/strong>, un trouble du comportement alimentaire, l&rsquo;actrice de 53 ans a \u00e9crit un livre intitul\u00e9<strong><em> La Grosse<\/em><\/strong>, d\u00e9j\u00e0 disponible\u00a0aux \u00e9ditions Flammarion. Elle y relate sa d\u00e9pendance \u00e0 la nourriture, ses compulsions, son mal-\u00eatre et son d\u00e9clic&#8230; Son fils Dorian, membre du groupe Ofenbach \u00e2g\u00e9 de 27 ans, l&rsquo;a aid\u00e9e \u00e0 sortir de l&rsquo;orni\u00e8re.<\/p>\n<h2>Ariane S\u00e9guillon\u00a0: comment son fils l&rsquo;a aid\u00e9e \u00e0 combattre la boulimie<\/h2>\n<p>\u00ab\u00a0<em>Il le savait depuis longtemps mais il est extr\u00eamement d\u00e9licat. Il a vite compris qu&rsquo;en parler \u00e9tait pire que tout car quand on dit \u00e0 une personne qu&rsquo;elle mange beaucoup, c&rsquo;est violent. Un jour,<strong> il a mis le doigt dessus<\/strong> car j&rsquo;avais achet\u00e9 des dizaines de paquets de g\u00e2teaux et ils avaient disparu du placard. J&rsquo;ai ni\u00e9 puis je me suis dit que <strong>je ne pouvais plus lui mentir<\/strong><\/em>\u00ab\u00a0, a-t-elle expliqu\u00e9 \u00e0 <em>TV Grandes Cha\u00eenes<\/em>.<\/p>\n<p>Et de pr\u00e9ciser: \u00ab\u00a0<em>J&rsquo;avais aussi des probl\u00e8mes physiques qui commen\u00e7aient \u00e0 \u00eatre importants\u00a0: <strong>je ne pouvais plus marcher, j&rsquo;avais d&rsquo;\u00e9normes inflammations des tendons<\/strong>. C&rsquo;\u00e9tait <strong>tr\u00e8s douloureux<\/strong><\/em>\u00ab\u00a0.<\/p>\n<h2>Ariane S\u00e9guillon\u00a0: la mort de son fr\u00e8re, un \u00ab\u00a0\u00e9lectrochoc\u00a0\u00bb<\/h2>\n<p>Dans une interview exclusive pour\u00a0<em><a href=\"https:\/\/www.telestar.fr\/people\/exclu.-ariane-seguillon-ex-boulimique-ses-terribles-revelations-sur-son-suicide-a-petits-feux-710315\" target=\"_blank\" rel=\"noopener\">T\u00e9l\u00e9 Star<\/a>, <\/em>la com\u00e9dienne de <em>Demain Nous Appartient <\/em>s&rsquo;\u00e9tait confi\u00e9e sur l&rsquo;\u00e9v\u00e8nement qui lui a fait comprendre\u00a0qu&rsquo;elle se laissait mourir \u00ab\u00a0<em>\u00e0 petit feu<\/em>\u00ab\u00a0. \u00ab\u00a0<strong><i>La mort de mon fr\u00e8re en 2018\u00a0a aussi \u00e9t\u00e9 un \u00e9lectrochoc<\/i><\/strong><i>. J&rsquo;ai pris conscience que <strong>j&rsquo;\u00e9tais en train de me suicider<\/strong>. Quand on mange 6\u00a0baguettes d&rsquo;affil\u00e9e, 5\u00a0camemberts, on peut faire un <strong>arr\u00eat cardiaque<\/strong>.\u00a0Je suis all\u00e9e tr\u00e8s, tr\u00e8s loin dans mes d\u00e9lires<\/i><strong><i>,<\/i><\/strong><i>\u00a0\u00e0 <strong>vider des frigidaires<\/strong> o\u00f9 il n&rsquo;y avait plus rien. J<strong>e mangeais n&rsquo;importe quoi. La moutarde tout<\/strong>. La boulimie est une <a href=\"https:\/\/sante.journaldesfemmes.fr\/quotidien\/2691723-addiction-definition-symptomes-quand-consulter-alcool-jeux-videos-alimentaire-comment-en-sortir\/\" title=\"Addictions\">addiction<\/a><\/i>\u00ab\u00a0, a-t-elle d\u00e9clar\u00e9.<\/p>\n<h2>Ariane S\u00e9guillon, ob\u00e8se, a pes\u00e9 \u00ab\u00a0<em>plus de 100 kilos\u00a0\u00bb<\/em><\/h2>\n<p>Durant ces ann\u00e9es de calvaire, <strong>Ariane S\u00e9guillon a souffert d&rsquo;ob\u00e9sit\u00e9<\/strong> jusqu&rsquo;\u00e0 atteindre un poids qui ne lui convenait plus:\u00a0<i>\u00ab\u00a0Quand on p\u00e8se plus de 100\u00a0kilos, on souffre.\u00a0<\/i><strong><i>Les tendons de mes chevilles ne pouvaient supporter.<\/i><\/strong><i>\u00a0On est oblig\u00e9 de prendre son \u00e9lan pour se lever le matin.\u00a0Une fois, devant des gens,<\/i><strong><i> la chaise s&rsquo;est cass\u00e9e sous mon poids. C&rsquo;est une humiliation terrible<\/i><\/strong>\u00ab\u00a0.\u00a0Des douleurs physiques mais aussi psychologiques qu&rsquo;elle compensait par des crises de boulimie.\u00a0<\/p>\n<h2>Ariane S\u00e9guillon :\u00a0comment elle a vaincu la boulimie<\/h2>\n<p>D\u00e9termin\u00e9e\u00a0\u00e0 combattre sa maladie, la star a donc fait la connaissance d&rsquo;un \u00ab\u00a0<em><strong>psy\u00a0extraordinaire\u00a0\u00bb<\/strong> <\/em>qui lui a \u00ab\u00a0<em>cat\u00e9goriquement interdit<\/em>\u00a0\u00bb de se faire op\u00e9rer avant qu&rsquo;elle ne se soit soign\u00e9e.<i>\u00a0<\/i>Gr\u00e2ce aux\u00a0s\u00e9ances de th\u00e9rapie, Ariane S\u00e9guillon a pu identifier ses vieux d\u00e9mons et ses blessures.\u00a0D\u00e9sormais, le plus dur du combat a \u00e9t\u00e9 r\u00e9alis\u00e9. Mais la star, qui n&rsquo;est pas \u00e0 l&rsquo;abri d&rsquo;une rechute, continue de consulter sa <a href=\"https:\/\/sante.journaldesfemmes.fr\/fiches-sante-du-quotidien\/2533962-psychologue-consulter-remboursement-trouver-formation\/\" title=\"Psy\">psychologue<\/a>, \u00ab\u00a0<strong><em>indispensable<\/em><\/strong>\u00a0\u00bb \u00e0 son bien-\u00eatre, au moins une fois par semaine, a-t-elle expliqu\u00e9 \u00e0 <em>TV Grandes Cha\u00eenes<\/em>.<\/p>\n<p>La com\u00e9dienne de <em>Demain Nous Appartient<\/em> a \u00e9galement trouv\u00e9 du soutien en la personne de <strong>Michel Sardou<\/strong>, qui l&rsquo;a aiguill\u00e9e vers une cure d&rsquo;amincissement.\u00a0\u00ab\u00a0<em>J&rsquo;\u00e9tais en tourn\u00e9e au th\u00e9\u00e2tre avec lui. Il m&rsquo;a conseill\u00e9 de me soigner car je ne pouvais pas m&rsquo;en sortir seule. Il a \u00e9t\u00e9 extr\u00eamement bienveillant<\/em>\u00ab\u00a0, a-t-elle d\u00e9taill\u00e9 dans <em>TV Grandes Cha\u00eenes<\/em>.\u00a0<\/p>\n<p>En parall\u00e8le, elle s&rsquo;est \u00e9galement lanc\u00e9e dans des <strong>cours de sport, notamment de boxe<\/strong>, pour se d\u00e9fouler et se sentir mieux avec sa silhouette.\u00a0<i>\u00ab\u00a0Si mon livre peut aider ne serait-ce qu&rsquo;une personne, je serai ravie\u00a0\u00bb, <\/i>a-t-elle conclu aupr\u00e8s de\u00a0<em>T\u00e9l\u00e9 Star<\/em>. Un parcours\u00a0sem\u00e9 d&#8217;emb\u00fbches, qu&rsquo;elle a surmont\u00e9es avec force et acharnement&#8230;<\/p>\n<\/p><\/div>\n<p>[ad_2]<br \/>\n<br \/><a href=\"https:\/\/www.journaldesfemmes.fr\/people\/actus\/2785589-ariane-seguillon-boulimie-nourriture-100-kilos-fils-dorian-douleurs\/\">Source link <\/a><\/p>\n","protected":false},"excerpt":{"rendered":"<p>[ad_1] Ariane S\u00e9guillon a longtemps \u00e9t\u00e9 en proie \u00e0 la boulimie. Une maladie qui la d\u00e9vorait tout enti\u00e8re&#8230; Aujourd&rsquo;hui en &hellip; <a href=\"http:\/\/www.affinite.fr\/index.php\/2022\/03\/14\/comment-son-fils-la-aidee\/\" class=\"more-link\">Plus <span class=\"screen-reader-text\">comment son fils l&rsquo;a aid\u00e9e<\/span> <span class=\"meta-nav\">&rarr;<\/span><\/a><\/p>\n","protected":false},"author":1,"featured_media":7566,"comment_status":"","ping_status":"open","sticky":false,"template":"","format":"standard","meta":{"_sitemap_exclude":false,"_sitemap_priority":"","_sitemap_frequency":"","footnotes":""},"categories":[1],"tags":[],"class_list":["post-7565","post","type-post","status-publish","format-standard","has-post-thumbnail","hentry","category-tous"],"_links":{"self":[{"href":"http:\/\/www.affinite.fr\/index.php\/wp-json\/wp\/v2\/posts\/7565"}],"collection":[{"href":"http:\/\/www.affinite.fr\/index.php\/wp-json\/wp\/v2\/posts"}],"about":[{"href":"http:\/\/www.affinite.fr\/index.php\/wp-json\/wp\/v2\/types\/post"}],"author":[{"embeddable":true,"href":"http:\/\/www.affinite.fr\/index.php\/wp-json\/wp\/v2\/users\/1"}],"replies":[{"embeddable":true,"href":"http:\/\/www.affinite.fr\/index.php\/wp-json\/wp\/v2\/comments?post=7565"}],"version-history":[{"count":0,"href":"http:\/\/www.affinite.fr\/index.php\/wp-json\/wp\/v2\/posts\/7565\/revisions"}],"wp:featuredmedia":[{"embeddable":true,"href":"http:\/\/www.affinite.fr\/index.php\/wp-json\/wp\/v2\/media\/7566"}],"wp:attachment":[{"href":"http:\/\/www.affinite.fr\/index.php\/wp-json\/wp\/v2\/media?parent=7565"}],"wp:term":[{"taxonomy":"category","embeddable":true,"href":"http:\/\/www.affinite.fr\/index.php\/wp-json\/wp\/v2\/categories?post=7565"},{"taxonomy":"post_tag","embeddable":true,"href":"http:\/\/www.affinite.fr\/index.php\/wp-json\/wp\/v2\/tags?post=7565"}],"curies":[{"name":"wp","href":"https:\/\/api.w.org\/{rel}","templated":true}]}}