{"id":756,"date":"2020-03-17T17:04:12","date_gmt":"2020-03-17T17:04:12","guid":{"rendered":"https:\/\/www.affinite.fr\/index.php\/2020\/03\/17\/comment-telecharger-lattestation-de-deplacement-derogatoire\/"},"modified":"2020-03-17T17:04:12","modified_gmt":"2020-03-17T17:04:12","slug":"comment-telecharger-lattestation-de-deplacement-derogatoire","status":"publish","type":"post","link":"http:\/\/www.affinite.fr\/index.php\/2020\/03\/17\/comment-telecharger-lattestation-de-deplacement-derogatoire\/","title":{"rendered":"comment t\u00e9l\u00e9charger l\u2019attestation de d\u00e9placement d\u00e9rogatoire ?"},"content":{"rendered":"<p> [ad_1]<br \/>\n<br \/><img decoding=\"async\" src=\"https:\/\/img.bfmtv.com\/i\/0\/0\/65c\/77d06f646046a6a58f07cee142d1a.jpg\" \/><\/p>\n<div itemprop=\"articleBody\">\n<p class=\"MsoNormal\">Le Pr\u00e9sident de la R\u00e9publique Emmanuel Macron l\u2019a annonc\u00e9 hier soir, 16 mars 2020. <span>\u00a0<\/span>\u00c0 partir d\u2019aujourd\u2019hui, 17 mars 2020 \u00e0 12h, et pour une dur\u00e9e de quinze jours, les fran\u00e7ais doivent rester confin\u00e9s chez eux.<\/p>\n<p class=\"MsoNormal\">Pour faire respecter cette mesure, plus de 100\u00a0000 policiers vont \u00eatre d\u00e9ploy\u00e9s sur tout le territoire afin de contr\u00f4ler les d\u00e9placements de la population. Ceux qui doivent imp\u00e9rativement se d\u00e9placer devront, en cas de contr\u00f4le, pr\u00e9senter une pi\u00e8ce d\u2019identit\u00e9 ainsi qu\u2019une attestation de d\u00e9placement d\u00e9rogatoire aux forces de l\u2019ordre pour justifier leur d\u00e9placement.<\/p>\n<h3 class=\"MsoNormal\" style=\"color:#333; font-family:arial,helvetica,sans-serif; font-size:23px; font-weight:700\">Une attestation de d\u00e9placement \u00e0 t\u00e9l\u00e9charger<\/h3>\n<p class=\"MsoNormal\">Il existe en effet plusieurs motifs pour lesquels les Fran\u00e7ais sont toujours autoris\u00e9s \u00e0 se d\u00e9placer\u00a0:<\/p>\n<ul>\n<li>d\u00e9placements entre le domicile et le lieu d\u2019exercice de l\u2019activit\u00e9 professionnelle, lorsqu\u2019ils sont indispensables \u00e0 l\u2019exercice d\u2019activit\u00e9s ne pouvant \u00eatre organis\u00e9es sous forme de t\u00e9l\u00e9travail (sur justificatif permanent) ou d\u00e9placements professionnels ne pouvant \u00eatre diff\u00e9r\u00e9s<br \/>\u00a0<\/li>\n<li>d\u00e9placements pour effectuer des achats de premi\u00e8re n\u00e9cessit\u00e9 dans des \u00e9tablissements autoris\u00e9s (liste sur gouvernement.fr)<br \/>\u00a0<\/li>\n<li>d\u00e9placements pour motif de sant\u00e9<br \/>\u00a0<\/li>\n<li>d\u00e9placements pour motif familial imp\u00e9rieux, pour l\u2019assistance aux personnes vuln\u00e9rables ou la garde d\u2019enfants<br \/>\u00a0<\/li>\n<li>d\u00e9placements brefs, \u00e0 proximit\u00e9 du domicile, li\u00e9s \u00e0 l\u2019activit\u00e9 physique individuelle des personnes, \u00e0 l\u2019exclusion de toute pratique sportive collective, et aux besoins des animaux de compagnie<\/li>\n<\/ul>\n<p>Les personnes qui ne respecteraient les r\u00e8gles mises en place s\u2019exposent \u00e0 une contravention de 38 \u20ac qui pourra \u00e9voluer jusqu\u2019\u00e0 135 euros. Ceux qui n\u2019auraient pas la possibilit\u00e9 d\u2019imprimer cette attestation pour effectuer leurs d\u00e9placements peuvent la reproduire sur papier libre, a indiqu\u00e9 le ministre de l\u2019Int\u00e9rieur Christophe Castaner.<\/p>\n<p style=\"color:rgb(51, 51, 51); font-family:arial,helvetica,sans-serif; font-size:18px; text-align:center\"><a href=\"https:\/\/www.01net.com\/services-en-ligne\/attestation-de-deplacement-derogatoire-covid-19-152650\/\" target=\"_blank\" rel=\"noopener noreferrer\"><strong>&gt;&gt;&gt;&gt;&gt; T\u00e9l\u00e9charger l\u2019Attestation de d\u00e9placement d\u00e9rogatoire &lt;&lt;&lt;&lt;&lt;<\/strong><\/a><br \/>\u00a0<\/p>\n<p><strong>Source\u00a0:<\/strong> <a href=\"https:\/\/www.interieur.gouv.fr\/Actualites\/L-actu-du-Ministere\/Attestation-de-deplacement-derogatoire\" target=\"_blank\" rel=\"noopener noreferrer\">Minist\u00e8re de l\u2019Int\u00e9rieur<\/a><\/p>\n<\/p><\/div>\n<p><script>\n         !function(f,b,e,v,n,t,s){if(f.fbq)return;n=f.fbq=function()\n         {n.callMethod? n.callMethod.apply(n,arguments):n.queue.push(arguments)}\n         ;if(!f._fbq)f._fbq=n;\n             n.push=n;n.loaded=!0;n.version='2.0';n.queue=[];t=b.createElement(e);t.async=!0;\n             t.src=v;s=b.getElementsByTagName(e)[0];s.parentNode.insertBefore(t,s)}(window,\n                 document,'script','https:\/\/connect.facebook.net\/en_US\/fbevents.js');\n         fbq('init', '1065890633454496');\n         fbq('track', 'PageView');\n     <\/script><br \/>\n<br \/>[ad_2]<br \/>\n<br \/><a href=\"https:\/\/www.01net.com\/astuces\/coronavirus-comment-telecharger-l-attestation-de-deplacement-derogatoire-1876320.html\">Source link <\/a><\/p>\n","protected":false},"excerpt":{"rendered":"<p>[ad_1] Le Pr\u00e9sident de la R\u00e9publique Emmanuel Macron l\u2019a annonc\u00e9 hier soir, 16 mars 2020. \u00a0\u00c0 partir d\u2019aujourd\u2019hui, 17 mars &hellip; <a href=\"http:\/\/www.affinite.fr\/index.php\/2020\/03\/17\/comment-telecharger-lattestation-de-deplacement-derogatoire\/\" class=\"more-link\">Plus <span class=\"screen-reader-text\">comment t\u00e9l\u00e9charger l\u2019attestation de d\u00e9placement d\u00e9rogatoire ?<\/span> <span class=\"meta-nav\">&rarr;<\/span><\/a><\/p>\n","protected":false},"author":1,"featured_media":757,"comment_status":"open","ping_status":"open","sticky":false,"template":"","format":"standard","meta":{"_sitemap_exclude":false,"_sitemap_priority":"","_sitemap_frequency":"","footnotes":""},"categories":[1],"tags":[],"class_list":["post-756","post","type-post","status-publish","format-standard","has-post-thumbnail","hentry","category-tous"],"_links":{"self":[{"href":"http:\/\/www.affinite.fr\/index.php\/wp-json\/wp\/v2\/posts\/756"}],"collection":[{"href":"http:\/\/www.affinite.fr\/index.php\/wp-json\/wp\/v2\/posts"}],"about":[{"href":"http:\/\/www.affinite.fr\/index.php\/wp-json\/wp\/v2\/types\/post"}],"author":[{"embeddable":true,"href":"http:\/\/www.affinite.fr\/index.php\/wp-json\/wp\/v2\/users\/1"}],"replies":[{"embeddable":true,"href":"http:\/\/www.affinite.fr\/index.php\/wp-json\/wp\/v2\/comments?post=756"}],"version-history":[{"count":0,"href":"http:\/\/www.affinite.fr\/index.php\/wp-json\/wp\/v2\/posts\/756\/revisions"}],"wp:featuredmedia":[{"embeddable":true,"href":"http:\/\/www.affinite.fr\/index.php\/wp-json\/wp\/v2\/media\/757"}],"wp:attachment":[{"href":"http:\/\/www.affinite.fr\/index.php\/wp-json\/wp\/v2\/media?parent=756"}],"wp:term":[{"taxonomy":"category","embeddable":true,"href":"http:\/\/www.affinite.fr\/index.php\/wp-json\/wp\/v2\/categories?post=756"},{"taxonomy":"post_tag","embeddable":true,"href":"http:\/\/www.affinite.fr\/index.php\/wp-json\/wp\/v2\/tags?post=756"}],"curies":[{"name":"wp","href":"https:\/\/api.w.org\/{rel}","templated":true}]}}