{"id":7558,"date":"2022-03-12T21:53:30","date_gmt":"2022-03-12T21:53:30","guid":{"rendered":"https:\/\/www.affinite.fr\/index.php\/2022\/03\/12\/le-chien-douglas-mordu-de-pecresse-a-vote-a-la-primaire-de-la-droite-quel-cabot\/"},"modified":"2022-03-12T21:53:30","modified_gmt":"2022-03-12T21:53:30","slug":"le-chien-douglas-mordu-de-pecresse-a-vote-a-la-primaire-de-la-droite-quel-cabot","status":"publish","type":"post","link":"http:\/\/www.affinite.fr\/index.php\/2022\/03\/12\/le-chien-douglas-mordu-de-pecresse-a-vote-a-la-primaire-de-la-droite-quel-cabot\/","title":{"rendered":"Le chien Douglas (mordu de P\u00e9cresse) a vot\u00e9 \u00e0 la primaire de la Droite\u00a0: quel cabot\u00a0!"},"content":{"rendered":"<p> [ad_1]<br \/>\n<br \/><img decoding=\"async\" src=\"https:\/\/img-3.journaldesfemmes.fr\/7jb_CfCbbfhMEzrX1gb2E4pFN2M=\/1280x\/smart\/1e8b2455ec854d7c9a01db76bbfdfb9d\/ccmcms-jdf\/32285894.jpg\" \/><\/p>\n<p>\n                Douglas, un chien originaire de Nice, aurait vot\u00e9 \u00e0 la primaire de la droite. F\u00e2cheux scandale pour Val\u00e9rie P\u00e9cresse et nouvelle occasion pour les internautes de se moquer (avec g\u00e9nie)&#8230;            <\/p>\n<div>\n<p>La <strong>primaire de la droite<\/strong> avait du <strong>chien<\/strong>! Selon une enqu\u00eate <a href=\"https:\/\/www.liberation.fr\/politique\/elections\/adherents-morts-fictifs-ou-fantoches-pecresse-victorieuse-dune-election-bidon-20220223_AHAJBNMGR5BTFLQSLOIVSBCNGM\/\" target=\"_blank\" rel=\"noopener\"><em>Lib\u00e9ration<\/em><\/a>, l&rsquo;\u00e9lection, ouverte uniquement aux adh\u00e9rents,\u00a0se serait d\u00e9roul\u00e9e sur fond de \u00ab\u00a0<strong><em>man\u0153uvres frauduleuses<\/em><\/strong>\u00a0\u00bb dans le but de \u00ab\u00a0<strong><em>gonfler le corps \u00e9lectoral<\/em><\/strong>\u00ab\u00a0. Le m\u00e9dia aurait d\u00e9couvert plus d&rsquo;une centaine de profils falsifi\u00e9s de votants, \u00e0 savoir des <strong>adh\u00e9rents morts<\/strong>, des personnes n&rsquo;ayant pas d&rsquo;int\u00e9r\u00eat pour le parti et ayant \u00ab\u00a0<em><strong>rendu service \u00e0 des connaissances<\/strong>, qui ont parfois r\u00e9gl\u00e9 leur adh\u00e9sion<\/em>\u00ab\u00a0&#8230; et m\u00eame <strong>un chien<\/strong> originaire de Provence-Alpes-C\u00f4te d&rsquo;Azur,<strong> pr\u00e9nomm\u00e9 Douglas<\/strong>!<\/p>\n<h2>Comment Douglas est-il devenu adh\u00e9rent ?<\/h2>\n<p>Mais comment est-ce possible? Il s&rsquo;agirait du <strong>ma\u00eetre du toutou<\/strong>, soutien d&rsquo;Eric Ciotti, qui aurait d\u00e9cid\u00e9 de<strong> cr\u00e9er un compte d&rsquo;adh\u00e9rent \u00e0 son animal<\/strong> afin de v\u00e9rifier s&rsquo;il parvenait \u00e0 \u00eatre enregistr\u00e9. Selon <em>Nice-Matin<\/em>, le propri\u00e9taire du chien n&rsquo;a eu qu&rsquo;\u00e0 enregistrer un autre num\u00e9ro de t\u00e9l\u00e9phone et une carte de cr\u00e9dit diff\u00e9rente de la sienne pour que Douglas soit consid\u00e9r\u00e9 comme adh\u00e9rent.\u00a0<\/p>\n<h2>DouglasGate : parodies et humour canin<\/h2>\n<p>Les internautes ont d&rsquo;ailleurs \u00e9t\u00e9 nombreux \u00e0 se moquer du \u00ab\u00a0<strong>DouglasGate<\/strong>\u00a0\u00bb et de la tournure qu&rsquo;avait pris la<strong>\u00a0campagne pr\u00e9sidentielle<\/strong> apr\u00e8s les r\u00e9v\u00e9lations de <em>Lib\u00e9ration<\/em>. Le chien Douglas a m\u00eame d\u00e9sormais <a href=\"https:\/\/twitter.com\/DouglasPecresse\" target=\"_blank\" rel=\"noopener\"><strong>son propre compte Twitte @DouglasPecresse<\/strong><\/a>, cr\u00e9\u00e9 par un dr\u00f4le d&rsquo;individu qui lui pr\u00eate les d\u00e9clarations: \u00ab\u00a0<em>Je suis le vrai rempart r\u00e9publicain \u00e0 la th\u00e9orie du &lsquo;chat remplacement&rsquo;\u00a0de Madame Le Pen. Mais je ne suis pas non plus na\u00eff face \u00e0 la mont\u00e9e du fondamentalisme f\u00e9liniste, contre lequel nous devons lutter. Avec moi, les &lsquo;arbres \u00e0 chat f\u00e9linistes&rsquo; seront ferm\u00e9s<\/em>\u00a0\u00bb ou encore: \u00ab\u00a0<strong><em>J&rsquo;ai d\u00e9cid\u00e9 d&rsquo;\u00eatre candidat \u00e0 la pr\u00e9sidentielle<\/em><\/strong>\u00ab\u00a0.\u00a0A l&rsquo;heure actuelle, le toutou a plus de <strong>37\u00a0000 abonn\u00e9s<\/strong>.<\/p>\n<div class=\"ccminsert\">\n<blockquote class=\"twitter-tweet\">\n<p dir=\"ltr\" lang=\"fr\">Jai d\u00e9cid\u00e9 d\u00eatre candidat \u00e0 l\u00e9lection pr\u00e9sidentielle.<\/p>\n<p>\u2014 Douglas (@DouglasPecresse) <a href=\"https:\/\/twitter.com\/DouglasPecresse\/status\/1496560520572416000?ref_src=twsrc%5Etfw\">February 23, 2022<\/a><\/p><\/blockquote>\n<\/div>\n<p>Le myst\u00e9rieux individu ayant personnifi\u00e9 Douglas n&rsquo;est pas le seul internaute plaisantin \u00e0 avoir <strong>ri du DouglasGate<\/strong>. Sur la Toile, les <strong>parodies <\/strong>ont fus\u00e9.<\/p>\n<div class=\"ccminsert\">\n<blockquote class=\"twitter-tweet\">\n<p dir=\"ltr\" lang=\"fr\">URGENT : le chien Douglas, r\u00e9v\u00e9lation de la primaire LR, d\u00e9cide de former son propre parti : \u00ab\u00a0Recroquette\u00a0\u00bb.<\/p>\n<p>\u2014 Olivier Varlan (@VarlanOlivier) <a href=\"https:\/\/twitter.com\/VarlanOlivier\/status\/1496477852488851459?ref_src=twsrc%5Etfw\">February 23, 2022<\/a><\/p><\/blockquote>\n<\/div>\n<h2>Pourquoi \u00ab\u00a0le chien\u00a0n&rsquo;a pas pu voter\u00a0\u00bb<\/h2>\n<p>Philippe Bas, s\u00e9nateur Les R\u00e9publicains, a lui r\u00e9agi (tr\u00e8s s\u00e9rieusement)\u00a0\u00e0 cette pol\u00e9mique le 23\u00a0f\u00e9vrier. \u00ab\u00a0<strong><em>Si quelqu&rsquo;un a inscrit son chien, le chien n&rsquo;a pas pu voter parce qu&rsquo;il ne sait pas lire le num\u00e9ro de code envoy\u00e9 par SMS<\/em><\/strong>\u00ab\u00a0, a-t-il d\u00e9clar\u00e9 sans ciller face aux cam\u00e9ras de BFMTV&#8230; ce qui lui a valu plusieurs <strong>moqueries <\/strong>sur Twitter.\u00a0\u00ab\u00a0<em>La campagne P\u00e9cresse est collector<\/em>\u00ab\u00a0, a notamment r\u00e9agi le journaliste Amaury Brelet, chef du service Web de <em>Valeurs Actuelles<\/em>.<\/p>\n<\/p><\/div>\n<p><script async src=\"http:\/\/platform.twitter.com\/widgets.js\" charset=\"utf-8\"><\/script><br \/>\n<br \/>[ad_2]<br \/>\n<br \/><a href=\"https:\/\/www.journaldesfemmes.fr\/societe\/actu\/2789143-chien-douglas-primaire-droite-valerie-pecresse-douglasgate\/\">Source link <\/a><\/p>\n","protected":false},"excerpt":{"rendered":"<p>[ad_1] Douglas, un chien originaire de Nice, aurait vot\u00e9 \u00e0 la primaire de la droite. F\u00e2cheux scandale pour Val\u00e9rie P\u00e9cresse &hellip; <a href=\"http:\/\/www.affinite.fr\/index.php\/2022\/03\/12\/le-chien-douglas-mordu-de-pecresse-a-vote-a-la-primaire-de-la-droite-quel-cabot\/\" class=\"more-link\">Plus <span class=\"screen-reader-text\">Le chien Douglas (mordu de P\u00e9cresse) a vot\u00e9 \u00e0 la primaire de la Droite\u00a0: quel cabot\u00a0!<\/span> <span class=\"meta-nav\">&rarr;<\/span><\/a><\/p>\n","protected":false},"author":1,"featured_media":7559,"comment_status":"","ping_status":"open","sticky":false,"template":"","format":"standard","meta":{"_sitemap_exclude":false,"_sitemap_priority":"","_sitemap_frequency":"","footnotes":""},"categories":[1],"tags":[],"class_list":["post-7558","post","type-post","status-publish","format-standard","has-post-thumbnail","hentry","category-tous"],"_links":{"self":[{"href":"http:\/\/www.affinite.fr\/index.php\/wp-json\/wp\/v2\/posts\/7558"}],"collection":[{"href":"http:\/\/www.affinite.fr\/index.php\/wp-json\/wp\/v2\/posts"}],"about":[{"href":"http:\/\/www.affinite.fr\/index.php\/wp-json\/wp\/v2\/types\/post"}],"author":[{"embeddable":true,"href":"http:\/\/www.affinite.fr\/index.php\/wp-json\/wp\/v2\/users\/1"}],"replies":[{"embeddable":true,"href":"http:\/\/www.affinite.fr\/index.php\/wp-json\/wp\/v2\/comments?post=7558"}],"version-history":[{"count":0,"href":"http:\/\/www.affinite.fr\/index.php\/wp-json\/wp\/v2\/posts\/7558\/revisions"}],"wp:featuredmedia":[{"embeddable":true,"href":"http:\/\/www.affinite.fr\/index.php\/wp-json\/wp\/v2\/media\/7559"}],"wp:attachment":[{"href":"http:\/\/www.affinite.fr\/index.php\/wp-json\/wp\/v2\/media?parent=7558"}],"wp:term":[{"taxonomy":"category","embeddable":true,"href":"http:\/\/www.affinite.fr\/index.php\/wp-json\/wp\/v2\/categories?post=7558"},{"taxonomy":"post_tag","embeddable":true,"href":"http:\/\/www.affinite.fr\/index.php\/wp-json\/wp\/v2\/tags?post=7558"}],"curies":[{"name":"wp","href":"https:\/\/api.w.org\/{rel}","templated":true}]}}