{"id":7556,"date":"2022-03-11T21:51:27","date_gmt":"2022-03-11T21:51:27","guid":{"rendered":"https:\/\/www.affinite.fr\/index.php\/2022\/03\/11\/niveau-1-fin-du-masque-le-14-mars\/"},"modified":"2022-03-11T21:51:27","modified_gmt":"2022-03-11T21:51:27","slug":"niveau-1-fin-du-masque-le-14-mars","status":"publish","type":"post","link":"http:\/\/www.affinite.fr\/index.php\/2022\/03\/11\/niveau-1-fin-du-masque-le-14-mars\/","title":{"rendered":"niveau 1, fin du masque le 14\u00a0mars"},"content":{"rendered":"<p> [ad_1]<br \/>\n<\/p>\n<p>\n                A compter de ce lundi 14\u00a0mars, le niveau du protocole sanitaire est de nouveau all\u00e9g\u00e9 dans les \u00e9coles et passe au niveau 1. Le masque n&rsquo;est d\u00e9sormais plus obligatoire dans les \u00e9coles, coll\u00e8ges et lyc\u00e9es, y compris dans les salles de classe.            <\/p>\n<div>\n<aside class=\"ccmsummary marqueur_module ccmcss_cms_summary ccmcss_cms_summary--right\">\n<p>Sommaire<\/p>\n<\/aside>\n<h2 id=\"nouveau-protocole-sanitaire-et-fin-du-masque-a-lecole-le-14-mars\">Nouveau protocole sanitaire et fin du masque \u00e0 l&rsquo;\u00e9cole le 14 mars<\/h2>\n<p><strong>[Mise \u00e0 jour du 11 mars \u00e0 17h46].<\/strong>\u00a0<strong>A compter du 14 mars, le protocole sanitaire \u00e0 l&rsquo;\u00e9cole est de nouveau all\u00e9g\u00e9, passant du niveau 2 au niveau 1<\/strong> dans toutes les \u00e9coles et \u00e9tablissements scolaires, a pr\u00e9cis\u00e9 ce 10 mars le minist\u00e8re de l&rsquo;Education nationale.\u00a0<strong>Les\u00a0\u00e9l\u00e8ves du primaire au lyc\u00e9e ainsi que les enseignants n&rsquo;auront plus l&rsquo;obligation de porter le masque en int\u00e9rieur<\/strong> apr\u00e8s l&rsquo;avoir abandonn\u00e9 \u00e0 l&rsquo;ext\u00e9rieur depuis la fin des vacances scolaires de f\u00e9vrier. Ceux qui le souhaitent pourront n\u00e9anmoins continuer \u00e0 le porter et il sera tr\u00e8s fortement<strong> recommand\u00e9 pour les cas contacts pendant 7 jours<\/strong>. A cette date, les \u00e9l\u00e8ves\u00a0pourront aussi pratiquer les cours d&rsquo;EPS sans restriction \u00e0 l&rsquo;int\u00e9rieur comme \u00e0 l&rsquo;ext\u00e9rieur (y compris les sports de contact. <strong>Le nouveau protocole sanitaire pr\u00e9voit aussi la fin de l&rsquo;interdiction du brassage des classes et \u00e0 la cantine.<\/strong> Cependant, le\u00a0minist\u00e8re de l&rsquo;Education nationale conseille ,\u00a0\u00bb<em>dans un premier temps et dans la mesure du possible, de limiter les brassages trop importants entre groupe-classe et niveaux notamment pendant les temps de recr\u00e9ation et de restauration<\/em>\u00ab\u00a0. La derni\u00e8re nouveaut\u00e9 concerne<strong> les cas contacts au coll\u00e8ge et au lyc\u00e9e<\/strong>. Jusqu&rsquo;\u00e0 pr\u00e9sent, les \u00e9l\u00e8ves vaccin\u00e9s n&rsquo;\u00e9taient pas consid\u00e9r\u00e9s comme cas contact car ils portaient le masque, d\u00e9sormais. <strong>A partir du 14 mars, \u00ab\u00a0<\/strong><em><strong>tous les \u00e9l\u00e8ves ayant partag\u00e9 une classe avec le cas confirm\u00e9 <\/strong>(classe de tronc commun, groupes de sp\u00e9cialit\u00e9s, options, langues\u2026) (seront)\u00a0consid\u00e9r\u00e9s comme contacts \u00e0 risque, sans distinction entre les \u00e9l\u00e8ves ayant ou non port\u00e9 le masque<\/em>\u00ab\u00a0, pr\u00e9cise le minist\u00e8re de l&rsquo;Education nationale sur son site internet.\u00a0<\/p>\n<p>Rappelons que depuis la fin des vacances scolaires, le <strong>port du masque<\/strong> n&rsquo;est plus obligatoire en ext\u00e9rieur, notamment dans la cour de r\u00e9cr\u00e9ation et depuis le 28 f\u00e9vrier,\u00a0<strong>les \u00e9l\u00e8ves n&rsquo;ont plus besoin d&rsquo;effectuer trois tests \u00e0 J0, J+2 et J+4, mais seulement un test \u00e0 J2<\/strong>, afin de prouver qu&rsquo;ils sont n\u00e9gatifs lorsqu&rsquo;ils sont cas contacts. Enfin, la <strong>pr\u00e9sentation d&rsquo;une d\u00e9claration sur l&rsquo;honneur <\/strong>attestant de la r\u00e9alisation des tests n&rsquo;est plus exig\u00e9e pour le retour \u00e0 l&rsquo;\u00e9cole.\u00a0<\/p>\n<h2 id=\"sorties-scolaires--le-pass-sanitaire-ou-vaccinal-suspendu-le-14-mars\">Sorties scolaires : le pass sanitaire ou vaccinal suspendu le 14 mars<\/h2>\n<p>\u00ab\u00a0A partir du 14\u00a0mars 2022, l&rsquo;application des passes vaccinal et sanitaire sera suspendue sur le territoire m\u00e9tropolitain dans tous les \u00e9tablissements o\u00f9 il \u00e9tait exig\u00e9 (lieux de loisirs et de culture, activit\u00e9s de restauration commerciales, foires et salons professionnels \u2026) \u00e0 l&rsquo;exception des \u00e9tablissements sanitaires et m\u00e9dico-sociaux\u00a0\u00bb pr\u00e9cise le minist\u00e8re de l&rsquo;Education nationale.\u00a0Ils ne seront donc plus exig\u00e9s pour les sorties scolaires, ou encore les activit\u00e9s des f\u00e9d\u00e9rations sportives scolaires.<\/p>\n<h2 id=\"vers-la-fin-du-masque-dans-les-classes-\">Que pr\u00e9voit\u00a0le niveau 1 pour les \u00e9coles primaires, coll\u00e8ges et lyc\u00e9es ?<\/h2>\n<p>Le minist\u00e8re de l&rsquo;Education pr\u00e9voit quatre cas de figure selon la situation \u00e9pid\u00e9mique, avec des adaptations au niveau national ou territorial au cours de l&rsquo;ann\u00e9e scolaire 2021-2022. L&rsquo;enseignement \u00e0 distance ainsi que les activit\u00e9s physiques et sportives pourront \u00eatre modifi\u00e9s selon le niveau. Voici ce que pr\u00e9voit le<strong> protocole sanitaire de niveau 1\u00a0:<\/strong><\/p>\n<ul>\n<li>accueil en pr\u00e9sentiel de tous les \u00e9l\u00e8ves ;\u00a0<\/li>\n<li>les activit\u00e9s physiques et sportives sont autoris\u00e9es en int\u00e9rieur et en ext\u00e9rieur ;<\/li>\n<li>pour le personnel, le port du masque est obligatoire dans les espaces clos et les r\u00e8gles relatives au port du masque en ext\u00e9rieur en population g\u00e9n\u00e9rale sont respect\u00e9es<\/li>\n<li>pour les \u00e9l\u00e8ves, le port du masque est obligatoire pour les coll\u00e9giens et lyc\u00e9ens dans les espaces clos.\u00a0Ainsi,<strong> il n&rsquo;est plus obligatoire en primaire, d\u00e8s le CP.<\/strong><\/li>\n<li>La limitation du brassage entre groupes d&rsquo;\u00e9l\u00e8ves (classes, groupes de classes, niveaux) n&rsquo;est pas obligatoire.\u00a0<\/li>\n<li>Nettoyage et d\u00e9sinfection des locaux\u00a0:\u00a0au moins une fois par jour. Les tables du r\u00e9fectoire sont nettoy\u00e9es et d\u00e9sinfect\u00e9es, a minima, apr\u00e8s chaque service ;<\/li>\n<li>A la cantine, les espaces devront \u00eatre am\u00e9nag\u00e9s pour permettre le plus de distanciation possible entre les \u00e9l\u00e8ves<\/li>\n<\/ul>\n<div style=\"text-align:center\">\n<figure class=\"image\" style=\"display:inline-block\"><a class=\"fancy\" href=\"https:\/\/img-3.journaldesfemmes.fr\/y7OVLsr58mYS_RfoMf62YUQ06MA=\/1080x\/smart\/9c94f2914c2844c4b3295dd4b5a92355\/ccmcms-jdf\/31949494.jpg\" target=\"_blank\" rel=\"noopener\"><img decoding=\"async\" alt=\"protocole-sanitaire-ecole\" src=\"https:\/\/img-3.journaldesfemmes.fr\/nrgxIrtNr25mJ8sYEJ1ws81ITqo=\/600x\/smart\/9c94f2914c2844c4b3295dd4b5a92355\/ccmcms-jdf\/31949494.jpg\"\/><\/a><figcaption data-credit=\"Minist\u00e8re de l'Education nationale\" data-legend=\"Protocole sanitaire \u00e0 l'\u00e9cole pour la rentr\u00e9e scolaire\">Protocole sanitaire \u00e0 l&rsquo;\u00e9cole pour la rentr\u00e9e scolaire <small>\u00a9\u00a0Minist\u00e8re de l&rsquo;Education nationale<\/small><\/figcaption><\/figure>\n<\/div>\n<h2 id=\"protocole-sanitaire-a-lecole--niveau-1-niveau-vert\">\u200b\u200b\u200b\u200b\u200b\u200bProtocole sanitaire \u00e0 l&rsquo;\u00e9cole\u00a0: Niveau 2\/ niveau jaune<\/h2>\n<ul>\n<li>accueil en pr\u00e9sentiel de tous les \u00e9l\u00e8ves.\u00a0<\/li>\n<li>Les activit\u00e9s physiques et sportives se d\u00e9roulent en principe \u00e0 l&rsquo;ext\u00e9rieur. En cas d&rsquo;intemp\u00e9ries par exemple, les activit\u00e9s pourront avoir lieu en int\u00e9rieur avec\u00a0une distanciation de 2\u00a0m\u00e8tres.<\/li>\n<li>Le port du masque est obligatoire en int\u00e9rieur pour le personnel de l&rsquo;Education nationale.<\/li>\n<li>Le port du masque est obligatoire\u00a0dans les espaces clos. Rappelons que le masque ne sera plus obligatoire en int\u00e9rieur \u00e0 compter du 14\u00a0mars.<\/li>\n<li>La limitation du brassage entre \u00e9l\u00e8ves de groupes diff\u00e9rents (classe, groupes de classes ou niveau) est requise. Cette limitation est d&rsquo;autant plus n\u00e9cessaire lorsque la distanciation entre \u00e9l\u00e8ves d&rsquo;un m\u00eame groupe peut difficilement \u00eatre respect\u00e9e comme \u00e0 l&rsquo;\u00e9cole maternelle par exemple. Lorsque cette recommandation ne peut s&rsquo;appliquer, notamment au lyc\u00e9e,\u00a0la limitation du brassage s&rsquo;applique par niveau ;<\/li>\n<li>Nettoyage des locaux\u00a0: plusieurs fois par jour. Les tables du r\u00e9fectoire sont nettoy\u00e9es et d\u00e9sinfect\u00e9es, a minima, apr\u00e8s chaque service ;<\/li>\n<li>A la cantine,\u00a0la stabilit\u00e9 des groupes est recherch\u00e9e et, dans la mesure du possible, les m\u00eames \u00e9l\u00e8ves d\u00e9jeunent tous les jours \u00e0 la m\u00eame table dans le premier degr\u00e9. Il est recommand\u00e9 d&rsquo;organiser un service individuel (plateaux, couverts, eau, dressage \u00e0 l&rsquo;assiette ou au plateau).<\/li>\n<\/ul>\n<h2 id=\"que-prevoit-le-niveau-3-du-protocole-sanitaire-\">Que pr\u00e9voit le niveau 3 du protocole sanitaire ?<\/h2>\n<ul>\n<li>Le port du masque en int\u00e9rieur et ext\u00e9rieur pour les \u00e9l\u00e8ves d\u00e8s le CP ainsi que le personnel.\u00a0<\/li>\n<li>hybridation possible au lyc\u00e9e lorsque la configuration de l&rsquo;\u00e9tablissement le n\u00e9cessite.\u00a0<\/li>\n<li>Les activit\u00e9s se d\u00e9roulent en ext\u00e9rieur, mais en cas de besoin en int\u00e9rieur,\u00a0seules les activit\u00e9s de basse intensit\u00e9 compatibles avec le port du masque et une distanciation de 2\u00a0m\u00e8tres sont autoris\u00e9es.<\/li>\n<li>Pour le personnel, le masque est obligatoire dans les espaces clos et en ext\u00e9rieur\u00a0<\/li>\n<li>Le masque est obligatoire en primaire, au coll\u00e8ge et lyc\u00e9e dans les espaces clos et en ext\u00e9rieur<\/li>\n<li>limitation du brassage entre \u00e9l\u00e8ves de groupes diff\u00e9rents (classe, groupes de classes ou niveau). Dans le premier degr\u00e9, le non brassage entre les \u00e9l\u00e8ves de classes diff\u00e9rentes doit imp\u00e9rativement \u00eatre respect\u00e9 \u00e0 la cantine. Cette limitation est d&rsquo;autant plus n\u00e9cessaire lorsque la distanciation entre \u00e9l\u00e8ves d&rsquo;un m\u00eame groupe peut difficilement \u00eatre respect\u00e9e (en particulier \u00e0 l&rsquo;\u00e9cole maternelle). Lorsque le non brassage entre classes n&rsquo;est pas possible (notamment au lyc\u00e9e), la limitation du brassage s&rsquo;applique par niveau ;<\/li>\n<li>Nettoyage des locaux\u00a0:\u00a0plusieurs fois par jour. Les tables du r\u00e9fectoire sont nettoy\u00e9es et d\u00e9sinfect\u00e9es, a minima, apr\u00e8s chaque service et, si possible, apr\u00e8s chaque repas ;<\/li>\n<li>Les \u00e9l\u00e8ves d\u00e9jeunent par groupe et si possible, tous les jours \u00e0 la m\u00eame table dans le premier degr\u00e9 avec une distanciation d&rsquo;au moins deux m\u00e8tres avec les \u00e9l\u00e8ves des autres classes.\u00a0Le service individuel est mis en place (plateaux, couverts, dressage \u00e0 l&rsquo;assiette, eau), mais le vrac est interdit.<\/li>\n<\/ul>\n<h2 id=\"protocole-sanitaire-a-lecole--niveau-3--niveau-orange\"><span style=\"font-size: 1.25rem;\">Protocole sanitaire \u00e0 l&rsquo;\u00e9cole : Niveau 4\/ niveau rouge<\/span><\/h2>\n<ul>\n<li>hybridation syst\u00e9matique au lyc\u00e9e et pour les \u00e9l\u00e8ves de 4\u00e8me et de 3\u00e8me au coll\u00e8ge avec une limitation des effectifs \u00e0 50\u00a0%.<\/li>\n<li>Concernant les activit\u00e9s\u00a0physiques et sportives, elles sont maintenues en ext\u00e9rieur, dans le respect d&rsquo;une distanciation de 2\u00a0m\u00e8tres et suspendues en int\u00e9rieur.<\/li>\n<li>le port du masque est obligatoire dans les espaces clos et en ext\u00e9rieur pour le personnel<\/li>\n<li>Le masque est obligatoire en primaire, au coll\u00e8e get lyc\u00e9e dans les espaces clos et en ext\u00e9rieur<\/li>\n<li>Limitation du brassage des \u00e9l\u00e8ves : les r\u00e8gles sont les m\u00eames que le niveau 3 (orange)<\/li>\n<li>Nettoyage des locaux : plusieurs fois par jour, apr\u00e8s chaque service, et si possible apr\u00e8s chaque repas.<\/li>\n<li>A la cantine, les m\u00eames r\u00e8gles que le niveau orange s&rsquo;appliquent : pas de vrac, service individuel, d\u00e9jeuner en groupe et si possible tous les jours \u00e0 la m\u00eame table dans le premier degr\u00e9.<\/li>\n<\/ul><\/div>\n<p>[ad_2]<br \/>\n<br \/><a href=\"https:\/\/www.journaldesfemmes.fr\/maman\/guide-des-parents\/2638931-protocole-ecole-niveau-1-fin-du-masque-le-14-mars\/\">Source link <\/a><\/p>\n","protected":false},"excerpt":{"rendered":"<p>[ad_1] A compter de ce lundi 14\u00a0mars, le niveau du protocole sanitaire est de nouveau all\u00e9g\u00e9 dans les \u00e9coles et &hellip; <a href=\"http:\/\/www.affinite.fr\/index.php\/2022\/03\/11\/niveau-1-fin-du-masque-le-14-mars\/\" class=\"more-link\">Plus <span class=\"screen-reader-text\">niveau 1, fin du masque le 14\u00a0mars<\/span> <span class=\"meta-nav\">&rarr;<\/span><\/a><\/p>\n","protected":false},"author":1,"featured_media":7557,"comment_status":"","ping_status":"open","sticky":false,"template":"","format":"standard","meta":{"_sitemap_exclude":false,"_sitemap_priority":"","_sitemap_frequency":"","footnotes":""},"categories":[1],"tags":[],"class_list":["post-7556","post","type-post","status-publish","format-standard","has-post-thumbnail","hentry","category-tous"],"_links":{"self":[{"href":"http:\/\/www.affinite.fr\/index.php\/wp-json\/wp\/v2\/posts\/7556"}],"collection":[{"href":"http:\/\/www.affinite.fr\/index.php\/wp-json\/wp\/v2\/posts"}],"about":[{"href":"http:\/\/www.affinite.fr\/index.php\/wp-json\/wp\/v2\/types\/post"}],"author":[{"embeddable":true,"href":"http:\/\/www.affinite.fr\/index.php\/wp-json\/wp\/v2\/users\/1"}],"replies":[{"embeddable":true,"href":"http:\/\/www.affinite.fr\/index.php\/wp-json\/wp\/v2\/comments?post=7556"}],"version-history":[{"count":0,"href":"http:\/\/www.affinite.fr\/index.php\/wp-json\/wp\/v2\/posts\/7556\/revisions"}],"wp:featuredmedia":[{"embeddable":true,"href":"http:\/\/www.affinite.fr\/index.php\/wp-json\/wp\/v2\/media\/7557"}],"wp:attachment":[{"href":"http:\/\/www.affinite.fr\/index.php\/wp-json\/wp\/v2\/media?parent=7556"}],"wp:term":[{"taxonomy":"category","embeddable":true,"href":"http:\/\/www.affinite.fr\/index.php\/wp-json\/wp\/v2\/categories?post=7556"},{"taxonomy":"post_tag","embeddable":true,"href":"http:\/\/www.affinite.fr\/index.php\/wp-json\/wp\/v2\/tags?post=7556"}],"curies":[{"name":"wp","href":"https:\/\/api.w.org\/{rel}","templated":true}]}}