{"id":7539,"date":"2022-03-07T21:46:01","date_gmt":"2022-03-07T21:46:01","guid":{"rendered":"https:\/\/www.affinite.fr\/index.php\/2022\/03\/07\/greves-feministes-cout-du-sexisme-misogynie-a-la-presidentielle\/"},"modified":"2022-03-07T21:46:01","modified_gmt":"2022-03-07T21:46:01","slug":"greves-feministes-cout-du-sexisme-misogynie-a-la-presidentielle","status":"publish","type":"post","link":"http:\/\/www.affinite.fr\/index.php\/2022\/03\/07\/greves-feministes-cout-du-sexisme-misogynie-a-la-presidentielle\/","title":{"rendered":"Gr\u00e8ves f\u00e9ministes, Co\u00fbt du sexisme, Misogynie \u00e0 la pr\u00e9sidentielle"},"content":{"rendered":"<p> [ad_1]<br \/>\n<br \/><img decoding=\"async\" src=\"https:\/\/img-3.journaldesfemmes.fr\/BTGdgztfljKYzVcXp90XI7TqL1M=\/1280x\/smart\/78010066542a4d18b225c34dd5459f1c\/ccmcms-jdf\/32478636.jpg\" \/><\/p>\n<p>\n                A l&rsquo;occasion de la Journ\u00e9e internationale des Droits des Femmes, celles-ci sont \u00e0 l&rsquo;honneur chaque ann\u00e9e le 8\u00a0mars. Mais connaissez-vous l&rsquo;origine de cette journ\u00e9e\u00a0? Retour aux sources d&rsquo;un combat qui vient de loin, \u00e9tat des lieux de la situation des femmes, et surtout les actions men\u00e9es ce 8\u00a0mars 2022.            <\/p>\n<div>\n<aside class=\"ccmsummary marqueur_module ccmcss_cms_summary ccmcss_cms_summary--right\">\n<p>Sommaire<\/p>\n<\/aside>\n<p><strong>[Mis \u00e0 jour le lundi 7 mars \u00e0 18h36] <\/strong>Le 8 Mars,<strong>\u00a0<\/strong>\u00e0 l&rsquo;occasion de la<strong> Journ\u00e9e internationale des <a href=\"https:\/\/www.journaldesfemmes.fr\/societe\/guide-pratique\/2700681-droits-des-femmes\/\" title=\"Droit des femmes\">Droits des Femmes<\/a><\/strong>,<strong>\u00a0<\/strong>elles montent au cr\u00e9neau.\u00a0Les organisations <strong>syndicales, f\u00e9ministes et politiques<\/strong> appellent \u00e0 une <strong>gr\u00e8ve f\u00e9ministe<\/strong>\u00a0et r\u00e9pondent pr\u00e9sentes \u00e0 l&rsquo;occasion de\u00a0<strong>manifestations dans toute la France<\/strong>.<\/p>\n<p>Les objectifs sont nombreux:\u00a0demander l&rsquo;\u00e9galit\u00e9 (notamment salariale et professionnelle), la fin des violences <a href=\"https:\/\/www.journaldesfemmes.fr\/societe\/guide-pratique\/2683213-sexisme\/\" title=\"Sexisme\">sexistes<\/a> et sexuelles,\u00a0d\u00e9velopper une \u00e9ducation f\u00e9ministe en France, atteindre le \u00ab\u00a0<em>rattrapage des pensions des femmes retrait\u00e9es<\/em>\u00ab\u00a0, inf\u00e9rieures de 40% \u00e0 celles des hommes. <strong>A Paris, le rendez-vous est donn\u00e9 \u00e0 13h, \u00e0 Gare du Nord, afin d&rsquo;entamer un parcours d\u00e8s 14h en direction de l&rsquo;h\u00f4pital Tenon.\u00a0<\/strong><\/p>\n<p><span style=\"font-size: 1rem;\">Les militantes appellent \u00e9galement les femmes \u00e0<\/span><strong style=\"font-size: 1rem;\"> s&rsquo;arr\u00eater de travailler \u00e0 15h40<\/strong><span style=\"font-size: 1rem;\">, heure o\u00f9, symboliquement, elles ne sont plus pay\u00e9es, en fonction de<\/span><strong style=\"font-size: 1rem;\"> l&rsquo;\u00e9cart salarial<\/strong><span style=\"font-size: 1rem;\"> avec les hommes.\u00a0Elles sont \u00e9galement appel\u00e9es \u00e0 cesser toute corv\u00e9e ou travail domestique, pour protester contre la <\/span><strong style=\"font-size: 1rem;\"><a href=\"https:\/\/www.journaldesfemmes.fr\/societe\/guide-pratique\/2682137-charge-mentale-femmes-au-bord-du-burn-out-domestique\/\" title=\"Charge mentale\">charge mentale<\/a><\/strong><span style=\"font-size: 1rem;\">.\u00a0<\/span><\/p>\n<h2><span style=\"font-size: 1rem;\">Le sexisme : un fl\u00e9au toujours d&rsquo;actualit\u00e9<\/span><\/h2>\n<p><span style=\"font-size: 1rem;\">Le sexisme est toujours bien pr\u00e9sent dans notre soci\u00e9t\u00e9, indique la rapport du Haut-conseil \u00e0 l&rsquo;\u00e9galit\u00e9 femmes-hommes, paru le 7 mars.\u00a0Le premier \u00ab\u00a0Barom\u00e8tre sexisme\u00a0\u00bb montre que\u00a046\u00a0% des femmes interrog\u00e9es ont d\u00e9j\u00e0 \u00e9t\u00e9 <strong>victime d&rsquo;actes sexistes au travail<\/strong>, et 43\u00a0% les ont d\u00e9j\u00e0 exp\u00e9riment\u00e9s\u00a0<strong>chez elles<\/strong>. 13<\/span>\u00a0% d&rsquo;entre elles disent avoir d\u00e9j\u00e0 <strong>subi un rapport sexuel impos\u00e9<\/strong>, dont 20% des 18-34 ans.\u00a0Aujourd&rsquo;hui, <strong>un Fran\u00e7ais sur trois <\/strong>affirme qu&rsquo;il essaie d&rsquo;\u00eatre attentif\u00a0\u00e0 <strong>ne pas \u00eatre sexiste dans ses actes et propos<\/strong>.<\/p>\n<h2>Les in\u00e9galit\u00e9s hommes-femmes co\u00fbtent cher !<\/h2>\n<p>D&rsquo;apr\u00e8s une \u00e9tude d\u00e9voil\u00e9e par la Fondation des Femmes sur France Inter, les <strong>in\u00e9galit\u00e9s hommes-femmes co\u00fbtent pas moins de 118\u00a0milliards d&rsquo;euros<\/strong>, par an et en France. \u00ab\u00a0<em>Les in\u00e9galit\u00e9s se mesurent avant tout en <strong>vies bris\u00e9es, marginalis\u00e9es, ou ignor\u00e9es<\/strong>. Mais puisqu&rsquo;il faut visiblement parler chiffre pour peser dans le d\u00e9bat, nous avons d\u00e9cid\u00e9 de <strong>calculer ce co\u00fbt des in\u00e9galit\u00e9s entre femmes et hommes<\/strong><\/em>\u00ab\u00a0, a expliqu\u00e9 Anne-C\u00e9cile Mailfert, pr\u00e9sidente de la Fondation des Femmes.<\/p>\n<p>Les \u00ab\u00a0<strong><em>comportements virils<\/em><\/strong>\u00ab\u00a0, par exemple,\u00a0co\u00fbteraient environ 89\u00a0milliards d&rsquo;euros \u00e0 la soci\u00e9t\u00e9. \u00ab\u00a0<em>84\u00a0%\u00a0des accidents mortels sont caus\u00e9s par des hommes. C&rsquo;est un <strong>surco\u00fbt extr\u00eamement important pour la collectivit\u00e9<\/strong>\u00ab\u00a0<\/em>, a expliqu\u00e9 la chercheuse Lucile Peytavin. En ce qui concerne les\u00a0<strong><a href=\"https:\/\/www.journaldesfemmes.fr\/societe\/guide-pratique\/2677899-violence-conjugale-contre-les-femmes-hausse-de-10-loi-chiffres-manif\/\" title=\"Violence conjugale\">violences conjugales<\/a><\/strong>,\u00a03,6\u00a0milliards d&rsquo;euros seraient perdus \u00e0 cause des frais m\u00e9dicaux pour les victimes,\u00a0mais aussi des aides sociales n\u00e9cessaires, par exemple.<\/p>\n<h2>Ensemble Contre le Sexisme : une lettre aux candidat.e.s de la pr\u00e9sidentielle<\/h2>\n<p><span style=\"font-size: 1rem;\">Le collectif Ensemble Contre le Sexisme a publi\u00e9, \u00e0 l&rsquo;attention des candidats et candidates \u00e0 l&rsquo;\u00e9lection pr\u00e9sidentielle\u00a0une liste de 22<\/span>\u00a0imp\u00e9ratifs pour un quinquennat f\u00e9ministe.\u00a0Parmi ces<strong> \u00ab\u00a0<em>leviers<\/em>\u00a0\u00bb pour combattre le sexisme<\/strong>, l&rsquo;on peut citer notamment la \u00ab\u00a0<em>lutte contre les <strong>violences patriarcales<\/strong><\/em>\u00ab\u00a0, \u00ab\u00a0<em>la vie publique<\/em>\u00a0\u00bb afin de \u00ab\u00a0<em>garantir le <strong>partage du pouvoir entre les femmes et les hommes<\/strong><\/em>\u00a0\u00bb mais aussi \u00ab\u00a0les finances publiques\u00a0\u00bb pour \u00ab\u00a0<strong><em>d\u00e9conjugaliser notre syst\u00e8me fiscal<\/em><\/strong>\u00ab\u00a0.<\/p>\n<div class=\"ccminsert\">\n<blockquote class=\"twitter-tweet\">\n<p dir=\"ltr\" lang=\"fr\">Toute cette semaine, nos membres vous expliqueront en quoi nos 22 imp\u00e9ratifs sont n\u00e9cessaires pour \u00e9radiquer enfin le sexisme. Stay tuned <a href=\"https:\/\/twitter.com\/CSexisme\/status\/1500866776795693067\/photo\/1\">pic.twitter.com\/75oJ6Y67do<\/a><\/p>\n<p>\u2014 Collectif Ensemble Contre le Sexisme (@CSexisme) <a href=\"https:\/\/twitter.com\/CSexisme\/status\/1500866776795693067?ref_src=twsrc%5Etfw\">March 7, 2022<\/a><\/p><\/blockquote>\n<\/div>\n<h2>De f\u00e9ministe \u00e0 misogyne : les programmes des candidat.e.s pass\u00e9 au crible\u00a0<\/h2>\n<p>A l&rsquo;occasion de la Journ\u00e9e internationale des droits des femmes, l&rsquo;association militante Osez Le F\u00e9minisme a, elle, class\u00e9 les programmes des candidats et candidates \u00e0 l&rsquo;\u00e9lection pr\u00e9sidentielle en les qualifiant de<strong> \u00ab\u00a0<em>f\u00e9ministe<\/em>\u00a0\u00bb \u00e0 \u00ab\u00a0<em><a href=\"https:\/\/www.journaldesfemmes.fr\/societe\/guide-pratique\/2684577-misogynie\/\" title=\"Misogynie\">misogyne<\/a><\/em>\u00ab\u00a0.<\/strong>\u00a0Sur cette \u00e9chelle,<strong> Jean-Luc M\u00e9lenchon<\/strong> est consid\u00e9r\u00e9 comme le plus f\u00e9ministe, tandis qu&rsquo;<strong>Eric Zemmour<\/strong> est d\u00e9crit comme le plus misogyne.<\/p>\n<h2>Les entreprises, responsables de l&rsquo;\u00e9cart salarial<\/h2>\n<p>A moins de deux mois de l&rsquo;\u00e9lection pr\u00e9sidentielle, les Fran\u00e7ais font le <strong>bilan du quinquennat d&rsquo;<a href=\"https:\/\/www.journaldesfemmes.fr\/people\/emmanuel-macron\/\" title=\"Emmanuel Macron\">Emmanuel Macron<\/a><\/strong>, qui avait promis de placer la question des <strong>droits des femmes<\/strong> au centre de son programme. Certaines mesures, comme celles d\u00e9cid\u00e9es \u00e0 l&rsquo;issue du grenelle des violences conjugales, ou <strong>l&rsquo;index de l&rsquo;\u00e9galit\u00e9 en entreprise<\/strong> sont f\u00e9licit\u00e9es. Mais dans les faits,\u00a0l&rsquo;\u00e9cart salarial, par exemple, peine \u00e0 se r\u00e9duire. Les entreprises seraient en partie responsables.<\/p>\n<p>Selon un sondage sur le leadership au f\u00e9minin, effectu\u00e9 par MoovOne en 2021, <strong>l&rsquo;\u00e9galit\u00e9 hommes-femmes<\/strong> n&rsquo;est un enjeu que pour <strong>27%<\/strong> des entreprises. Environ<strong> 49% <\/strong>des personnes sond\u00e9es estiment que les entreprises n&rsquo;ont pas \u00e9labor\u00e9 de strat\u00e9gies concr\u00e8tes pour aller dans le bon sens.<\/p>\n<h2>L&rsquo;\u00e9galit\u00e9 femmes\/hommes : qu&rsquo;en pensent les Fran\u00e7ais ?<\/h2>\n<p>Selon une \u00e9tude Ipsos Global Advisor,\u00a0r\u00e9alis\u00e9e en 2021, <strong>l&rsquo;\u00e9galit\u00e9 salariale entre les sexes <\/strong>est primordiale pour un Fran\u00e7ais sur deux.\u00a0Mais la plupart des citoyens sont plut\u00f4t pessimistes quant \u00e0 une \u00e9ventuelle <strong>am\u00e9lioration de la situation<\/strong>.\u00a0Environ 11% pensent que<strong> l&rsquo;\u00e9galit\u00e9 femmes\/hommes<\/strong> sera moindre, et seulement 5% estiment qu&rsquo;elle progressera. 52% des Fran\u00e7ais restent convaincus que la crise sanitaire ne changera rien. \u00a0<\/p>\n<p>A quels domaines est-il urgent de s&rsquo;attaquer ?\u00a0La<strong> flexibilit\u00e9 au travail<\/strong> pour les femmes est primordiale, pour 32% des Fran\u00e7ais, mais surtout la <strong>lutte contre les violences<\/strong> (41%). En troisi\u00e8me position, 26% des citoyens souhaitent que les femmes aient un meilleur <strong>acc\u00e8s au syst\u00e8me de sant\u00e9.<\/strong><\/p>\n<h2>Journ\u00e9e des droits des femmes : qui l&rsquo;a initi\u00e9e en France ?<\/h2>\n<p>Mais qui a donc permis la reconnaissance de cette<strong> Journ\u00e9e internationale des droits des femmes\u00a0en France<\/strong>?\u00a0<\/p>\n<p>On le sait peu, mais en 1982,\u00a0la psychanalyste et militante MLF <strong>Antoinette Fouque<\/strong> a \u0153uvr\u00e9 pour convaincre le pr\u00e9sident de la R\u00e9publique de l&rsquo;\u00e9poque, <strong>Fran\u00e7ois Mitterrand<\/strong>, de reconna\u00eetre le 8 mars comme la Journ\u00e9e des droits des femmes.<\/p>\n<p>Elle souhaitait m\u00eame \u00e0 l&rsquo;\u00e9poque que cette journ\u00e9e soit <strong>ch\u00f4m\u00e9e, f\u00e9ri\u00e9e et pay\u00e9e!<\/strong>\u00a0<\/p>\n<p>Pour c\u00e9l\u00e9brer son combat, les \u00e9ditions Des Femmes ont publi\u00e9 en janvier trois livres afin d&rsquo;en savoir davantage sur la lutte qu&rsquo;elle a men\u00e9e jusqu&rsquo;\u00e0 sa mort en 2014.\u00a0Rettrouvez les livres, d\u00e9sormais disponibles, <strong><em>Qui \u00eates-vous, Antoinette Fouque?\u00a0Entretiens avec Christophe Bourseiller<\/em>,<em> Gravidanza \u2013 F\u00e9minologie II<\/em>, <em>G\u00e9n\u00e9sique \u2013 F\u00e9minologie III.<\/em><\/strong><\/p>\n<p><iframe loading=\"lazy\" allow=\"accelerometer; autoplay; clipboard-write; encrypted-media; gyroscope; picture-in-picture\" allowfullscreen=\"\" frameborder=\"0\" height=\"315\" src=\"https:\/\/www.youtube.com\/embed\/VCSYfBJdxsE\" width=\"560\"><\/iframe><\/p>\n<h2>L&rsquo;\u00e9galit\u00e9 des sexes : quelle priorit\u00e9 pour les citoyens ?<\/h2>\n<p><strong>L&rsquo;\u00e9galit\u00e9 femmes-hommes <\/strong>est enfin devenue une<strong> priorit\u00e9 pour les citoyens<\/strong>. Un\u00a0rapport datant de 2021 des associations Focus 2030\u00a0et Women Deliver montre que les pr\u00e9occupations ont (heureusement) \u00e9volu\u00e9.\u00a0Une majorit\u00e9 des personnes sond\u00e9es parmi plusieurs pays d\u00e9clarent que l&rsquo;\u00e9galit\u00e9 des sexes<strong> \u00ab\u00a0<em>leur importe \u00e0 titre personnel<\/em><\/strong>\u00a0\u00bb (80\u00a0% en France). Pr\u00e8s de\u00a065\u00a0% (64\u00a0% en France) estiment<br \/>que leur gouvernement devrait en faire davantage pour <strong>promouvoir l&rsquo;\u00e9galit\u00e9 femmes-hommes<\/strong> dans leur pays.<\/p>\n<p>L&rsquo;\u00e9tude men\u00e9e dans 17 pays montre que l&rsquo;\u00e9galit\u00e9 des sexes est <strong>tr\u00e8s importante pour 52\u00a0% des sond\u00e9s<\/strong> et <strong>assez importante pour 28\u00a0% <\/strong>d&rsquo;entre eux. Pour 3\u00a0% des personnes interrog\u00e9es, elle n&rsquo;est pas du tout importante.<\/p>\n<p>Les femmes du monde entier sont mises \u00e0 l&rsquo;honneur\u00a0durant la <strong>journ\u00e9e du\u00a08 mars<\/strong>, devenue une date symbolique pour tous les combats li\u00e9s \u00e0 la cause f\u00e9minine. Mais connaissez-vous la gen\u00e8se de ce jour ?\u00a0 La Journ\u00e9e du 8 Mars tire\u00a0son origine dans la lutte pour l&rsquo;\u00e9galit\u00e9 face \u00e0 une soci\u00e9t\u00e9 patriarcale,\u00a0malgr\u00e9 plusieurs r\u00e9cup\u00e9rations politiques. De la Russie communiste en passant par les slogans percutants des mouvements <a href=\"https:\/\/www.journaldesfemmes.fr\/societe\/guide-pratique\/2700677-feminisme\/\" title=\"F\u00e9minisme\">f\u00e9ministes<\/a> fran\u00e7ais des ann\u00e9es 1970, lumi\u00e8re sur les origines\u00a0de cette journ\u00e9e unique dans notre calendrier.<\/p>\n<h2>La Journ\u00e9e des Droits des Femmes est n\u00e9e en Russie\u00a0<\/h2>\n<p>Le 8\u00a0mars 1917, \u00e0 Petrograd, devenue Saint-P\u00e9tersbourg,\u00a0des femmes descendent dans les rues pour faire entendre leur voix. Elles r\u00e9clament de quoi manger et le retour de leurs \u00e9poux\u00a0partis au combat : c&rsquo;est le d\u00e9but de la R\u00e9volution russe mais aussi celle des femmes du globe. Face \u00e0 la mis\u00e8re et au froid, elles font gr\u00e8ve et demandent la paix en marchant pacifiquement. C&rsquo;est ainsi que la date du 8 mars est devenue une date-cl\u00e9. En 1921, <strong>L\u00e9nine proclame le 8 mars comme \u00e9tant la Journ\u00e9e des Femmes<\/strong>, en m\u00e9moire \u00e0 celles qui ont fait na\u00eetre la R\u00e9volution russe. Discours et affiches de propagande invitent les travailleuses opprim\u00e9es\u00a0\u00e0 se rallier aux contestations communistes pour d\u00e9fendre leurs droits. Apr\u00e8s la Seconde guerre mondiale, <strong>on c\u00e9l\u00e8bre la gent f\u00e9minine\u00a0lors de la Journ\u00e9e des Femmes un peu partout en Europe, aux Etats-Unis et en U.R.S.S.<\/strong> En France, le mouvement \u00ab\u00a0Femmes Solidaires\u00a0\u00bb de l&rsquo;Union des Femmes Fran\u00e7aises (UFF), qui compte 1 million d&rsquo;adh\u00e9rentes en 1947, proc\u00e8de\u00a0\u00e0 des avanc\u00e9es en mati\u00e8re de droits. Le 8 mars est d\u00e9sormais intrins\u00e8quement li\u00e9 \u00e0 la lutte des femmes dans le monde.<\/p>\n<p><strong>A partir des ann\u00e9es 1970, les combats s&rsquo;amplifient et prennent une tournure plus f\u00e9ministe.<\/strong> <strong><a href=\"https:\/\/www.journaldesfemmes.fr\/people\/simone-veil\/\" title=\"Simone Veil\">Simone Veil<\/a><\/strong> est la premi\u00e8re femme \u00e0 entrer au Conseil sup\u00e9rieur de la magistrature, le premier manifeste f\u00e9ministe <em>\u00ab\u00a0Le torchon br\u00fble\u00a0\u00bb<\/em> para\u00eet et le Mouvement de Lib\u00e9ration des Femmes (MLF) na\u00eet. Associations, mobilisations, slogans : ces derni\u00e8res se battent contre l&rsquo;avortement, l&rsquo;<a href=\"https:\/\/www.journaldesfemmes.fr\/societe\/guide-pratique\/2693425-inceste\/\" title=\"Incestueux\">inceste<\/a>, le\u00a0viol et pour l&rsquo;IVG et l&rsquo;\u00e9galit\u00e9 des droits.<\/p>\n<p><strong>En 1977, l&rsquo;ONU proclame le 8 mars comme \u00e9tant la Journ\u00e9e Internationale des Femmes<\/strong>, dans le prolongement de l'\u00a0\u00bbAnn\u00e9e de la Femme\u00a0\u00bb, qui a \u00e9t\u00e9 d\u00e9cr\u00e9t\u00e9e\u00a0en 1975 en r\u00e9ponses aux nombreux mouvements f\u00e9ministes. N\u00e9anmoins, cette date c\u00e9l\u00e9brant les femmes n&rsquo;a pas imm\u00e9diatement \u00e9t\u00e9 bien per\u00e7ue, consid\u00e9r\u00e9e globalement comme une r\u00e9cup\u00e9ration politique de la lutte f\u00e9minine.<strong> En France, il faudra attendre 1982<\/strong> pour que les femmes puissent jouir d&rsquo;une journ\u00e9e qui leur soit consacr\u00e9e.<\/p>\n<p>En 2016, le Comit\u00e9 ONU Femmes France se mobilise pour que l&rsquo;appellation \u00ab\u00a0<strong>Journ\u00e9e Internationale des Femmes<\/strong>\u00a0\u00bb soit mise en place. En effet, on a longtemps entendu parl\u00e9\u00a0de \u00ab\u00a0<strong>la Journ\u00e9e Internationale de la Femme<\/strong>\u00ab\u00a0, or, il s&rsquo;agirait d&rsquo;une erreur de traduction de l&rsquo;anglais \u00ab\u00a0International Women&rsquo;s Day\u00a0\u00bb.\u00a0Une faute qui a r\u00e9ussi \u00e0 s&rsquo;\u00e9parpiller comme une tra\u00een\u00e9e de poudre, \u00e0 tel point que l&rsquo;on ne conna\u00eet plus le v\u00e9ritable nom de cette journ\u00e9e !<\/p>\n<p>Pour clarifier les choses, Najat Vallaut-Belkacem, alors ministre des Droits des Femmes, expliquait en 2013 : <em>\u00ab\u00a0Le 8\u00a0mars n&rsquo;est pas, comme on\u00a0l&rsquo;entend parfois, la journ\u00e9e de \u00ab\u00a0la\u00a0\u00bb\u00a0femme, qui mettrait \u00e0\u00a0l&rsquo;honneur un soi-disant id\u00e9al f\u00e9minin (accompagn\u00e9 de ses attributs\u00a0: cadeaux, roses ou parfums)\u00a0\u00bb.\u00a0 <\/em>Si la r\u00e9ponse est claire, l&rsquo;id\u00e9e de r\u00e9duire les personnes de sexe f\u00e9minin par le simple fait de dire \u00ab\u00a0la Journ\u00e9e de la femme\u00a0\u00bb peut porter \u00e0\u00a0d\u00e9bat. Nous disons bien \u00ab\u00a0les droits de l&rsquo;Homme\u00a0\u00bb, pourquoi ne pas pouvoir parler de \u00ab\u00a0la Journ\u00e9e de la Femme\u00a0\u00bb sans passer pour un machiste qui sous-entend\u00a0que toutes les femmes se ressemblent ? Selon certains, le plus simple est de parler sobrement du \u00ab\u00a08 Mars\u00a0\u00bb.<\/p>\n<\/p><\/div>\n<p><script async src=\"http:\/\/platform.twitter.com\/widgets.js\" charset=\"utf-8\"><\/script><br \/>\n<br \/>[ad_2]<br \/>\n<br \/><a href=\"https:\/\/www.journaldesfemmes.fr\/societe\/actu\/2504278-journee-droits-des-femmes-mardi-8-mars-2022-greves-feministes-egalite-salaire\/\">Source link <\/a><\/p>\n","protected":false},"excerpt":{"rendered":"<p>[ad_1] A l&rsquo;occasion de la Journ\u00e9e internationale des Droits des Femmes, celles-ci sont \u00e0 l&rsquo;honneur chaque ann\u00e9e le 8\u00a0mars. Mais &hellip; <a href=\"http:\/\/www.affinite.fr\/index.php\/2022\/03\/07\/greves-feministes-cout-du-sexisme-misogynie-a-la-presidentielle\/\" class=\"more-link\">Plus <span class=\"screen-reader-text\">Gr\u00e8ves f\u00e9ministes, Co\u00fbt du sexisme, Misogynie \u00e0 la pr\u00e9sidentielle<\/span> <span class=\"meta-nav\">&rarr;<\/span><\/a><\/p>\n","protected":false},"author":1,"featured_media":7540,"comment_status":"","ping_status":"open","sticky":false,"template":"","format":"standard","meta":{"_sitemap_exclude":false,"_sitemap_priority":"","_sitemap_frequency":"","footnotes":""},"categories":[1],"tags":[],"class_list":["post-7539","post","type-post","status-publish","format-standard","has-post-thumbnail","hentry","category-tous"],"_links":{"self":[{"href":"http:\/\/www.affinite.fr\/index.php\/wp-json\/wp\/v2\/posts\/7539"}],"collection":[{"href":"http:\/\/www.affinite.fr\/index.php\/wp-json\/wp\/v2\/posts"}],"about":[{"href":"http:\/\/www.affinite.fr\/index.php\/wp-json\/wp\/v2\/types\/post"}],"author":[{"embeddable":true,"href":"http:\/\/www.affinite.fr\/index.php\/wp-json\/wp\/v2\/users\/1"}],"replies":[{"embeddable":true,"href":"http:\/\/www.affinite.fr\/index.php\/wp-json\/wp\/v2\/comments?post=7539"}],"version-history":[{"count":0,"href":"http:\/\/www.affinite.fr\/index.php\/wp-json\/wp\/v2\/posts\/7539\/revisions"}],"wp:featuredmedia":[{"embeddable":true,"href":"http:\/\/www.affinite.fr\/index.php\/wp-json\/wp\/v2\/media\/7540"}],"wp:attachment":[{"href":"http:\/\/www.affinite.fr\/index.php\/wp-json\/wp\/v2\/media?parent=7539"}],"wp:term":[{"taxonomy":"category","embeddable":true,"href":"http:\/\/www.affinite.fr\/index.php\/wp-json\/wp\/v2\/categories?post=7539"},{"taxonomy":"post_tag","embeddable":true,"href":"http:\/\/www.affinite.fr\/index.php\/wp-json\/wp\/v2\/tags?post=7539"}],"curies":[{"name":"wp","href":"https:\/\/api.w.org\/{rel}","templated":true}]}}