{"id":7520,"date":"2022-03-02T21:37:30","date_gmt":"2022-03-02T21:37:30","guid":{"rendered":"https:\/\/www.affinite.fr\/index.php\/2022\/03\/02\/3-hommes-condamnes-a-des-peines-ridiculement-faibles-pour-son-viol\/"},"modified":"2022-03-02T21:37:30","modified_gmt":"2022-03-02T21:37:30","slug":"3-hommes-condamnes-a-des-peines-ridiculement-faibles-pour-son-viol","status":"publish","type":"post","link":"http:\/\/www.affinite.fr\/index.php\/2022\/03\/02\/3-hommes-condamnes-a-des-peines-ridiculement-faibles-pour-son-viol\/","title":{"rendered":"3\u00a0hommes condamn\u00e9s (\u00e0 des peines ridiculement faibles) pour son viol"},"content":{"rendered":"<p> [ad_1]<br \/>\n<br \/><img decoding=\"async\" src=\"https:\/\/img-3.journaldesfemmes.fr\/CnzjvkvK112jTyc4YzOsE2wOgas=\/1280x\/smart\/5acb248b4ea2465684f787532aa4983d\/ccmcms-jdf\/28976075.jpg\" \/><\/p>\n<p>\n                Sha\u00efna Hansye a \u00e9t\u00e9 tu\u00e9e, br\u00fbl\u00e9e vive alors qu&rsquo;elle \u00e9tait enceinte, \u00e0 Creil. Plus de deux ans apr\u00e8s le drame, plusieurs hommes accus\u00e9s de l&rsquo;avoir viol\u00e9e ont \u00e9t\u00e9 condamn\u00e9s. O\u00f9 en est l&rsquo;affaire\u00a0? Quid du suspect principal\u00a0? R\u00e9cit de l&rsquo;atrocit\u00e9&#8230;            <\/p>\n<div>\n<p><strong>[Mis \u00e0 jour\u00a0mercredi 2 mars \u00e0 10h20]<\/strong> D\u00e9j\u00e0 plus de deux ans que l&rsquo;horreur s&rsquo;est produite.\u00a0Le 25 octobre 2019, <strong>Sha\u00efna<\/strong>, adolescente de 15 ans, avait \u00e9t\u00e9 <strong>poignard\u00e9e et br\u00fbl\u00e9e vive \u00e0 Creil<\/strong> alors qu&rsquo;elle \u00e9tait <strong>enceinte<\/strong>. Le tribunal correctionnel de Senlis, dans l&rsquo;Oise, a condamn\u00e9\u00a0le 1er mars trois des quatre mis en examen \u00e0 de la prison avec sursis pour le viol de Sha\u00efna, survenu deux ans avant sa mort. Deux d&rsquo;entre eux ont \u00e9cop\u00e9 de 8 mois de prison avec sursis, le troisi\u00e8me a \u00e9t\u00e9 condamn\u00e9 \u00e0 un an d&#8217;emprisonnement avec sursis, et le quatri\u00e8me a \u00e9t\u00e9 relax\u00e9. Tous \u00e9taient poursuivis pour \u00ab\u00a0<strong><em><a href=\"https:\/\/www.journaldesfemmes.fr\/societe\/guide-pratique\/2687935-violences-sexuelles\/\" title=\"Agression sexuelle\">agressions sexuelles<\/a>, violences en r\u00e9union et enregistrement d&rsquo;images pornographiques d&rsquo;une mineure<\/em><\/strong>\u00ab\u00a0. L&rsquo;un d&rsquo;entre eux \u00e9tait, de surcro\u00eet, accus\u00e9 d&rsquo;avoir fait subir \u00e0 la victime des \u00ab\u00a0<strong><em>pressions graves<\/em><\/strong>\u00a0\u00bb pour obtenir des faveurs sexuelles.<\/p>\n<p>Shakill Hansye, le <strong>p\u00e8re de Sha\u00efna<\/strong>, est <strong>d\u00e9\u00e7u du verdict<\/strong>.\u00a0\u00ab\u00a0<em>Je ne suis pas satisfait \u00e0 100\u00a0%. Ils ont \u00e9t\u00e9 condamn\u00e9s mais les peines sont si faibles, ils vont pouvoir poursuivre leur vie comme si de rien \u00e9tait. Je sais bien qu&rsquo;ils sont mineurs et qu&rsquo;il faut en tenir compte mais ils ont sali ma fille<\/em>\u00ab\u00a0, a-t-il d\u00e9clar\u00e9 apr\u00e8s le proc\u00e8s, selon <a href=\"https:\/\/www.20minutes.fr\/justice\/3243783-20220301-affaire-shaina-sali-fille-sursis-trois-hommes-juges-agression-sexuelle-adolescente\" target=\"_blank\" rel=\"noopener\"><em>20 Minutes<\/em><\/a>. Quant au <strong>proc\u00e8s pour le meurtre de l&rsquo;adolescente<\/strong>, dont le suspect principal, le petit-ami de la victime, a \u00e9t\u00e9 mis en examen et plac\u00e9 en d\u00e9tention,\u00a0il devrait <strong>avoir lieu prochainement<\/strong>.<\/p>\n<h2>Sha\u00efna : ses proches lui rendent hommage<\/h2>\n<p>En octobre 2021, deux ans apr\u00e8s le drame, une centaine de personnes se sont r\u00e9unies dans la ville o\u00f9 a \u00e9t\u00e9 tu\u00e9e la jeune fille, pour <strong>lui rendre hommage<\/strong>. Ses parents ont d\u00e9pos\u00e9 des fleurs blanches et <strong>son fr\u00e8re Yasin Hansye <\/strong>a rappel\u00e9 que She\u00efna avait subi de nombreuses souffrances au cours de sa courte vie.\u00a0Elle\u00a0avait notamment \u00e9t\u00e9 <a href=\"https:\/\/www.journaldesfemmes.fr\/societe\/guide-pratique\/2681991-viol-que-dit-la-loi-comment-porter-plainte-quels-sont-les-chiffres\/\" title=\"Viol\">viol\u00e9e<\/a> deux ans avant de mourir. \u00ab\u00a0<em>Nous avons tout fait pour qu&rsquo;elle soit <strong>la jeune femme qu&rsquo;elle a toujours voulu \u00eatre: libre<\/strong>. Mais malheureusement des individus en ont d\u00e9cid\u00e9 autrement et ont <strong>d\u00e9cid\u00e9 d&rsquo;\u00e9liminer ma s\u0153ur<\/strong><\/em>\u00ab\u00a0, a-t-il d\u00e9clar\u00e9.<\/p>\n<h2>Sha\u00efna Hansye, victime d&rsquo;un viol collectif<\/h2>\n<p><strong>Sha\u00efna Hansye\u00a0<\/strong>avait \u00e9t\u00e9 tu\u00e9e sauvagement alors qu&rsquo;elle \u00e9tait enceinte de quelques jours, en \u00e9tant <strong>poignard\u00e9e plusieurs fois<\/strong>, puis br\u00fbl\u00e9e vive, dans la cit\u00e9 du plateau Rouher, \u00e0 Creil, o\u00f9 elle r\u00e9sidait. Mais <strong>l&rsquo;horreur d\u00e9bute en 2017<\/strong>, lorsque la jeune fille est viol\u00e9e par trois hommes au fond d&rsquo;une polyclinique \u00e0 l&rsquo;abandon, alors qu&rsquo;elle n&rsquo;a que 13 ans, raconte <a href=\"https:\/\/www.lemonde.fr\/societe\/article\/2021\/09\/05\/shaina-15-ans-poignardee-et-brulee-vive-a-creil-ce-n-est-pas-un-fait-divers-mais-un-fait-de-societe_6093462_3224.html\"><em>Le Monde<\/em><\/a>.<\/p>\n<p>Quelques semaines avant le <strong>viol<\/strong>, elle rencontre un homme \u00e0 la sortie de son coll\u00e8ge.\u00a0Ils communiquent via les r\u00e9seaux sociaux, montre d&rsquo;abord un c\u00f4t\u00e9 affectueux pour gagner son c\u0153ur&#8230; Mais il commence tr\u00e8s t\u00f4t \u00e0 la frapper, puis la force \u00e0 se d\u00e9shabiller et prend des <strong>photos d&rsquo;elle d\u00e9nud\u00e9e<\/strong>. Il la pousse alors au <strong>chantage<\/strong>:\u00a0soit elle accepte d&rsquo;avoir un rapport sexuel avec lui, soit il diffuse les clich\u00e9s.\u00a0<\/p>\n<p><iframe loading=\"lazy\" allow=\"accelerometer; autoplay; clipboard-write; encrypted-media; gyroscope; picture-in-picture\" allowfullscreen=\"\" frameborder=\"0\" height=\"315\" src=\"https:\/\/www.youtube.com\/embed\/saTrK6KSzKY\" title=\"YouTube video player\" width=\"560\"><\/iframe><\/p>\n<h2>\u00ab\u00a0Un jour, je vais te tuer\u00a0\u00bb : coups, humiliations et menaces<\/h2>\n<p>Bien malgr\u00e9 elle, Sha\u00efna c\u00e8de et se rend avec sa meilleure amie, Maeva, dans l&rsquo;ancienne\u00a0polyclinique o\u00f9 il lui donne rendez-vous. C&rsquo;est l\u00e0 qu&rsquo;elle est <strong>viol\u00e9e<\/strong> par le jeune gar\u00e7on, mais aussi <strong>deux de ses amis<\/strong>. La meilleure amie de Sha\u00efna n&rsquo;assiste pas \u00e0 la terrible sc\u00e8ne, mais la d\u00e9couvre pleine de griffures.\u00a0<\/p>\n<p>L&rsquo;adolescente d\u00e9cide alors de <strong>porter plainte<\/strong>, et devient la ris\u00e9e du quartier, d\u00e9crite comme une <strong>\u00ab\u00a0<em>fille facile<\/em><\/strong>\u00ab\u00a0, voire comme une \u00ab\u00a0<em>p*te<\/em>\u00ab\u00a0. \u00ab\u00a0<em>Un jour, <strong>je vais te tuer<\/strong><\/em>\u00ab\u00a0, menace le jeune gar\u00e7on, <strong>mis en examen<\/strong>, sur les r\u00e9seaux sociaux. Puis un jour, il d\u00e9barque accompagn\u00e9 d&rsquo;une dizaine d&rsquo;amis dont l&rsquo;un frappe Sha\u00efna avec un \u00ab\u00a0<em>b\u00e2ton noir\u00a0\u00bb<\/em>, tandis que son ancien petit-ami lui ass\u00e8ne un violent <strong>coup de pied au visage<\/strong>.\u00a0Elle est hospitalis\u00e9e et le jeune homme est \u00e0 nouveau mis en examen pour \u00ab\u00a0<em>violences en r\u00e9union, menaces de mort et vol<\/em>\u00ab\u00a0, cette fois.\u00a0<\/p>\n<h2>Sha\u00efna Hansye, enceinte et br\u00fbl\u00e9e vive<\/h2>\n<p>Puis, en 2019, Sha\u00efna, qui a chang\u00e9 de coll\u00e8ge, rencontre un <strong>gar\u00e7on plus \u00e2g\u00e9<\/strong>, un<strong> \u00e9l\u00e8ve de\u00a0terminale<\/strong>, qui s&rsquo;int\u00e9resse \u00e0 elle pour sa r\u00e9putation de \u00ab\u00a0<em>fille facile<\/em>\u00ab\u00a0. Ils ont des relations sexuelles plut\u00f4t r\u00e9guli\u00e8res dans le cabanon d&rsquo;un\u00a0jardin ouvrier. Mais la derni\u00e8re semaine d&rsquo;octobre, la jeune fille ach\u00e8te un <strong>test de grossesse<\/strong> \u00e0 la pharmacie&#8230; qui est <strong>positif<\/strong>.\u00a0Elle r\u00e9v\u00e8le sa grossesse \u00e0 son nouveau petit-ami, qui lui demande alors d&rsquo;avorter. Mais Sha\u00efna, elle, envisage plut\u00f4t de\u00a0<strong>poursuivre sa grossesse<\/strong>.<\/p>\n<p>Le soir du 25 octobre, elle quitte son domicile \u00e0 pas de velours, a priori pour retrouver son petit-ami.\u00a0Mais elle ne rentrera jamais.\u00a0Le lendemain de sa disparition, sa m\u00e8re retrouve un test de grossesse positif laiss\u00e9 dans son sac \u00e0 main. Quelques jours, plus tard, <strong>le corps sans vie de Sha\u00efna est retrouv\u00e9<\/strong> dans le cabanon. L&rsquo;autopsie r\u00e9v\u00e8le l&rsquo;horreur:\u00a0Sha\u00efna a \u00e9t\u00e9 <strong>br\u00fbl\u00e9e vive et poignard\u00e9e<\/strong> plusieurs fois.<\/p>\n<p><iframe loading=\"lazy\" allow=\"accelerometer; autoplay; clipboard-write; encrypted-media; gyroscope; picture-in-picture\" allowfullscreen=\"\" frameborder=\"0\" height=\"315\" src=\"https:\/\/www.youtube.com\/embed\/lSc9YxB0zcA\" title=\"YouTube video player\" width=\"560\"><\/iframe><\/p>\n<p>Le suspect principal, son petit-ami de l&rsquo;\u00e9poque, est <strong>mis en examen<\/strong> de mani\u00e8re relativement rapide, puis <strong>plac\u00e9 en d\u00e9tention<\/strong>.\u00a0Mais lui, <strong>clame son innocence<\/strong>. Selon les propos de son avocat au <em>Courrier Picard<\/em>, il serait victime\u00a0\u00ab\u00a0<em>d&rsquo;une rumeur qui l&rsquo;a d\u00e9sign\u00e9, qui s&rsquo;est propag\u00e9e jusqu&rsquo;\u00e0 la prison. L&rsquo;instruction n&rsquo;a \u00e9t\u00e9 faite qu&rsquo;\u00e0 charge pour solidifier cette rumeur<\/em>\u00ab\u00a0.\u00a0<\/p>\n<\/p><\/div>\n<p>[ad_2]<br \/>\n<br \/><a href=\"https:\/\/www.journaldesfemmes.fr\/societe\/actu\/2753839-shaina-hansye-creil-brulee-vive-poignardee-meurtre-suspect-proces-hommes-condamnes-viol-peines\/\">Source link <\/a><\/p>\n","protected":false},"excerpt":{"rendered":"<p>[ad_1] Sha\u00efna Hansye a \u00e9t\u00e9 tu\u00e9e, br\u00fbl\u00e9e vive alors qu&rsquo;elle \u00e9tait enceinte, \u00e0 Creil. Plus de deux ans apr\u00e8s le &hellip; <a href=\"http:\/\/www.affinite.fr\/index.php\/2022\/03\/02\/3-hommes-condamnes-a-des-peines-ridiculement-faibles-pour-son-viol\/\" class=\"more-link\">Plus <span class=\"screen-reader-text\">3\u00a0hommes condamn\u00e9s (\u00e0 des peines ridiculement faibles) pour son viol<\/span> <span class=\"meta-nav\">&rarr;<\/span><\/a><\/p>\n","protected":false},"author":1,"featured_media":7521,"comment_status":"","ping_status":"open","sticky":false,"template":"","format":"standard","meta":{"_sitemap_exclude":false,"_sitemap_priority":"","_sitemap_frequency":"","footnotes":""},"categories":[1],"tags":[],"class_list":["post-7520","post","type-post","status-publish","format-standard","has-post-thumbnail","hentry","category-tous"],"_links":{"self":[{"href":"http:\/\/www.affinite.fr\/index.php\/wp-json\/wp\/v2\/posts\/7520"}],"collection":[{"href":"http:\/\/www.affinite.fr\/index.php\/wp-json\/wp\/v2\/posts"}],"about":[{"href":"http:\/\/www.affinite.fr\/index.php\/wp-json\/wp\/v2\/types\/post"}],"author":[{"embeddable":true,"href":"http:\/\/www.affinite.fr\/index.php\/wp-json\/wp\/v2\/users\/1"}],"replies":[{"embeddable":true,"href":"http:\/\/www.affinite.fr\/index.php\/wp-json\/wp\/v2\/comments?post=7520"}],"version-history":[{"count":0,"href":"http:\/\/www.affinite.fr\/index.php\/wp-json\/wp\/v2\/posts\/7520\/revisions"}],"wp:featuredmedia":[{"embeddable":true,"href":"http:\/\/www.affinite.fr\/index.php\/wp-json\/wp\/v2\/media\/7521"}],"wp:attachment":[{"href":"http:\/\/www.affinite.fr\/index.php\/wp-json\/wp\/v2\/media?parent=7520"}],"wp:term":[{"taxonomy":"category","embeddable":true,"href":"http:\/\/www.affinite.fr\/index.php\/wp-json\/wp\/v2\/categories?post=7520"},{"taxonomy":"post_tag","embeddable":true,"href":"http:\/\/www.affinite.fr\/index.php\/wp-json\/wp\/v2\/tags?post=7520"}],"curies":[{"name":"wp","href":"https:\/\/api.w.org\/{rel}","templated":true}]}}