{"id":7517,"date":"2022-03-01T21:36:06","date_gmt":"2022-03-01T21:36:06","guid":{"rendered":"https:\/\/www.affinite.fr\/index.php\/2022\/03\/01\/alice-detollenaere-donne-des-nouvelles-apres-son-ablation-du-sein-et-partage-une-photo\/"},"modified":"2022-03-01T21:36:06","modified_gmt":"2022-03-01T21:36:06","slug":"alice-detollenaere-donne-des-nouvelles-apres-son-ablation-du-sein-et-partage-une-photo","status":"publish","type":"post","link":"http:\/\/www.affinite.fr\/index.php\/2022\/03\/01\/alice-detollenaere-donne-des-nouvelles-apres-son-ablation-du-sein-et-partage-une-photo\/","title":{"rendered":"Alice Detollenaere donne des nouvelles apr\u00e8s son ablation du sein et partage une PHOTO"},"content":{"rendered":"<p> [ad_1]<br \/>\n<br \/><img decoding=\"async\" src=\"https:\/\/img-3.journaldesfemmes.fr\/tDxLNzHI0Qs6Q9q9_8rPW6_Aboc=\/1280x\/smart\/0a612f3e7abe4b7bb6a3044979765ebf\/ccmcms-jdf\/32281545.jpg\" \/><\/p>\n<p>\n                Femme et m\u00e8re Courage. Alice Detolleanere, jeune maman et ch\u00e9rie de Camille Lacourt, s&rsquo;est fait enlever une partie de la poitrine. Une d\u00e9cision m\u00fbrement r\u00e9fl\u00e9chie apr\u00e8s avoir \u00e9t\u00e9 touch\u00e9e par un cancer du sein il y a deux ans&#8230;            <\/p>\n<div>\n<p><em>\u00ab\u00a0C&rsquo;est bon c&rsquo;est fait<strong>!\u00a0Z\u00e9ro douleur mais je suis KO<\/strong>\u00ab\u00a0,<\/em> a d\u00e9clar\u00e9<em>\u00a0<\/em><strong>Alice Detollenaere<\/strong> de son lit d&rsquo;h\u00f4pital en story Instagram. La compagne de <strong><a href=\"https:\/\/www.journaldesfemmes.fr\/people\/camille-lacourt\/\" title=\"Camille Lacourt\">Camille Lacourt<\/a> <\/strong>a subi une\u00a0<strong>\u00ab\u00a0<i>une ablation pr\u00e9ventive du sein droit<\/i>\u00ab\u00a0<\/strong> ce lundi 28 f\u00e9vrier apr\u00e8s avoir appris qu&rsquo;elle \u00e9tait<strong>\u00a0\u00ab\u00a0<i>porteuse d&rsquo;un g\u00e8ne alt\u00e9r\u00e9\u00a0\u00bb<\/i><\/strong> en novembre dernier&#8230;. Une d\u00e9cision courageuse que l&rsquo;ancienne Miss Bourgogne et top-mod\u00e8le a pris pour le bien-\u00eatre de sant\u00e9. Car si elle est aujourd&rsquo;hui en r\u00e9mission, la jolie brune, devenue maman d&rsquo;un petit Marius,\u00a0s&rsquo;est battue\u00a0contre<strong> un\u00a0<a href=\"https:\/\/sante.journaldesfemmes.fr\/maladies\/2505880-cancer-du-sein-symptomes-depistage-prise-en-charge-pronostic-guerison-survie\/\" title=\"Cancer du sein\">cancer du sein<\/a><\/strong> au d\u00e9but de l&rsquo;ann\u00e9e 2020.<\/p>\n<p>Apr\u00e8s l&rsquo;intervention, Alice Detollenaere a pu retrouver\u00a0en visio son fils, n\u00e9 en juin 2021, en attendant de rentrer \u00e0 la maison aupr\u00e8s des siens.<\/p>\n<h2>Camille Lacourt : son beau message d&rsquo;amour \u00e0 Alice Detollenaere<\/h2>\n<p>Le jour de l&rsquo;op\u00e9ration, Camille Lacourt, ex-champion de natation,\u00a0a partag\u00e9 un beau message d&rsquo;amour et de soutien pour Alice Detollenaere.\u00a0<em>\u00ab\u00a0Aujourd&rsquo;hui mon fils,\u00a0<strong>ta maman va se faire enlever son second <a href=\"https:\/\/sante.journaldesfemmes.fr\/fiches-anatomie-et-examens\/2571039-sein-anatomie-examens-et-maladies\/\" title=\"Seins\">sein<\/a>,<\/strong>\u00a0Tu peux \u00eatre fier d&rsquo;elle Marius, au moins autant que je le suis\u00a0\u00bb<\/em>, a \u00e9crit le nageur, d\u00e9j\u00e0 papa d&rsquo;une petite Jazz qu&rsquo;il a eue avec Val\u00e9rie B\u00e8gue.<\/p>\n<p><em>\u00ab\u00a0En plus de vivre cette op\u00e9ration,\u00a0<strong>elle \u00e9change et partage cette \u00e9preuve avec des milliers de personnes pour les rassurer, pour les \u00e9couter\u00a0!<\/strong>\u00a0Alice tu es une maman et une femme extraordinaire. Aujourd&rsquo;hui et pour le reste de notre vie je suis fier d&rsquo;\u00eatre \u00e0 tes c\u00f4t\u00e9s\u00a0\u00bb, <\/em>a conclu le sportif.<\/p>\n<p>Une d\u00e9claration d&rsquo;amour qui a \u00e9mu l&rsquo;ensemble de ses abonn\u00e9s&#8230;<\/p>\n<\/p><\/div>\n<p>[ad_2]<br \/>\n<br \/><a href=\"https:\/\/www.journaldesfemmes.fr\/people\/actus\/2788869-alice-detollenaere-camille-lacourt-cancer-ablation-du-sein-operation-photo\/\">Source link <\/a><\/p>\n","protected":false},"excerpt":{"rendered":"<p>[ad_1] Femme et m\u00e8re Courage. Alice Detolleanere, jeune maman et ch\u00e9rie de Camille Lacourt, s&rsquo;est fait enlever une partie de &hellip; <a href=\"http:\/\/www.affinite.fr\/index.php\/2022\/03\/01\/alice-detollenaere-donne-des-nouvelles-apres-son-ablation-du-sein-et-partage-une-photo\/\" class=\"more-link\">Plus <span class=\"screen-reader-text\">Alice Detollenaere donne des nouvelles apr\u00e8s son ablation du sein et partage une PHOTO<\/span> <span class=\"meta-nav\">&rarr;<\/span><\/a><\/p>\n","protected":false},"author":1,"featured_media":7518,"comment_status":"","ping_status":"open","sticky":false,"template":"","format":"standard","meta":{"_sitemap_exclude":false,"_sitemap_priority":"","_sitemap_frequency":"","footnotes":""},"categories":[1],"tags":[],"class_list":["post-7517","post","type-post","status-publish","format-standard","has-post-thumbnail","hentry","category-tous"],"_links":{"self":[{"href":"http:\/\/www.affinite.fr\/index.php\/wp-json\/wp\/v2\/posts\/7517"}],"collection":[{"href":"http:\/\/www.affinite.fr\/index.php\/wp-json\/wp\/v2\/posts"}],"about":[{"href":"http:\/\/www.affinite.fr\/index.php\/wp-json\/wp\/v2\/types\/post"}],"author":[{"embeddable":true,"href":"http:\/\/www.affinite.fr\/index.php\/wp-json\/wp\/v2\/users\/1"}],"replies":[{"embeddable":true,"href":"http:\/\/www.affinite.fr\/index.php\/wp-json\/wp\/v2\/comments?post=7517"}],"version-history":[{"count":0,"href":"http:\/\/www.affinite.fr\/index.php\/wp-json\/wp\/v2\/posts\/7517\/revisions"}],"wp:featuredmedia":[{"embeddable":true,"href":"http:\/\/www.affinite.fr\/index.php\/wp-json\/wp\/v2\/media\/7518"}],"wp:attachment":[{"href":"http:\/\/www.affinite.fr\/index.php\/wp-json\/wp\/v2\/media?parent=7517"}],"wp:term":[{"taxonomy":"category","embeddable":true,"href":"http:\/\/www.affinite.fr\/index.php\/wp-json\/wp\/v2\/categories?post=7517"},{"taxonomy":"post_tag","embeddable":true,"href":"http:\/\/www.affinite.fr\/index.php\/wp-json\/wp\/v2\/tags?post=7517"}],"curies":[{"name":"wp","href":"https:\/\/api.w.org\/{rel}","templated":true}]}}