{"id":7513,"date":"2022-03-01T07:09:48","date_gmt":"2022-03-01T07:09:48","guid":{"rendered":"https:\/\/www.affinite.fr\/index.php\/2022\/03\/01\/je-te-promets-sur-tf1-pourquoi-melodie-na-pas-ete-introduite-en-saison-1-comme-madison-dans-this-is-us-news-series-a-la-tv\/"},"modified":"2022-03-01T07:09:48","modified_gmt":"2022-03-01T07:09:48","slug":"je-te-promets-sur-tf1-pourquoi-melodie-na-pas-ete-introduite-en-saison-1-comme-madison-dans-this-is-us-news-series-a-la-tv","status":"publish","type":"post","link":"http:\/\/www.affinite.fr\/index.php\/2022\/03\/01\/je-te-promets-sur-tf1-pourquoi-melodie-na-pas-ete-introduite-en-saison-1-comme-madison-dans-this-is-us-news-series-a-la-tv\/","title":{"rendered":"Je te promets sur TF1 : pourquoi M\u00e9lodie n\u2019a pas \u00e9t\u00e9 introduite en saison 1 comme Madison dans This Is Us ? &#8211; News S\u00e9ries \u00e0 la TV"},"content":{"rendered":"<p> [ad_1]<br \/>\n<br \/><img decoding=\"async\" src=\"http:\/\/fr.web.img2.acsta.net\/newsv7\/22\/02\/25\/16\/41\/0346506.jpg\" \/><\/p>\n<p>Il aura fallu attendre la saison 2 de \u00ab\u00a0Je te promets\u00a0\u00bb pour que M\u00e9lodie, la version fran\u00e7aise de Madison dans \u00ab\u00a0This is us\u00a0\u00bb, soit introduite dans la s\u00e9rie. Mais pourquoi ? Aline Panel, la productrice de la s\u00e9rie, r\u00e9pond.<\/p>\n<div id=\"article-content\">\n<figure class=\"player player-auto-play js-player\" data-model=\"{&quot;videos&quot;:[{&quot;id&quot;:19595361,&quot;sources&quot;:{&quot;high&quot;:&quot;https:\/\/fr.vid.web.acsta.net\/nmedia\/33\/22\/01\/17\/10\/19595361_hd_013.mp4&quot;,&quot;low&quot;:&quot;https:\/\/fr.vid.web.acsta.net\/nmedia\/33\/22\/01\/17\/10\/19595361_l_013.mp4&quot;,&quot;medium&quot;:&quot;https:\/\/fr.vid.web.acsta.net\/nmedia\/33\/22\/01\/17\/10\/19595361_m_013.mp4&quot;,&quot;standard&quot;:&quot;https:\/\/fr.vid.web.acsta.net\/nmedia\/33\/22\/01\/17\/10\/19595361_sd_013.mp4&quot;},&quot;image&quot;:&quot;\/videothumbnails\/22\/01\/17\/10\/48\/5367835.jpg&quot;,&quot;title&quot;:&quot;Je te promets - saison 2 Teaser VF&quot;,&quot;trackingIdentifier&quot;:&quot;19595361-je_te_promets_saison_2_teaser_vf&quot;,&quot;embedUrl&quot;:&quot;ACraHRACr0cHM6Ly9wbGF5ZXIuYWxsb2NpbmUuZnIvMTk1OTUzNjEuaHRtbA==&quot;,&quot;file_type&quot;:&quot;TEASER&quot;,&quot;description&quot;:&quot;Je te promets - saison 2 Teaser VF&quot;,&quot;duration&quot;:35,&quot;view_count&quot;:75460,&quot;added_at&quot;:{&quot;date&quot;:&quot;2022-01-17 10:47:00.000000&quot;,&quot;timezone_type&quot;:3,&quot;timezone&quot;:&quot;Europe\/Paris&quot;},&quot;metas&quot;:{&quot;id_main_show&quot;:null,&quot;name_main_show&quot;:null,&quot;image_main_show&quot;:null,&quot;id_main_movie&quot;:null,&quot;name_main_movie&quot;:null,&quot;image_main_movie&quot;:null,&quot;id_main_series&quot;:24217,&quot;name_main_series&quot;:&quot;Je te promets&quot;,&quot;image_main_series&quot;:null,&quot;id_main_season&quot;:43424,&quot;name_main_season&quot;:null,&quot;image_main_season&quot;:&quot;\/pictures\/22\/01\/12\/10\/19\/2179480.jpg&quot;,&quot;main_season_number&quot;:2,&quot;id_main_person&quot;:null,&quot;name_main_person&quot;:null,&quot;image_main_person&quot;:null,&quot;use_portal&quot;:null,&quot;release_date_main_movie&quot;:null,&quot;nb_days_release_main_movie&quot;:null,&quot;id_meta_category&quot;:null,&quot;name_meta_category&quot;:null,&quot;localized_file_type&quot;:null,&quot;trans_file_type&quot;:null,&quot;main_movie_type&quot;:null,&quot;main_season_rating&quot;:null,&quot;main_series_rating&quot;:null,&quot;main_season_user_note_count&quot;:null,&quot;genre_main_movie&quot;:null,&quot;genre_main_series&quot;:null,&quot;release_status_movie&quot;:null,&quot;release_status_series&quot;:null},&quot;relatedEntityType&quot;:&quot;series&quot;,&quot;relatedEntityId&quot;:24217,&quot;relatedEntityTitle&quot;:&quot;Je te promets&quot;,&quot;entityStatus&quot;:&quot;in_progress&quot;,&quot;relatedEntityTrackingIdentifier&quot;:&quot;24217-je_te_promets&quot;}],&quot;disablePreroll&quot;:false,&quot;disablePostroll&quot;:false,&quot;endScreen&quot;:true,&quot;context&quot;:&quot;newspage_news&quot;,&quot;launch&quot;:&quot;auto-play&quot;,&quot;followScroll&quot;:true,&quot;editorialContent&quot;:&quot;18707364-je_te_promets_sur_tf1_pourquoi_melodie_n_a_pas_ete_introduite_en_saison_1_comme_madison_dans_this_is_us&quot;,&quot;disableAutoPause&quot;:true,&quot;player_position&quot;:&quot;playertop&quot;}\" data-thumb=\"https:\/\/fr.web.img2.acsta.net\/r_640_360\/videothumbnails\/22\/01\/17\/10\/48\/5367835.jpg\">\n<\/figure>\n<p><span>C\u2019est bien connu, les travaux d\u2019adaptation d\u2019une \u0153uvre n\u00e9cessitent parfois quelques changements. Et \u00e0 ce titre,\u00a0<a title=\"Je te promets (France) (Drame,Famille,Soap)\" href=\"http:\/\/www.allocine.fr\/series\/ficheserie_gen_cserie=24217.html\">Je te promets<\/a> n\u2019\u00e9chappe pas \u00e0 la r\u00e8gle.<\/span><\/p>\n<p><span><span><span>Adapt\u00e9e de la s\u00e9rie ph\u00e9nom\u00e8ne <a title=\"This is Us (U.S.A.) (Drame)\" href=\"http:\/\/www.allocine.fr\/series\/ficheserie_gen_cserie=19992.html\">This is us<\/a>, Je te promets a r\u00e9ussi \u00e0 se d\u00e9marquer de l\u2019\u0153uvre originale en effectuant certaines modifications destin\u00e9es \u00e0 s\u2019adapter au public fran\u00e7ais. Si de nombreux choix ont vocation \u00e0 mieux correspondre \u00e0 notre culture, d\u2019autres servent uniquement \u00e0 la coh\u00e9rence de l\u2019histoire.<\/span><\/span><\/span><\/p>\n<p><span><span><span>Aussi, les fans de la s\u00e9rie am\u00e9ricaine auront sans aucun doute remarqu\u00e9 l\u2019absence de quelques personnages importants dans la saison 1 du remake fran\u00e7ais. C\u2019est notamment le cas de Madison (<a title=\"Caitlin Thompson (U.S.A.) (Acteur)\" href=\"http:\/\/www.allocine.fr\/personne\/fichepersonne_gen_cpersonne=488361.html\">Caitlin Thompson<\/a>), la meilleure amie de Kate (<a title=\"Chrissy Metz (U.S.A.) (Acteur)\" href=\"http:\/\/www.allocine.fr\/personne\/fichepersonne_gen_cpersonne=712729.html\">Chrissy Metz<\/a>), qui est pr\u00e9sente depuis le pilote de This is us mais qui n\u2019\u00e9tait pas encore apparue dans la version tricolore.<\/span><\/span><\/span><\/p>\n<p><span>Il aura donc fallu attendre la saison 2 des aventures de la famille Gallo pour que son homologue soit introduite. Pr\u00e9nomm\u00e9e M\u00e9lodie (<\/span><a title=\"No\u00e9mie Zeitoun (France) (Acteur)\" href=\"http:\/\/www.allocine.fr\/personne\/fichepersonne_gen_cpersonne=754743.html\">No\u00e9mie Zeitoun<\/a><span>), le personnage va tisser une v\u00e9ritable amiti\u00e9 avec Maud (<\/span><a title=\"Marilou Berry (France) (Acteur,R\u00e9alisateur,Dialoguiste)\" href=\"http:\/\/www.allocine.fr\/personne\/fichepersonne_gen_cpersonne=95475.html\">Marilou Berry<\/a><span>) et se r\u00e9v\u00e9ler de plus en plus important au fil des \u00e9pisodes \u00e0 l\u2019instar de sa grande s\u0153ur am\u00e9ricaine.<\/span><\/p>\n<p><span><span><span>Mais pourquoi M\u00e9lodie a-t-elle \u00e9t\u00e9 int\u00e9gr\u00e9e aussi tardivement dans la s\u00e9rie ?<\/span><\/span><\/span><\/p>\n<p><span><span><span>\u00ab <i>On est assez fid\u00e8les sur les arches, parce qu\u2019on a des obligations vis-\u00e0-vis de la Fox et de Disney.<\/i> \u00bb, confiait r\u00e9cemment <a title=\"Aline Panel (France) (Cr\u00e9ateur,Producteur)\" href=\"http:\/\/www.allocine.fr\/personne\/fichepersonne_gen_cpersonne=923578.html\">Aline Panel<\/a>, la productrice de la s\u00e9rie de TF1, \u00e0 notre micro.<\/span><\/span><\/span><\/p>\n<p><span><span><span>Malgr\u00e9 tout, les variations op\u00e9r\u00e9es dans le remake fran\u00e7ais ne laissent pas toujours l\u2019espace n\u00e9cessaire pour introduire un personnage au m\u00eame moment. D\u2019ailleurs, cela explique pourquoi Julie (<a title=\"Charlie Bruneau (France) (Acteur)\" href=\"http:\/\/www.allocine.fr\/personne\/fichepersonne_gen_cpersonne=180924.html\">Charlie Bruneau<\/a>), l\u2019ex-femme de Micha\u00ebl (<a title=\"Guillaume Labb\u00e9 (France) (Acteur,Sc\u00e9nariste)\" href=\"http:\/\/www.allocine.fr\/personne\/fichepersonne_gen_cpersonne=542018.html\">Guillaume Labb\u00e9<\/a>), n\u2019est arriv\u00e9e que lors de la saison 2.<\/span><\/span><\/span><\/p>\n<p><span><span><span>Concernant M\u00e9lodie, c\u2019est un peu diff\u00e9rent. Dans This is us, \u00ab <i>Madison appara\u00eet en effet d\u00e8s le pilote, puisqu\u2019elle fait partie du groupe de parole o\u00f9 on fait connaissance avec Toby et Kate. Mais nous n\u2019avons pas voulu traiter le groupe de parole de personnes ob\u00e8ses. \u00c7a fait partie de nos axes d\u2019adaptation parce que \u00e7a nous semblait tr\u00e8s am\u00e9ricain, moins fr\u00e9quent en France. On est davantage en psychoth\u00e9rapie en France, en t\u00eate-\u00e0-t\u00eate avec un psy.<\/i> \u00bb, pr\u00e9cisait ensuite la productrice.<\/span><\/span><\/span><\/p>\n<p><span><span><span>La d\u00e9cision a donc \u00e9t\u00e9 prise de traiter M\u00e9lodie, le pendant fran\u00e7ais de Madison, lors de la deuxi\u00e8me saison de Je te Promets. Un choix par ailleurs orient\u00e9 par la rencontre de Maud et Tanguy (<a title=\"Marc Riso (France) (Acteur)\" href=\"http:\/\/www.allocine.fr\/personne\/fichepersonne_gen_cpersonne=865349.html\">Marc Riso<\/a>).<\/span><\/span><\/span><\/p>\n<p align=\"justify\"><span><span><span>\u00ab<i> Dans Je te promets, la rencontre entre Maud et Tanguy se fait de mani\u00e8re fortuite sur un parking. Donc forc\u00e9ment, cela ne faisait pas sens que Madison\/M\u00e9lodie soit pr\u00e9sente. Et de toute fa\u00e7on elle est tr\u00e8s peu pr\u00e9sente dans la saison 1 de This is Us.<\/i> \u00bb.<\/span><\/span><\/span><\/p>\n<p><span><span><span>N\u00e9anmoins, de l\u2019aveu d\u2019Aline Panel, pas question pour autant de minorer son r\u00f4le et son traitement dans les intrigues \u00e0 venir. Bien au contraire.<\/span><\/span><\/span><\/p>\n<p><span><span><span><span><span><span><span><span>Ces partis pris ob\u00e9issent donc \u00e0 un souci de coh\u00e9rence pour s\u2019inscrire pleinement dans les modifications sc\u00e9naristiques. En tout cas, les fans du programme US devrait eux aussi s\u2019y retrouver.<\/span><\/span><\/span><\/span><\/span><\/span><\/span><\/span><\/p>\n<p><span><span><span>\u00a0<\/span><\/span><\/span><\/p>\n<\/div>\n<p>[ad_2]<br \/>\n<br \/><a href=\"http:\/\/www.allocine.fr\/article\/fichearticle_gen_carticle=18707364.html\">Source link <\/a><\/p>\n","protected":false},"excerpt":{"rendered":"<p>[ad_1] Il aura fallu attendre la saison 2 de \u00ab\u00a0Je te promets\u00a0\u00bb pour que M\u00e9lodie, la version fran\u00e7aise de Madison &hellip; <a href=\"http:\/\/www.affinite.fr\/index.php\/2022\/03\/01\/je-te-promets-sur-tf1-pourquoi-melodie-na-pas-ete-introduite-en-saison-1-comme-madison-dans-this-is-us-news-series-a-la-tv\/\" class=\"more-link\">Plus <span class=\"screen-reader-text\">Je te promets sur TF1 : pourquoi M\u00e9lodie n\u2019a pas \u00e9t\u00e9 introduite en saison 1 comme Madison dans This Is Us ? &#8211; News S\u00e9ries \u00e0 la TV<\/span> <span class=\"meta-nav\">&rarr;<\/span><\/a><\/p>\n","protected":false},"author":1,"featured_media":7514,"comment_status":"","ping_status":"open","sticky":false,"template":"","format":"standard","meta":{"_sitemap_exclude":false,"_sitemap_priority":"","_sitemap_frequency":"","footnotes":""},"categories":[1],"tags":[],"class_list":["post-7513","post","type-post","status-publish","format-standard","has-post-thumbnail","hentry","category-tous"],"_links":{"self":[{"href":"http:\/\/www.affinite.fr\/index.php\/wp-json\/wp\/v2\/posts\/7513"}],"collection":[{"href":"http:\/\/www.affinite.fr\/index.php\/wp-json\/wp\/v2\/posts"}],"about":[{"href":"http:\/\/www.affinite.fr\/index.php\/wp-json\/wp\/v2\/types\/post"}],"author":[{"embeddable":true,"href":"http:\/\/www.affinite.fr\/index.php\/wp-json\/wp\/v2\/users\/1"}],"replies":[{"embeddable":true,"href":"http:\/\/www.affinite.fr\/index.php\/wp-json\/wp\/v2\/comments?post=7513"}],"version-history":[{"count":0,"href":"http:\/\/www.affinite.fr\/index.php\/wp-json\/wp\/v2\/posts\/7513\/revisions"}],"wp:featuredmedia":[{"embeddable":true,"href":"http:\/\/www.affinite.fr\/index.php\/wp-json\/wp\/v2\/media\/7514"}],"wp:attachment":[{"href":"http:\/\/www.affinite.fr\/index.php\/wp-json\/wp\/v2\/media?parent=7513"}],"wp:term":[{"taxonomy":"category","embeddable":true,"href":"http:\/\/www.affinite.fr\/index.php\/wp-json\/wp\/v2\/categories?post=7513"},{"taxonomy":"post_tag","embeddable":true,"href":"http:\/\/www.affinite.fr\/index.php\/wp-json\/wp\/v2\/tags?post=7513"}],"curies":[{"name":"wp","href":"https:\/\/api.w.org\/{rel}","templated":true}]}}