{"id":7511,"date":"2022-02-28T21:34:28","date_gmt":"2022-02-28T21:34:28","guid":{"rendered":"https:\/\/www.affinite.fr\/index.php\/2022\/02\/28\/nouveau-protocole-autotest-que-faire\/"},"modified":"2022-02-28T21:34:28","modified_gmt":"2022-02-28T21:34:28","slug":"nouveau-protocole-autotest-que-faire","status":"publish","type":"post","link":"http:\/\/www.affinite.fr\/index.php\/2022\/02\/28\/nouveau-protocole-autotest-que-faire\/","title":{"rendered":"nouveau protocole, autotest, que faire\u00a0?"},"content":{"rendered":"<p> [ad_1]<br \/>\n<\/p>\n<p>\n                Le d\u00e9pistage des cas contacts Covid s&rsquo;all\u00e8ge \u00e0 partir du 28\u00a0f\u00e9vrier. D\u00e9sormais, un seul test est \u00e0 r\u00e9aliser \u00e0 J+2\u00a0contre trois. Uniquement pour les personnes vaccin\u00e9es. Les non vaccin\u00e9es doivent toujours s&rsquo;isoler 7\u00a0jours imm\u00e9diatement. D\u00e9tails du nouveau protocole.            <\/p>\n<div>\n<aside class=\"ccmsummary marqueur_module ccmcss_cms_summary ccmcss_cms_summary--right\">\n<p>Sommaire<\/p>\n<\/aside>\n<p><strong>[Mise \u00e0 jour le 28 f\u00e9vrier 2022\u00a0\u00e0 18h19] <\/strong>Face \u00e0 l&rsquo;\u00e9volution favorable de la situation sanitaire, le <a href=\"https:\/\/solidarites-sante.gouv.fr\/actualites\/presse\/communiques-de-presse\/article\/amelioration-de-la-situation-sanitaire-suite-a-un-avis-du-haut-conseil-de-la\" target=\"_blank\" rel=\"noopener\">minist\u00e8re des Solidarit\u00e9s et de la Sant\u00e9<\/a> a annonc\u00e9\u00a0un <strong>all\u00e8gement du protocole <\/strong>de d\u00e9pistage des personnes cas contacts Covid. A partir du<strong> 28 f\u00e9vrier <\/strong>: les<strong> personnes contacts (vaccin\u00e9s et enfants) n&rsquo;ont plus \u00e0 r\u00e9aliser qu&rsquo;un seul test <\/strong>(autotest ou test antig\u00e9nique ou test RT-<strong>PCR<\/strong>) \u00e0 J+2 <strong>au lieu de trois <\/strong>\u00e0 J0, J2\u00a0et J4.\u00a0M\u00eame chose <strong>pour les enfants cas contacts \u00e0 l&rsquo;\u00e9cole.<\/strong>\u00a0Les r\u00e8gles ne changent pas pour les non vaccin\u00e9s. Dans le cas d&rsquo;un <strong>autotest positif,<\/strong> la personne doit toujours\u00a0faire un <strong>test antig\u00e9nique ou un test RT-PCR de confirmation<\/strong>. <em>\u00ab\u00a0Les r\u00e8gles <strong>d&rsquo;isolement <\/strong>demeurent inchang\u00e9es\u00a0\u00bb <\/em>pr\u00e9cise le communiqu\u00e9. <strong>Vaccin\u00e9s, non vaccin\u00e9s, enfants de moins de 12 ans, cas contact apr\u00e8s avoir eu le covid<\/strong>&#8230; Le point sur le nouveau protocole.<\/p>\n<p>Par d\u00e9finition, un cas contact est une personne qui a \u00e9t\u00e9<strong> au contact d&rsquo;un cas positif \u00e0 la Covid-19<\/strong>\u00a0<strong>en l&rsquo;absence de mesures de protection efficaces, quelle que soit la dur\u00e9e.<\/strong>\u00a0Si vous avez\u00a0<strong>d\u00e9j\u00e0 eu la Covid<\/strong>\u00a0il y a\u00a0<strong>moins de 2\u00a0mois<\/strong>, alors vous n&rsquo;\u00eates\u00a0<strong>pas consid\u00e9r\u00e9<\/strong>\u00a0comme cas contact, rappelle le site du gouvernement <a href=\"https:\/\/mesconseilscovid.sante.gouv.fr\/cas-contact-a-risque.html\" target=\"_blank\" rel=\"noopener\">MesconseilsCovid<\/a>.<\/p>\n<p>\u25ba<strong> Sont consid\u00e9r\u00e9s comme des mesures de protection efficaces\u00a0<\/strong>:<\/p>\n<ul>\n<li>S\u00e9paration physique isolant la personne-contact du cas confirm\u00e9 ou probable en cr\u00e9ant deux espaces ind\u00e9pendants (vitre, Hygiaphone\u00ae);<\/li>\n<li><strong>Masque chirurgical, ou masque FFP2, <\/strong>ou en tissu \u00a0\u00bb grand public filtration sup\u00e9rieure \u00e0 90% \u00a0\u00bb (correspondant \u00e0 la cat\u00e9gorie 1\u00a0(AFNOR)), port\u00e9 par le cas confirm\u00e9 ou probable OU la personne-contact.<\/li>\n<\/ul>\n<p><strong>\u25baNe sont pas consid\u00e9r\u00e9s comme mesures de protection efficaces<\/strong> :<\/p>\n<ul>\n<li>Masques en tissu grand public de cat\u00e9gorie 2\u00a0;<\/li>\n<li>Masques en tissu \u00a0\u00bb maison \u00a0\u00bb ou de fabrication artisanale ne r\u00e9pondant pas aux normes AFNOR ;<\/li>\n<li>Visi\u00e8res et masques en plastique transparent port\u00e9s seuls ;<\/li>\n<li>Plaque de plexiglas pos\u00e9e sur un comptoir, rideaux en plastique transparent s\u00e9parant clients et commer\u00e7ants.<\/li>\n<\/ul>\n<p>Apr\u00e8s avoir \u00e9t\u00e9 actualis\u00e9 d\u00e9but janvier 2022, le protocole de suivi des cas contacts Covid est all\u00e9g\u00e9 \u00e0 partir du 28 f\u00e9vrier comme le d\u00e9taille la <a href=\"https:\/\/solidarites-sante.gouv.fr\/IMG\/pdf\/dgs-urgent_no2022_31_evolution_du_depistage_et_de_l_isolement-2.pdf\" target=\"_blank\" rel=\"noopener\">Direction G\u00e9n\u00e9rale de Sant\u00e9<\/a> :\u00a0<\/p>\n<table border=\"1\" cellpadding=\"1\" cellspacing=\"1\" style=\"width:100%;\">\n<thead>\n<tr>\n<th scope=\"col\">Cas contact vaccin\u00e9 et enfant de moins de 12 ans<\/th>\n<th scope=\"col\">Cas contact non vaccin\u00e9 ou incompl\u00e8tement<\/th>\n<\/tr>\n<\/thead>\n<tbody>\n<tr>\n<td>\n<ul>\n<li>Pas de quarantaine<\/li>\n<li>T\u00e9l\u00e9travail si possible<\/li>\n<li>R\u00e9alisation d&rsquo;un test antig\u00e9nique (TAG), PCR ou autotest \u00e0 J+2 de la date d&rsquo;information d&rsquo;\u00eatre contact<\/li>\n<\/ul>\n<\/td>\n<td>\n<ul>\n<li>Quarantaine de 7 jours apr\u00e8s la date du dernier contact avec le cas (7 jours pleins).<\/li>\n<li>Lev\u00e9e de la quarantaine avec un r\u00e9sultat de test antig\u00e9nique ou PCR n\u00e9gatif.<\/li>\n<li>Si le test est positif, la personne est un cas confirm\u00e9 et doit s&rsquo;isoler.<\/li>\n<\/ul>\n<\/td>\n<\/tr>\n<\/tbody>\n<\/table>\n<p>Le gouvernement a all\u00e9g\u00e9 le protocole de d\u00e9pistage des cas contacts le 11 f\u00e9vrier avec une entr\u00e9e en vigueur des nouvelles mesures \u00e0 partir du 28 f\u00e9vrier.\u00a0<\/p>\n<table border=\"1\" cellpadding=\"1\" cellspacing=\"1\" style=\"width:100%;\">\n<thead>\n<tr>\n<th scope=\"col\">Cas contact vaccin\u00e9 et enfant de moins de 12\u00a0ans<\/th>\n<th scope=\"col\">Cas contact non vaccin\u00e9 ou incompl\u00e8tement<\/th>\n<\/tr>\n<tr>\n<td>\n<ul>\n<li>Pas de quarantaine<\/li>\n<li>T\u00e9l\u00e9travail si possible<\/li>\n<li>R\u00e9alisation d&rsquo;un test antig\u00e9nique (TAG), PCR ou autotest \u00e0 J+2\u00a0de la date d&rsquo;information d&rsquo;\u00eatre contact<\/li>\n<\/ul>\n<\/td>\n<td>\n<ul>\n<li>Quarantaine de 7\u00a0jours apr\u00e8s la date du dernier contact avec le cas (7\u00a0jours pleins).<\/li>\n<li>Lev\u00e9e de la quarantaine avec un r\u00e9sultat de test antig\u00e9nique ou PCR n\u00e9gatif.<\/li>\n<li>Si le test est positif, la personne est un cas confirm\u00e9 et doit s&rsquo;isoler.<\/li>\n<\/ul>\n<\/td>\n<\/tr>\n<\/thead>\n<\/table>\n<p>Si vous avez\u00a0<strong>d\u00e9j\u00e0 eu la Covid<\/strong>\u00a0il y a\u00a0<strong>moins de 2\u00a0mois<\/strong>, alors vous n&rsquo;\u00eates\u00a0<strong>pas consid\u00e9r\u00e9<\/strong>\u00a0comme cas contact, rappelle le site du gouvernement <a href=\"https:\/\/mesconseilscovid.sante.gouv.fr\/cas-contact-a-risque.html\" target=\"_blank\" rel=\"noopener\">MesconseilsCovid<\/a>. Cette r\u00e8gle vaut pour les adultes et les enfants.<\/p>\n<p>Pour les personnes cas contact ayant un sch\u00e9ma vaccinal complet (avec rappel) :<\/p>\n<ul>\n<li><strong>plus d&rsquo;isolement<\/strong><\/li>\n<li>r\u00e9alisation d&rsquo;un test antig\u00e9nique (TAG), PCR ou autotest \u00e0 J+2\u00a0de la date d&rsquo;information d&rsquo;\u00eatre contact.\u00a0Si la personne contact choisit de r\u00e9aliser un <strong>autotest, elle doit se rendre en pharmacie<\/strong>, le cas \u00e9ch\u00e9ant avec pr\u00e9sentation d&rsquo;un document justifiant de son statut de personne contact \u00e0 risque (SMS\/mail de l&rsquo;Assurance maladie, courrier de l&rsquo;Education Nationale, ou attestation sur l&rsquo;honneur justifiant \u00eatre personne contact)<\/li>\n<li>En cas d&rsquo;autotest positif, il convient de confirmer le r\u00e9sultat par un test antig\u00e9nique ou\u00a0un test RT-PCR.<\/li>\n<li>Si le test est positif, la personne est contamin\u00e9e par le covid et doit<strong> s&rsquo;isoler 7 jours\u00a0<\/strong>apr\u00e8s la date du d\u00e9but des signes ou la date du pr\u00e9l\u00e8vement du test positif ou 5 jours si elle pr\u00e9sente un test n\u00e9gatif \u00e0 ce moment-l\u00e0.<\/li>\n<\/ul>\n<p>Pour les personnes cas contact ayant un sch\u00e9ma vaccinal incomplet et pour les personnes cas contacts non-vaccin\u00e9s :<\/p>\n<ul>\n<li><strong>isolement d&rsquo;une dur\u00e9e de 7\u00a0jours <\/strong>(pleins) \u00e0 compter de la date du dernier contact.<\/li>\n<li><strong>test antig\u00e9nique ou RT-PCR au bout des 7 jours.<\/strong> Si le test est\u00a0n\u00e9gatif, l&rsquo;isolement prend fin.<\/li>\n<li>Si le test est positif, la personne est contamin\u00e9e par le covid et <strong>doit s&rsquo;isoler 10 jours\u00a0<\/strong>apr\u00e8s la date du d\u00e9but des signes ou la date du pr\u00e9l\u00e8vement du test positif (elle peut sortir au bout de 7 jours si elle effectue un test antig\u00e9nique ou PCR qui n\u00e9gatif).<\/li>\n<\/ul>\n<div style=\"text-align:center\">\n<figure class=\"image\" style=\"display:inline-block\"><a class=\"fancy\" href=\"https:\/\/img-3.journaldesfemmes.fr\/ozIoEdU9LShvWDw5DxkyVJhLQbw=\/1080x\/smart\/b8dce5ca6d914d09938bba3d1486770c\/ccmcms-jdf\/31191959.png\"><img decoding=\"async\" alt=\"Personnes contact asymptomatiques non vaccin\u00e9es ou ayant un sch\u00e9ma vaccinal incomplet au 18 janvier 2022\" src=\"https:\/\/img-3.journaldesfemmes.fr\/mjERCj2ryHDiM6-4Y137sbSY9EU=\/600x\/smart\/b8dce5ca6d914d09938bba3d1486770c\/ccmcms-jdf\/31191959.png\"\/><\/a><figcaption data-credit=\"HAS\" data-legend=\"Personnes contact asymptomatiques non vaccin\u00e9es ou ayant un sch\u00e9ma vaccinal incomplet au 18 janvier 2022\">Personnes contact asymptomatiques non vaccin\u00e9es ou ayant un sch\u00e9ma vaccinal incomplet au 18 janvier 2022 <small>\u00a9\u00a0HAS<\/small><\/figcaption><\/figure>\n<\/div>\n<p>Les dur\u00e9es d&rsquo;isolement des cas contacts ont chang\u00e9 \u00e0 partir du 3 janvier 2022.<\/p>\n<table border=\"1\" cellpadding=\"1\" cellspacing=\"1\" style=\"width:100%;\">\n<thead>\n<tr>\n<th scope=\"col\">Cas contacts vaccin\u00e9s et enfants de moins de 12 ans<\/th>\n<th scope=\"col\">Cas contacts non vaccin\u00e9s<\/th>\n<\/tr>\n<\/thead>\n<tbody>\n<tr>\n<td>Pas d&rsquo;isolement : l&rsquo;isolement est remplac\u00e9 par un test \u00e0 J+2. L&rsquo;isolement n&rsquo;intervient que si le tests est positif.<\/td>\n<td>Isolement de 7 jours d&rsquo;office.<\/td>\n<\/tr>\n<\/tbody>\n<\/table>\n<p>A partir du 28 f\u00e9vrier l&rsquo;enfant cas contact ne doit r\u00e9aliser qu&rsquo;<strong>un seul test de d\u00e9pistage \u00e0 J+2<\/strong>. M\u00eame chose \u00e0 l&rsquo;\u00e9cole o\u00f9 le protocole sanitaire repasse\u00a0au niveau 2 apr\u00e8s le retour des vacances.\u00a0L&rsquo;attestation sur l&rsquo;honneur des parents n&rsquo;est\u00a0plus exig\u00e9e.\u00a0Ils ne sont pas tenus de s&rsquo;isoler.<em> <\/em>Les autotests pour les\u00a0enfants de moins de 12\u00a0ans\u00a0sont pris en charge par l&rsquo;assurance maladie et <strong>d\u00e9livr\u00e9s gratuitement en officine pharmaceutique<\/strong>.<\/p>\n<p>Les membres du foyer d&rsquo;une personne test\u00e9e positive au coronavirus sont consid\u00e9r\u00e9es comme cas contact. D\u00e8s lors, si elles sont vaccin\u00e9es elles doivent se faire tester par test PCR,\u00a0antig\u00e9nique ou autotest \u00e0 J+2.\u00a0Ce test est gratuit puisqu&rsquo;elles sont cas-contacts. Selon les\u00a0 consignes g\u00e9n\u00e9rales donn\u00e9es par le gouvernement (qui ne font plus de distinction pour les membres d&rsquo;une famille) :\u00a0<\/p>\n<ul>\n<li><strong>Si le test est n\u00e9gatif et que la personne contact est vaccin\u00e9e ou qu&rsquo;elle a moins de 12 ans, elle n&rsquo;a pas besoin de s&rsquo;isoler.<\/strong><\/li>\n<li><strong>Si le test est positif,<\/strong> l&rsquo;isolement se met en place : 7 jours pour une personne vaccin\u00e9e\u00a0ou 10 jours si la personne n&rsquo;est pas vaccin\u00e9e ou que son sch\u00e9ma vaccinal\u00a0est incomplet.\u00a0En cas d&rsquo;autotest positif, il convient de confirmer le r\u00e9sultat par un test antig\u00e9nique ou\u00a0un test RT-PCR.\u00a0\u00a0Les r\u00e8gles d&rsquo;isolement demeureront inchang\u00e9es.<\/li>\n<li><strong>Une personne non vaccin\u00e9e cas contact doit s&rsquo;isoler 7 jours et se tester au bout des 7 jours<\/strong>.<\/li>\n<\/ul>\n<h2 id=\"quand-se-faire-tester\">Quand se faire tester\u00a0?<\/h2>\n<p>A compter du\u00a028 f\u00e9vrier, les cas contacts doivent r\u00e9aliser un test de d\u00e9pistage du Covid (antig\u00e9nique, PCR ou autotest)<strong> \u00e0 J+2 du jour o\u00f9 elles apprennent qu&rsquo;elles sont cas contacts<\/strong> selon les directives de la <a href=\"https:\/\/solidarites-sante.gouv.fr\/IMG\/pdf\/dgs-urgent_no2022_31_evolution_du_depistage_et_de_l_isolement-2.pdf\" target=\"_blank\" rel=\"noopener\">DGS<\/a>. M\u00eame chose pour les enfants.\u00a0Dans le cas d&rsquo;un autotest positif, la personne devra faire un test antig\u00e9nique ou un test RT-PCR de confirmation. Les r\u00e8gles d&rsquo;isolement demeurent inchang\u00e9es.\u00a0Les personnes<strong> cas contacts non vaccin\u00e9es <\/strong>s&rsquo;isolent 7 jours et r\u00e9alisent un test antig\u00e9nique ou PCR au bout des 7 jours pour lever leur isolement si le r\u00e9sultat est n\u00e9gatif. Les<strong> tests sont gratuits <\/strong>pour les personnes cas-contacts.<\/p>\n<div class=\"ccminsert\">\n<aside class=\"app_widget_fo app_widget_fo--call\">\n<ul>\n<li>\n                <a href=\"https:\/\/sante.journaldesfemmes.fr\/fiches-maladies\/2623965-test-covid-depistage-payant-prix-pcr-antigenique-autotest-resultat-pharmacie-positif-serologique\/\" class=\"jGTMWidgetGAEventClick\" data-gtmwidgetgaeventaction=\"clickWidgetCall\" data-gtmwidgetgaeventlabel=\"Test Covid\u00a0: antig\u00e9nique, pharmacie, autotest, positif, que faire\u00a0?\"><\/p>\n<figure>\n                                                                        <picture><source media=\"(max-width: 480px)\" srcset=\"https:\/\/img-3.journaldesfemmes.fr\/HPLiyabmft-MIS-hhYucBIXKln4=\/160x105\/smart\/71a6c827ca2b4f37adfebc1b54b8f6ab\/ccmcms-jdf\/31892190.jpg\" width=\"160\" height=\"105\"><img decoding=\"async\" src=\"https:\/\/img-3.journaldesfemmes.fr\/5eM-VFZFgmDCLfgEnBrPyr2qkhg=\/200x132\/smart\/71a6c827ca2b4f37adfebc1b54b8f6ab\/ccmcms-jdf\/31892190.jpg\" alt=\"\" width=\"200\" height=\"132\" loading=\"lazy\"\/><br \/>\n                            <\/source><\/picture><figcaption>\n<h3>Test Covid\u00a0: antig\u00e9nique, pharmacie, autotest, positif, que faire\u00a0?<\/h3>\n<p>Sympt\u00f4mes Covid, cas contact&#8230; Vous devez faire un test pour savoir si vous avez le Covid\u00a0? PCR, antig\u00e9nique, autotest, salivaire, en pharmacie, prix, positif, n\u00e9gatif, isolement\u00a0: voici notre guide pratique de d\u00e9pistage du coronavirus (adulte et enfant).<\/p>\n<\/figcaption><\/figure>\n<p>                <\/a>\n            <\/li>\n<\/ul>\n<\/aside>\n<\/div>\n<p><strong>\u25ba Si vous \u00eates cas contact : <\/strong>si vous choisissez\u00a0de r\u00e9aliser un autotest, vous devez vous\u00a0rendre en pharmacie, le cas \u00e9ch\u00e9ant avec pr\u00e9sentation d&rsquo;un document justifiant de votre statut de personne contact \u00e0 risque (SMS\/mail de l&rsquo;Assurance maladie, courrier de l&rsquo;Education Nationale, ou attestation sur l&rsquo;honneur justifiant \u00eatre personne contact).<\/p>\n<p><strong>\u25ba Si votre enfant est cas contact : <\/strong>vous pouvez retirer gratuitement son\u00a0autotest\u00a0en pharmacie sur pr\u00e9sentation de l&rsquo;attestation fournie par l&rsquo;\u00e9cole de l&rsquo;enfant pour indiquer son statut de cas contact.<\/p>\n<h2 id=\"que-faire-si-le-test-est-positif\">Que faire si le test est positif\u00a0?<\/h2>\n<p><strong>Si la personne cas contact a un test positif, elle est contamin\u00e9e par le Covid <\/strong>(un autotest positif doit \u00eatre confirm\u00e9 par un test antig\u00e9nique ou PCR).<\/p>\n<p><strong>\u25ba Pour les personnes positives ayant un sch\u00e9ma vaccinal complet\u00a0<\/strong>et <strong>pour les enfants de moins de 12\u00a0ans<\/strong> : l&rsquo;isolement est de<strong>\u00a07\u00a0jours <\/strong>(pleins) apr\u00e8s la date du d\u00e9but des signes ou la date du pr\u00e9l\u00e8vement du test positif. <strong>Au bout de 5\u00a0jours<\/strong>, la personne positive peut sortir d&rsquo;isolement si elle effectue un test antig\u00e9nique et celui-ci est n\u00e9gatif et si\u00a0elle n&rsquo;a plus de signes cliniques d&rsquo;infection depuis 48h.\u00a0Si le test r\u00e9alis\u00e9 est positif ou si la personne ne r\u00e9alise pas de test, son isolement est maintenu \u00e0 7\u00a0jours. Elle ne r\u00e9alise pas un second test \u00e0 J7.<\/p>\n<p><strong>\u25ba Pour les personnes positives ayant un sch\u00e9ma vaccinal incomplet et pour les personnes non-vaccin\u00e9es : <\/strong>l&rsquo;isolement est de<strong> 10\u00a0jours<\/strong> (pleins) apr\u00e8s la date du d\u00e9but des signes ou la date du pr\u00e9l\u00e8vement du test positif. Au bout de 7\u00a0jours, la personne positive peut sortir d&rsquo;isolement si elle effectue un test antig\u00e9nique ou PCR et celui-ci est n\u00e9gatif et si\u00a0elle n&rsquo;a plus de signes cliniques d&rsquo;infection depuis 48h.\u00a0Si le test est positif ou si la personne ne r\u00e9alise pas de test, l&rsquo;isolement est de 10\u00a0jours.<\/p>\n<h2 id=\"que-faire-si-le-test-est-negatif\">Que faire si le test est n\u00e9gatif\u00a0?<\/h2>\n<p>Les personnes cas contacts vaccin\u00e9es doivent r\u00e9aliser un test \u00e0 J+2 du jour o\u00f9 elles apprennent qu&rsquo;elles sont cas contact. Si ce test est n\u00e9gatif, elles continuent de respecter les gestes barri\u00e8res. Les cas contacts vaccin\u00e9s n&rsquo;ont pas \u00e0 s&rsquo;isoler<strong>.\u00a0<\/strong><\/p>\n<p>Les r\u00e8gles pour avoir un arr\u00eat de travail si on est cas contact ont \u00e9volu\u00e9 avec la mise en place du nouveau protocole en janvier 2022. Ainsi, vous ne pouvez pas effectuer une demande d&rsquo;arr\u00eat de travail li\u00e9 au Covid dans les situations suivantes\u00a0: :<\/p>\n<ul>\n<li><strong>Si vous avez un sch\u00e9ma vaccinal complet<\/strong> au sens du passe sanitaire ou vaccinal et que vous n&rsquo;\u00eates pas immunod\u00e9prim\u00e9 grave, vous n&rsquo;\u00eates pas soumis \u00e0 l&rsquo;isolement et ne pouvez donc pr\u00e9tendre \u00e0 un arr\u00eat de travail m\u00eame si vous n&rsquo;avez pas \u00e9t\u00e9 travaill\u00e9 en attendant d&rsquo;aller passer votre test de d\u00e9pistage. Le <strong>gouvernement ne pr\u00e9conise plus l&rsquo;isolement des personnes vaccin\u00e9es m\u00eame en attendant de se faire tester et d&rsquo;avoir son r\u00e9sultat.<\/strong><\/li>\n<li><strong>Si vous venez d&rsquo;\u00eatre test\u00e9 positif au Covid-19\u00a0: <\/strong>votre arr\u00eat de travail sera prescrit par l&rsquo;Assurance Maladie au titre des actions de contact-tracing ou vous pouvez le demander sur le t\u00e9l\u00e9service d\u00e9di\u00e9\u00a0<a href=\"https:\/\/declare.ameli.fr\/patient-positif\/conditions\" target=\"_blank\" rel=\"noopener\">\u00a0\u00bb patient positif \u00a0\u00bb\u00a0<\/a>.<\/li>\n<li><strong>Si vous avez \u00e9t\u00e9 test\u00e9 positif au Covid-19\u00a0<\/strong>dans les deux derniers mois\u00a0: vous n&rsquo;\u00eates pas consid\u00e9r\u00e9 comme cas contact \u00e0 risque.<\/li>\n<li><strong>Si vous avez \u00e9t\u00e9 plac\u00e9 en activit\u00e9 partielle\u00a0<\/strong>: vous ne pouvez pas b\u00e9n\u00e9ficier d&rsquo;un arr\u00eat de travail.<\/li>\n<li><strong>Si vous \u00eates salari\u00e9, soignant ou non-soignant, <\/strong>d&rsquo;un \u00e9tablissement de sant\u00e9 ou d&rsquo;un \u00e9tablissement m\u00e9dico-social ou d&rsquo;un centre de l&rsquo;\u00c9tablissement Fran\u00e7ais du Sang, professionnel de sant\u00e9 de ville ou autre structure relevant de l&rsquo;accompagnement social et m\u00e9dico-social\u00a0: vous ne pouvez pas b\u00e9n\u00e9ficier d&rsquo;un arr\u00eat et devez prendre contact avec votre employeur ou la m\u00e9decine du travail de votre \u00e9tablissement.<\/li>\n<li><strong>Exception :\u00a0si vous \u00eates cas contact de votre enfant <\/strong>cas confirm\u00e9 de moins de 16\u00a0ans, vous pouvez demander un arr\u00eat sur <a href=\"https:\/\/declare.ameli.fr\/cas-contact\/conditions\" target=\"_blank\" rel=\"noopener\">Declare-Ameli.fr<\/a>\u00a0pour la dur\u00e9e de l&rsquo;isolement de votre enfant\u00a0: jusqu&rsquo;\u00e0 7\u00a0jours \u00e0 partir du d\u00e9but des sympt\u00f4mes ou de la date de pr\u00e9l\u00e8vement si votre enfant n&rsquo;a pas de sympt\u00f4mes, jusqu&rsquo;\u00e0 10\u00a0jours pour un enfant non vaccin\u00e9 de 12\u00a0\u00e0 16\u00a0ans ou sans limite d&rsquo;\u00e2ge pour les enfants handicap\u00e9s (un contr\u00f4le sera effectu\u00e9 par l&rsquo;Assurance Maladie).\n<\/li>\n<\/ul>\n<p><u>Sources :\u00a0<\/u><\/p>\n<p>Evolution de la strat\u00e9gie de d\u00e9pistage et d&rsquo;isolement des cas de Covid-19 et des personnes contacts, DGS, 24 f\u00e9vrier 2022<\/p>\n<p>Am\u00e9lioration de la situation sanitaire\u00a0: suite \u00e0 un avis du Haut Conseil de la sant\u00e9 publique rendu public aujourd&rsquo;hui, le Gouvernement annonce un all\u00e8gement du protocole sanitaire \u00e0 compter du 28\u00a0f\u00e9vrier. 11 f\u00e9vrier 2022<\/p>\n<p>Infection ou cas contact\u00a0: les nouvelles r\u00e8gles d&rsquo;isolement face au Covid-19\u00a0\u00e0 partir du 3\u00a0janvier 2022.\u00a002\/01\/2022. Gouvernement.fr<\/p>\n<p>Nouvelles doctrines pour l&rsquo;isolement des cas de Covid-19 et la quarantaine des personnes contacts. 2\/01\/2022<\/p>\n<p>Dispositif d&rsquo;indemnisation des interruptions de travail des salari\u00e9s et des non-salari\u00e9s. 16 novembre 2021. Ameli.fr<\/p>\n<p>D\u00e9finition de cas d&rsquo;infection au SARS-CoV-2\u00a0(COVID-19) et de contact \u00e0 risque Mise \u00e0 jour le 22\/07\/2021<\/p>\n<\/p><\/div>\n<p>[ad_2]<br \/>\n<br \/><a href=\"https:\/\/sante.journaldesfemmes.fr\/fiches-maladies\/2661027-cas-contact-nouveau-protocole-definition-isolement-que-faire-autotest\/\">Source link <\/a><\/p>\n","protected":false},"excerpt":{"rendered":"<p>[ad_1] Le d\u00e9pistage des cas contacts Covid s&rsquo;all\u00e8ge \u00e0 partir du 28\u00a0f\u00e9vrier. D\u00e9sormais, un seul test est \u00e0 r\u00e9aliser \u00e0 &hellip; <a href=\"http:\/\/www.affinite.fr\/index.php\/2022\/02\/28\/nouveau-protocole-autotest-que-faire\/\" class=\"more-link\">Plus <span class=\"screen-reader-text\">nouveau protocole, autotest, que faire\u00a0?<\/span> <span class=\"meta-nav\">&rarr;<\/span><\/a><\/p>\n","protected":false},"author":1,"featured_media":7512,"comment_status":"","ping_status":"open","sticky":false,"template":"","format":"standard","meta":{"_sitemap_exclude":false,"_sitemap_priority":"","_sitemap_frequency":"","footnotes":""},"categories":[1],"tags":[],"class_list":["post-7511","post","type-post","status-publish","format-standard","has-post-thumbnail","hentry","category-tous"],"_links":{"self":[{"href":"http:\/\/www.affinite.fr\/index.php\/wp-json\/wp\/v2\/posts\/7511"}],"collection":[{"href":"http:\/\/www.affinite.fr\/index.php\/wp-json\/wp\/v2\/posts"}],"about":[{"href":"http:\/\/www.affinite.fr\/index.php\/wp-json\/wp\/v2\/types\/post"}],"author":[{"embeddable":true,"href":"http:\/\/www.affinite.fr\/index.php\/wp-json\/wp\/v2\/users\/1"}],"replies":[{"embeddable":true,"href":"http:\/\/www.affinite.fr\/index.php\/wp-json\/wp\/v2\/comments?post=7511"}],"version-history":[{"count":0,"href":"http:\/\/www.affinite.fr\/index.php\/wp-json\/wp\/v2\/posts\/7511\/revisions"}],"wp:featuredmedia":[{"embeddable":true,"href":"http:\/\/www.affinite.fr\/index.php\/wp-json\/wp\/v2\/media\/7512"}],"wp:attachment":[{"href":"http:\/\/www.affinite.fr\/index.php\/wp-json\/wp\/v2\/media?parent=7511"}],"wp:term":[{"taxonomy":"category","embeddable":true,"href":"http:\/\/www.affinite.fr\/index.php\/wp-json\/wp\/v2\/categories?post=7511"},{"taxonomy":"post_tag","embeddable":true,"href":"http:\/\/www.affinite.fr\/index.php\/wp-json\/wp\/v2\/tags?post=7511"}],"curies":[{"name":"wp","href":"https:\/\/api.w.org\/{rel}","templated":true}]}}