{"id":7508,"date":"2022-02-26T21:30:57","date_gmt":"2022-02-26T21:30:57","guid":{"rendered":"https:\/\/www.affinite.fr\/index.php\/2022\/02\/26\/lea-seydoux-ose-une-tenue-surprenante-lors-des-cesar\/"},"modified":"2022-02-26T21:30:57","modified_gmt":"2022-02-26T21:30:57","slug":"lea-seydoux-ose-une-tenue-surprenante-lors-des-cesar","status":"publish","type":"post","link":"http:\/\/www.affinite.fr\/index.php\/2022\/02\/26\/lea-seydoux-ose-une-tenue-surprenante-lors-des-cesar\/","title":{"rendered":"L\u00e9a Seydoux ose une tenue surprenante lors des C\u00e9sar"},"content":{"rendered":"<p> [ad_1]<br \/>\n<br \/><img decoding=\"async\" src=\"https:\/\/img-3.journaldesfemmes.fr\/ynGH-fCHCd6s4-Ax8vPpfToJqFo=\/1280x\/smart\/e979927e1ebe421f848fbb0afc592b92\/ccmcms-jdf\/32231853.jpg\" \/><\/p>\n<p>\n                Sur le tapis rouge de la 47\u00e8me c\u00e9r\u00e9monie des C\u00e9sar, ce vendredi 25\u00a0f\u00e9vrier, L\u00e9a Seydoux a une nouvelle fois d\u00e9voil\u00e9 l&rsquo;\u00e9tendue de son style dans une cape majestueuse.            <\/p>\n<div>\n<p>Encore un sans-faute pour <a href=\"https:\/\/www.journaldesfemmes.fr\/people\/lea-seydoux\/\" title=\"L\u00e9a Seydoux\">L\u00e9a Seydoux<\/a> !\u00a0Nomm\u00e9e \u00e0 la 47<sup><span style=\"font-size: 12px;\">\u00e8me<\/span><\/sup>\u00a0c\u00e9r\u00e9monie des\u00a0C\u00e9sar\u00a0dans la cat\u00e9gorie meilleure actrice, la star a pris la pose devant les photographes sur le tapis rouge. Un moment m\u00e9morable qu&rsquo;il fallait honorer par une tenue\u00a0grandiose.\u00a0Pour l&rsquo;occasion, l&rsquo;actrice s&rsquo;est tourn\u00e9e vers un <strong>look en noir et blanc<\/strong>\u00a0sign\u00e9\u00a0<strong><a href=\"https:\/\/www.journaldesfemmes.fr\/mode\/conseils-mode\/2736215-louis-vuitton-virgil-abloh-defile-automne-hiver-2022-2023\/\" title=\"Vuitton\">Louis Vuitton<\/a><\/strong>.\u00a0\u00c9g\u00e9rie de la maison fran\u00e7aise, elle a fait forte impression en optant pour ce <strong>style\u00a0glamour<\/strong>. Contrairement \u00e0 C\u00e9cile de France ou Amira Casar, la jeune femme n&rsquo;a pas mis\u00e9 sur un costume classique mais sur une longue robe bustier noire, resserr\u00e9e \u00e0 la taille\u00a0et orn\u00e9e d&rsquo;une cape vaporeuse \u00e0 pois.\u00a0Et pour que son look soit parfait, L\u00e9a Seydoux\u00a0n&rsquo;a pas fait l&rsquo;impasse sur les accessoires. Coupe \u00e0 la gar\u00e7onne, rouge \u00e0 l\u00e8vres flamboyant et&#8230;\u00a0Paire de boucles d&rsquo;oreilles en diamants,\u00a0de la collection de haute joaillerie Louis Vuitton. Sobre et \u00e9pur\u00e9, le look n&rsquo;avait pas besoin de plus pour se d\u00e9marquer.\u00a0<\/p>\n<h2>Des invit\u00e9s \u00e0 la pointe de la mode<\/h2>\n<p>La traditionnelle grand-messe du cin\u00e9ma fran\u00e7ais est aussi, et surtout, un <strong>d\u00e9fil\u00e9 de stars en tenue de gala<\/strong>.\u00a0Il y a celles\u00a0qui ne jurent que par le noir\u00a0comme Le\u00efla Bekhti, Virginie Efira, Ad\u00e8le Exarchopoulos ou encore Virginie Lemercier et celles\u00a0qui ont os\u00e9 la couleur. Valeria\u00a0Bruni Tedeschi\u00a0a, par exemple, illumin\u00e9 le tapis rouge dans une robe en satin rose tandis que No\u00e9e Abita a\u00a0opt\u00e9 pour une tenue vert \u00e9meraude.\u00a0<\/p>\n<p>Et L\u00e9a Seydoux n&rsquo;\u00e9tait pas la seule \u00e0 avoir fait confiance \u00e0 Louis Vuitton. La griffe avait aussi ses dignes repr\u00e9sentantes en les personnes de Cate Blanchett et d&rsquo;Agathe Rousselle. Cette derni\u00e8re \u00e9tait v\u00eatue d&rsquo;une robe sur-mesure en dentelle, brod\u00e9e de sequins et de paillettes et accessoiris\u00e9e d&rsquo;un col blanc et ruban en velours noir. Aucun fashion faux pas en vue\u00a0!<\/p>\n<\/p><\/div>\n<p>[ad_2]<br \/>\n<br \/><a href=\"https:\/\/www.journaldesfemmes.fr\/mode\/magazine-mode\/2788751-lea-seydoux-ose-la-cape-sur-tapis-rouge\/\">Source link <\/a><\/p>\n","protected":false},"excerpt":{"rendered":"<p>[ad_1] Sur le tapis rouge de la 47\u00e8me c\u00e9r\u00e9monie des C\u00e9sar, ce vendredi 25\u00a0f\u00e9vrier, L\u00e9a Seydoux a une nouvelle fois &hellip; <a href=\"http:\/\/www.affinite.fr\/index.php\/2022\/02\/26\/lea-seydoux-ose-une-tenue-surprenante-lors-des-cesar\/\" class=\"more-link\">Plus <span class=\"screen-reader-text\">L\u00e9a Seydoux ose une tenue surprenante lors des C\u00e9sar<\/span> <span class=\"meta-nav\">&rarr;<\/span><\/a><\/p>\n","protected":false},"author":1,"featured_media":7509,"comment_status":"","ping_status":"open","sticky":false,"template":"","format":"standard","meta":{"_sitemap_exclude":false,"_sitemap_priority":"","_sitemap_frequency":"","footnotes":""},"categories":[1],"tags":[],"class_list":["post-7508","post","type-post","status-publish","format-standard","has-post-thumbnail","hentry","category-tous"],"_links":{"self":[{"href":"http:\/\/www.affinite.fr\/index.php\/wp-json\/wp\/v2\/posts\/7508"}],"collection":[{"href":"http:\/\/www.affinite.fr\/index.php\/wp-json\/wp\/v2\/posts"}],"about":[{"href":"http:\/\/www.affinite.fr\/index.php\/wp-json\/wp\/v2\/types\/post"}],"author":[{"embeddable":true,"href":"http:\/\/www.affinite.fr\/index.php\/wp-json\/wp\/v2\/users\/1"}],"replies":[{"embeddable":true,"href":"http:\/\/www.affinite.fr\/index.php\/wp-json\/wp\/v2\/comments?post=7508"}],"version-history":[{"count":0,"href":"http:\/\/www.affinite.fr\/index.php\/wp-json\/wp\/v2\/posts\/7508\/revisions"}],"wp:featuredmedia":[{"embeddable":true,"href":"http:\/\/www.affinite.fr\/index.php\/wp-json\/wp\/v2\/media\/7509"}],"wp:attachment":[{"href":"http:\/\/www.affinite.fr\/index.php\/wp-json\/wp\/v2\/media?parent=7508"}],"wp:term":[{"taxonomy":"category","embeddable":true,"href":"http:\/\/www.affinite.fr\/index.php\/wp-json\/wp\/v2\/categories?post=7508"},{"taxonomy":"post_tag","embeddable":true,"href":"http:\/\/www.affinite.fr\/index.php\/wp-json\/wp\/v2\/tags?post=7508"}],"curies":[{"name":"wp","href":"https:\/\/api.w.org\/{rel}","templated":true}]}}